{"id":50126,"date":"2026-05-03T10:51:43","date_gmt":"2026-05-03T10:51:43","guid":{"rendered":"https:\/\/radiojehona.mk\/?p=50126"},"modified":"2026-05-03T10:51:43","modified_gmt":"2026-05-03T10:51:43","slug":"inteligjenca-artificiale-parashikohet-te-krijoje-69-mln-vende-te-reja-pune-deri-ne-vitin-2028","status":"publish","type":"post","link":"https:\/\/radiojehona.mk\/?p=50126","title":{"rendered":"Inteligjenca Artificiale parashikohet t\u00eb krijoj\u00eb 69 mln vende t\u00eb reja pune deri n\u00eb vitin 2028"},"content":{"rendered":"\n<figure class=\"wp-block-image size-large\"><img fetchpriority=\"high\" decoding=\"async\" width=\"1024\" height=\"683\" src=\"https:\/\/radiojehona.mk\/wp-content\/uploads\/2026\/05\/SINGLE_USE_AI_BING-1024x683.jpg\" alt=\"\" class=\"wp-image-50127\" srcset=\"https:\/\/radiojehona.mk\/wp-content\/uploads\/2026\/05\/SINGLE_USE_AI_BING-1024x683.jpg 1024w, https:\/\/radiojehona.mk\/wp-content\/uploads\/2026\/05\/SINGLE_USE_AI_BING-300x200.jpg 300w, https:\/\/radiojehona.mk\/wp-content\/uploads\/2026\/05\/SINGLE_USE_AI_BING-768x512.jpg 768w, https:\/\/radiojehona.mk\/wp-content\/uploads\/2026\/05\/SINGLE_USE_AI_BING.jpg 1200w\" sizes=\"(max-width: 1024px) 100vw, 1024px\" \/><\/figure>\n\n\n\n<p>Frika nga humbjet e&nbsp;vendeve t\u00eb pun\u00ebs&nbsp;n\u00eb shkall\u00eb t\u00eb gjer\u00eb&nbsp;&nbsp;dhe&nbsp;papun\u00ebsia si rezultat i p\u00ebrdorimit t\u00eb aplikacioneve t\u00eb&nbsp;inteligjenc\u00ebs artificiale&nbsp;&nbsp;(IA) nga bizneset nuk \u00ebsht\u00eb konfirmuar deri m\u00eb tani, si\u00e7 tregojn\u00eb studimet e kryera n\u00eb&nbsp;Evrop\u00eb&nbsp;dhe&nbsp;SHBA.<\/p>\n\n\n\n<figure class=\"wp-block-image\"><img decoding=\"async\" src=\"https:\/\/ads.balkanweb.com\/www\/delivery\/lg.php?bannerid=0&amp;campaignid=0&amp;zoneid=426&amp;loc=https%3A%2F%2Fwww.balkanweb.com%2Finteligjenca-artificiale-parashikohet-te-krijoje-69-mln-vende-te-reja-pune-deri-ne-vitin-2028%2F&amp;referer=https%3A%2F%2Fwww.balkanweb.com%2Finteligjenca-artificiale-parashikohet-te-krijoje-69-mln-vende-te-reja-pune-deri-ne-vitin-2028%2F&amp;cb=eb0c23d425\" alt=\"\"\/><\/figure>\n\n\n\n<p>Ndryshimet n\u00eb tregun e pun\u00ebs v\u00ebrehen dhe pritet t\u00eb vazhdojn\u00eb m\u00eb fuqish\u00ebm, nd\u00ebrsa p\u00ebrhapja e aplikacioneve t\u00eb reja t\u00eb IA-s\u00eb ndodh gradualisht, duke filluar me kompanit\u00eb m\u00eb t\u00eb m\u00ebdha q\u00eb kan\u00eb burimet p\u00ebr investimet e nevojshme. Megjithat\u00eb,&nbsp;pun\u00ebsimi i p\u00ebrgjithsh\u00ebm ka t\u00eb ngjar\u00eb t\u00eb rritet&nbsp;n\u00eb vend q\u00eb t\u00eb ulet si rezultat i k\u00ebtyre ndryshimeve.<\/p>\n\n\n\n<p>Nga nj\u00ebra an\u00eb,&nbsp;k\u00ebrkesa p\u00ebr profesione q\u00eb mund t\u00eb z\u00ebvend\u00ebsohen nga modelet krijuese t\u00eb IA-s\u00eb po zvog\u00eblohet&nbsp;, por nga ana tjet\u00ebr, k\u00ebrkesa p\u00ebr profesione t\u00eb reja q\u00eb lidhen me t\u00eb po rritet.<\/p>\n\n\n\n<p>Sipas nj\u00eb studimi nga Forumi Ekonomik Bot\u00ebror, IA pritet t\u00eb krijoj\u00eb&nbsp;69 milion\u00eb vende t\u00eb reja pune deri n\u00eb vitin 2028.<\/p>\n\n\n\n<figure class=\"wp-block-image\"><img decoding=\"async\" src=\"https:\/\/ads.balkanweb.com\/www\/delivery\/lg.php?bannerid=0&amp;campaignid=0&amp;zoneid=629&amp;loc=https%3A%2F%2Fwww.balkanweb.com%2Finteligjenca-artificiale-parashikohet-te-krijoje-69-mln-vende-te-reja-pune-deri-ne-vitin-2028%2F&amp;referer=https%3A%2F%2Fwww.balkanweb.com%2Finteligjenca-artificiale-parashikohet-te-krijoje-69-mln-vende-te-reja-pune-deri-ne-vitin-2028%2F&amp;cb=58db9b863c\" alt=\"\"\/><\/figure>\n\n\n\n<p>K\u00ebto k\u00ebrkojn\u00eb aft\u00ebsi n\u00eb fusha t\u00eb tilla si analiza e t\u00eb dh\u00ebnave, t\u00eb m\u00ebsuarit automatik dhe zhvillimi i softuer\u00ebve t\u00eb rinj, duke theksuar r\u00ebnd\u00ebsin\u00eb e arsimit \u2013 p\u00ebrmes studimeve universitare dhe programeve t\u00eb rikualifikimit \u2013 p\u00ebr t\u2019i fituar ato.<\/p>\n\n\n\n<p>Arsyeja m\u00eb e r\u00ebnd\u00ebsishme e p\u00ebrmendur nga ata q\u00eb parashikojn\u00eb se pun\u00ebsimi i p\u00ebrgjithsh\u00ebm do t\u00eb rritet me p\u00ebrdorimin e IA-s\u00eb \u00ebsht\u00eb rritja e produktivitetit q\u00eb ajo sjell, e cila \u00ebsht\u00eb tashm\u00eb e dukshme dhe pritet t\u00eb rritet m\u00eb tej n\u00eb t\u00eb ardhmen.<\/p>\n\n\n\n<p>Sa m\u00eb i lart\u00eb t\u00eb jet\u00eb produktiviteti, aq m\u00eb t\u00eb larta do t\u00eb jen\u00eb pagat reale dhe aq m\u00eb i fort\u00eb do t\u00eb jet\u00eb aktiviteti ekonomik, me nj\u00eb ndikim pozitiv n\u00eb nivelin e pun\u00ebsimit.<\/p>\n\n\n\n<p>Kjo ka qen\u00eb e v\u00ebrtet\u00eb gjat\u00eb periudhave t\u00eb ndryshimeve t\u00eb m\u00ebdha teknologjike n\u00eb t\u00eb kaluar\u00ebn, dhe mund t\u00eb supozohet n\u00eb m\u00ebnyr\u00eb t\u00eb arsyeshme se do t\u00eb jet\u00eb e v\u00ebrtet\u00eb n\u00eb t\u00eb ardhmen. McKinsey, p\u00ebr shembull, vler\u00ebson se IA mund t\u00eb kontribuoj\u00eb deri n\u00eb 13 trilion\u00eb dollar\u00eb n\u00eb ekonomin\u00eb globale deri n\u00eb vitin 2030.<\/p>\n\n\n\n<p>Sipas nj\u00eb ankete t\u00eb 12,000 bizneseve evropiane nga&nbsp;Qendra p\u00ebr K\u00ebrkime t\u00eb Politikave Ekonomike (CERP)&nbsp;, IA ka rritur produktivitetin me nj\u00eb mesatare prej 4%, por me ndryshime t\u00eb m\u00ebdha n\u00eb shp\u00ebrndarjen e p\u00ebrfitimeve.<\/p>\n\n\n\n<p>Fitimet m\u00eb t\u00eb m\u00ebdha u arrit\u00ebn nga bizneset e m\u00ebdha dhe t\u00eb mesme, si dhe ato q\u00eb ishin n\u00eb gjendje t\u00eb integronin IA-n\u00eb n\u00eb procesin e tyre t\u00eb prodhimit dhe kapitalin njer\u00ebzor.<\/p>\n\n\n\n<p>Morgan Stanley gjithashtu pret q\u00eb IA t\u00eb rris\u00eb produktivitetin dhe pagat reale.<\/p>\n\n\n\n<p>Ajo zbulon se papun\u00ebsia \u00ebsht\u00eb rritur pak n\u00eb kategorit\u00eb e pun\u00ebtor\u00ebve m\u00eb t\u00eb ekspozuar ndaj IA-s\u00eb.&nbsp;Papun\u00ebsia midis t\u00eb rinjve t\u00eb mosh\u00ebs 22-27 vje\u00e7, t\u00eb cil\u00ebt kan\u00eb m\u00eb shum\u00eb gjasa t\u00eb b\u00ebjn\u00eb pun\u00eb t\u00eb automatizuara&nbsp;, ka par\u00eb rritjen m\u00eb t\u00eb madhe q\u00eb nga viti 2023 n\u00eb profesionet m\u00eb t\u00eb prekshme ndaj IA-s\u00eb. Megjithat\u00eb, n\u00ebse p\u00ebrjashtojm\u00eb k\u00ebt\u00eb grupmosh\u00eb, ka pak prova t\u00eb p\u00ebr\u00e7arjes s\u00eb p\u00ebrhapur n\u00eb tregun e pun\u00ebs. Megjithat\u00eb, ekziston nj\u00eb burim shqet\u00ebsimi se kompanit\u00eb, kur paraqesin rezultatet e tyre financiare, po i referohen gjithnj\u00eb e m\u00eb shum\u00eb humbjeve t\u00eb vendeve t\u00eb pun\u00ebs p\u00ebr shkak t\u00eb IA-s\u00eb n\u00eb vend t\u00eb atyre t\u00eb reja.<\/p>\n","protected":false},"excerpt":{"rendered":"<p>Frika nga humbjet e&nbsp;vendeve t&euml; pun&euml;s&nbsp;n&euml; shkall&euml; t&euml; gjer&euml;&nbsp;&nbsp;dhe&nbsp;papun&euml;sia si rezultat i p&euml;rdorimit t&euml; aplikacioneve t&euml;&nbsp;inteligjenc&euml;s artificiale&nbsp;&nbsp;(IA) nga bizneset nuk &euml;sht&euml; konfirmuar deri m&euml; tani, si&ccedil; tregojn&euml; studimet e kryera n&euml;&nbsp;Evrop&euml;&nbsp;dhe&nbsp;SHBA. Ndryshimet n&euml; tregun e pun&euml;s v&euml;rehen dhe pritet t&euml; vazhdojn&euml; m&euml; fuqish&euml;m, nd&euml;rsa p&euml;rhapja e aplikacioneve t&euml; reja t&euml; IA-s&euml; ndodh gradualisht, duke filluar [&hellip;]<\/p>\n","protected":false},"author":2,"featured_media":50127,"comment_status":"open","ping_status":"closed","sticky":false,"template":"","format":"standard","meta":{"_monsterinsights_skip_tracking":false,"_monsterinsights_sitenote_active":false,"_monsterinsights_sitenote_note":"","_monsterinsights_sitenote_category":0,"footnotes":""},"categories":[1],"tags":[],"class_list":["post-50126","post","type-post","status-publish","format-standard","has-post-thumbnail","hentry","category-vendi"],"_links":{"self":[{"href":"https:\/\/radiojehona.mk\/index.php?rest_route=\/wp\/v2\/posts\/50126","targetHints":{"allow":["GET"]}}],"collection":[{"href":"https:\/\/radiojehona.mk\/index.php?rest_route=\/wp\/v2\/posts"}],"about":[{"href":"https:\/\/radiojehona.mk\/index.php?rest_route=\/wp\/v2\/types\/post"}],"author":[{"embeddable":true,"href":"https:\/\/radiojehona.mk\/index.php?rest_route=\/wp\/v2\/users\/2"}],"replies":[{"embeddable":true,"href":"https:\/\/radiojehona.mk\/index.php?rest_route=%2Fwp%2Fv2%2Fcomments&post=50126"}],"version-history":[{"count":1,"href":"https:\/\/radiojehona.mk\/index.php?rest_route=\/wp\/v2\/posts\/50126\/revisions"}],"predecessor-version":[{"id":50128,"href":"https:\/\/radiojehona.mk\/index.php?rest_route=\/wp\/v2\/posts\/50126\/revisions\/50128"}],"wp:featuredmedia":[{"embeddable":true,"href":"https:\/\/radiojehona.mk\/index.php?rest_route=\/wp\/v2\/media\/50127"}],"wp:attachment":[{"href":"https:\/\/radiojehona.mk\/index.php?rest_route=%2Fwp%2Fv2%2Fmedia&parent=50126"}],"wp:term":[{"taxonomy":"category","embeddable":true,"href":"https:\/\/radiojehona.mk\/index.php?rest_route=%2Fwp%2Fv2%2Fcategories&post=50126"},{"taxonomy":"post_tag","embeddable":true,"href":"https:\/\/radiojehona.mk\/index.php?rest_route=%2Fwp%2Fv2%2Ftags&post=50126"}],"curies":[{"name":"wp","href":"https:\/\/api.w.org\/{rel}","templated":true}]}}