{"id":50123,"date":"2026-05-03T10:04:31","date_gmt":"2026-05-03T10:04:31","guid":{"rendered":"https:\/\/radiojehona.mk\/?p=50123"},"modified":"2026-05-03T10:04:32","modified_gmt":"2026-05-03T10:04:32","slug":"topi-eshte-ne-fushen-e-shba-se-irani-mesazh-te-qarte-pales-amerikane-negociata-ose-lufte-jemi-te-gatshem-per-te-dyja-opsionet","status":"publish","type":"post","link":"https:\/\/radiojehona.mk\/?p=50123","title":{"rendered":"\u201cTopi \u00ebsht\u00eb n\u00eb fush\u00ebn e SHBA-s\u00eb\u201d\/ Irani mesazh t\u00eb qart\u00eb pal\u00ebs amerikane: Negociata ose luft\u00eb, jemi t\u00eb gatsh\u00ebm p\u00ebr t\u00eb dyja opsionet"},"content":{"rendered":"\n<figure class=\"wp-block-image size-full\"><img fetchpriority=\"high\" decoding=\"async\" width=\"696\" height=\"392\" src=\"https:\/\/radiojehona.mk\/wp-content\/uploads\/2026\/05\/topi-eshte-ne-fushen-e-shba-se-irani-mesazh-te-qarte-pales-amerikane-negociata-ose-lufte-jemi-te-gatshem-per-te-dyja-opsionet_69f6f5c111196-696x392-1.jpeg\" alt=\"\" class=\"wp-image-50124\" srcset=\"https:\/\/radiojehona.mk\/wp-content\/uploads\/2026\/05\/topi-eshte-ne-fushen-e-shba-se-irani-mesazh-te-qarte-pales-amerikane-negociata-ose-lufte-jemi-te-gatshem-per-te-dyja-opsionet_69f6f5c111196-696x392-1.jpeg 696w, https:\/\/radiojehona.mk\/wp-content\/uploads\/2026\/05\/topi-eshte-ne-fushen-e-shba-se-irani-mesazh-te-qarte-pales-amerikane-negociata-ose-lufte-jemi-te-gatshem-per-te-dyja-opsionet_69f6f5c111196-696x392-1-300x169.jpeg 300w\" sizes=\"(max-width: 696px) 100vw, 696px\" \/><\/figure>\n\n\n\n<p>Irani thot\u00eb se \u00ebsht\u00eb \u201cgati\u201d t\u00eb rifilloj\u00eb luft\u00ebn ose t\u2019i jap\u00eb p\u00ebrpar\u00ebsi diplomacis\u00eb p\u00ebr t\u2019i dh\u00ebn\u00eb fund luft\u00ebs me Shtetet e Bashkuara, duke theksuar se \u201ctopi \u00ebsht\u00eb n\u00eb fush\u00ebn e Shteteve t\u00eb Bashkuara\u201d.<\/p>\n\n\n\n<p>\u201cIrani ia paraqiti planin e tij nd\u00ebrmjet\u00ebsit, Pakistanit, duke synuar nj\u00eb fund p\u00ebrfundimtar t\u00eb luft\u00ebs dhe tani topi \u00ebsht\u00eb n\u00eb fush\u00ebn e Shteteve t\u00eb Bashkuara, t\u00eb cilat duhet t\u00eb zgjedhin midis rrug\u00ebs diplomatike ose vazhdimit t\u00eb nj\u00eb qasjeje konfrontuese\u201d, tha z\u00ebvend\u00ebsministri i Jasht\u00ebm iranian Kazem Gharibabadi.<br>\u201cIrani, p\u00ebr t\u00eb siguruar interesat dhe sigurin\u00eb e tij komb\u00ebtare, \u00ebsht\u00eb gati p\u00ebr t\u00eb dyja opsionet\u201d, shtoi ai, duke iu drejtuar ambasador\u00ebve dhe krer\u00ebve t\u00eb misioneve diplomatike n\u00eb kryeqytetin iranian.<\/p>\n\n\n\n<p>Top Channel<\/p>\n","protected":false},"excerpt":{"rendered":"<p>Irani thot&euml; se &euml;sht&euml; &ldquo;gati&rdquo; t&euml; rifilloj&euml; luft&euml;n ose t&rsquo;i jap&euml; p&euml;rpar&euml;si diplomacis&euml; p&euml;r t&rsquo;i dh&euml;n&euml; fund luft&euml;s me Shtetet e Bashkuara, duke theksuar se &ldquo;topi &euml;sht&euml; n&euml; fush&euml;n e Shteteve t&euml; Bashkuara&rdquo;. &ldquo;Irani ia paraqiti planin e tij nd&euml;rmjet&euml;sit, Pakistanit, duke synuar nj&euml; fund p&euml;rfundimtar t&euml; luft&euml;s dhe tani topi &euml;sht&euml; n&euml; fush&euml;n e [&hellip;]<\/p>\n","protected":false},"author":2,"featured_media":50124,"comment_status":"open","ping_status":"closed","sticky":false,"template":"","format":"standard","meta":{"_monsterinsights_skip_tracking":false,"_monsterinsights_sitenote_active":false,"_monsterinsights_sitenote_note":"","_monsterinsights_sitenote_category":0,"footnotes":""},"categories":[569],"tags":[],"class_list":["post-50123","post","type-post","status-publish","format-standard","has-post-thumbnail","hentry","category-bota"],"_links":{"self":[{"href":"https:\/\/radiojehona.mk\/index.php?rest_route=\/wp\/v2\/posts\/50123","targetHints":{"allow":["GET"]}}],"collection":[{"href":"https:\/\/radiojehona.mk\/index.php?rest_route=\/wp\/v2\/posts"}],"about":[{"href":"https:\/\/radiojehona.mk\/index.php?rest_route=\/wp\/v2\/types\/post"}],"author":[{"embeddable":true,"href":"https:\/\/radiojehona.mk\/index.php?rest_route=\/wp\/v2\/users\/2"}],"replies":[{"embeddable":true,"href":"https:\/\/radiojehona.mk\/index.php?rest_route=%2Fwp%2Fv2%2Fcomments&post=50123"}],"version-history":[{"count":1,"href":"https:\/\/radiojehona.mk\/index.php?rest_route=\/wp\/v2\/posts\/50123\/revisions"}],"predecessor-version":[{"id":50125,"href":"https:\/\/radiojehona.mk\/index.php?rest_route=\/wp\/v2\/posts\/50123\/revisions\/50125"}],"wp:featuredmedia":[{"embeddable":true,"href":"https:\/\/radiojehona.mk\/index.php?rest_route=\/wp\/v2\/media\/50124"}],"wp:attachment":[{"href":"https:\/\/radiojehona.mk\/index.php?rest_route=%2Fwp%2Fv2%2Fmedia&parent=50123"}],"wp:term":[{"taxonomy":"category","embeddable":true,"href":"https:\/\/radiojehona.mk\/index.php?rest_route=%2Fwp%2Fv2%2Fcategories&post=50123"},{"taxonomy":"post_tag","embeddable":true,"href":"https:\/\/radiojehona.mk\/index.php?rest_route=%2Fwp%2Fv2%2Ftags&post=50123"}],"curies":[{"name":"wp","href":"https:\/\/api.w.org\/{rel}","templated":true}]}}