{"id":50120,"date":"2026-05-03T10:03:42","date_gmt":"2026-05-03T10:03:42","guid":{"rendered":"https:\/\/radiojehona.mk\/?p=50120"},"modified":"2026-05-03T10:03:43","modified_gmt":"2026-05-03T10:03:43","slug":"vlen-kush-ne-bdi-paguhet-per-te-mbrojtur-nje-projekt-milionesh-pa-rezultat","status":"publish","type":"post","link":"https:\/\/radiojehona.mk\/?p=50120","title":{"rendered":"VLEN: Kush n\u00eb BDI paguhet p\u00ebr t\u00eb mbrojtur nj\u00eb projekt milion\u00ebsh pa rezultat?"},"content":{"rendered":"\n<figure class=\"wp-block-image size-full\"><img fetchpriority=\"high\" decoding=\"async\" width=\"750\" height=\"430\" src=\"https:\/\/radiojehona.mk\/wp-content\/uploads\/2026\/05\/VLENi-750x430-1.jpg\" alt=\"\" class=\"wp-image-50121\" srcset=\"https:\/\/radiojehona.mk\/wp-content\/uploads\/2026\/05\/VLENi-750x430-1.jpg 750w, https:\/\/radiojehona.mk\/wp-content\/uploads\/2026\/05\/VLENi-750x430-1-300x172.jpg 300w\" sizes=\"(max-width: 750px) 100vw, 750px\" \/><\/figure>\n\n\n\n<p>Kush nga BDI sot ka interes dhe sa paguhet q\u00eb t\u00eb mbroj\u00eb nj\u00eb kompani boshnjake q\u00eb me vite nuk ka nd\u00ebrtuar asgj\u00eb dhe ka kushtuar miliona?<br>A \u00ebsht\u00eb ky Ali Ahmeti, Bujar Osmani, apo t\u00eb dy s\u00eb bashku me rrethin e ngusht\u00eb t\u00eb njer\u00ebzve, pronar\u00eb t\u00eb kompanive n\u00ebnkontraktore?<br>Sepse faktet nuk mund t\u00eb fshihen m\u00eb.<br>Ja edhe nj\u00eb tjet\u00ebr kuad\u00ebr i BDI-s\u00eb, Bilen Saliji, ish minist\u00ebr i Drejt\u00ebsis\u00eb nga BDI i cili m\u00eb von\u00eb b\u00ebhet drejtor i sektorit juridik n\u00eb MEPSO. N\u00eb at\u00eb koh\u00eb, njer\u00ebzit e BDI-s\u00eb n\u00eb MEPSO, po fillonin procedur\u00ebn p\u00ebr nd\u00ebrprerjen e kontrat\u00ebs me Energoinvest, sepse ata vet\u00eb konstatuan se marr\u00ebveshja ishte e d\u00ebmshme dhe jofunksionale.<br>P\u00ebr m\u00eb tep\u00ebr, vendimi i Bordit t\u00eb drejtor\u00ebve t\u00eb dat\u00ebs 22.11.2023 tregon qart\u00eb se t\u00eb gjith\u00eb an\u00ebtar\u00ebt, p\u00ebrfshir\u00eb Bilen Salijin, vendos\u00ebn unanimisht se kontraktori nuk i p\u00ebrmbush detyrimet e tij kontraktuale dhe se nuk ka p\u00ebrparim t\u00eb konsideruesh\u00ebm n\u00eb projektin, pas s\u00eb cil\u00ebs u iniciua nj\u00eb procedur\u00eb p\u00ebr nd\u00ebrprerjen e kontrat\u00ebs.<br>Pra, t\u00eb gjith\u00eb kuadrot e BDI-s\u00eb n\u00eb MEPSO q\u00eb at\u00ebher\u00eb ishin pro nd\u00ebrprerjes s\u00eb kontrat\u00ebs.<br>Sot, lidershipi i BDI-s\u00eb mbron t\u00eb nj\u00ebjt\u00ebn marr\u00ebveshje. Pse?<br>P\u00ebrgjigja \u00ebsht\u00eb e qart\u00eb. Projekti pati nj\u00eb realizim prej mezi 4% n\u00eb nj\u00eb periudh\u00eb prej kat\u00ebr vitesh. Marr\u00ebveshja kishte skaduar. Nuk kishte aktivitete n\u00eb terren, por vet\u00ebm p\u00ebrpjekje p\u00ebr aneksime dhe k\u00ebrkesa financiare shtes\u00eb. Shteti pagoi kamat\u00eb p\u00ebr vite me radh\u00eb, nd\u00ebrsa projekti mbeti n\u00eb vendnum\u00ebro.<br>Edhe sot BDI e mbron k\u00ebt\u00eb. Jo sepse \u00ebsht\u00eb n\u00eb t\u00eb drejt\u00eb. Por sepse dikush kishte interes q\u00eb ajo t\u00eb vazhdonte.<br>BDI nuk i mbron qytetar\u00ebt. BDI mbron nj\u00eb sistem n\u00eb t\u00eb cilin projektet nuk u nd\u00ebrtuan, por u p\u00ebrdor\u00ebn p\u00ebr t\u00eb pompuar para.<br>Paniku n\u00eb BDI \u00ebsht\u00eb evident. Sepse e v\u00ebrteta po del n\u00eb drit\u00eb. Sepse sistemi po ndryshon. Dhe sepse nuk ka m\u00eb vend p\u00ebr marr\u00ebveshje q\u00eb nuk zbatohen, nd\u00ebrsa kushtojn\u00eb miliona.<br>BDI mund t\u00eb sulmoj\u00eb sa t\u00eb doj\u00eb. Por faktet e demantojn\u00eb at\u00eb. Ata donin dhe iniciuan nd\u00ebrprerjen. Sot ata mbrojn\u00eb t\u00eb nj\u00ebjt\u00ebn marr\u00ebveshje. N\u00eb m\u00ebnyr\u00eb hipokrite.<br>Ne po shfuqizojm\u00eb marr\u00ebveshjet e d\u00ebmshme. Po nd\u00ebrtojm\u00eb. Po nd\u00ebrtojm\u00eb lidhjen e par\u00eb elektroenergjitike me Shqip\u00ebrin\u00eb.<\/p>\n\n\n\n<figure class=\"wp-block-image\"><img decoding=\"async\" src=\"https:\/\/ads.tetovasot.com\/www\/delivery\/lg.php?bannerid=0&amp;campaignid=0&amp;zoneid=247&amp;loc=https%3A%2F%2Ftetovasot.com%2F2026%2F05%2Fvlen-kush-ne-bdi-paguhet-per-te-mbrojtur-nje-projekt-milionesh-pa-rezultat%2F&amp;referer=https%3A%2F%2Ffax.al%2F&amp;cb=057eb06f44\" alt=\"\"\/><\/figure>\n\n\n\n<figure class=\"wp-block-image\"><img decoding=\"async\" src=\"https:\/\/tetovasot.com\/wp-content\/uploads\/2026\/05\/unnamed.jpg\" alt=\"\" class=\"wp-image-2354070\"\/><\/figure>\n","protected":false},"excerpt":{"rendered":"<p>Kush nga BDI sot ka interes dhe sa paguhet q&euml; t&euml; mbroj&euml; nj&euml; kompani boshnjake q&euml; me vite nuk ka nd&euml;rtuar asgj&euml; dhe ka kushtuar miliona?A &euml;sht&euml; ky Ali Ahmeti, Bujar Osmani, apo t&euml; dy s&euml; bashku me rrethin e ngusht&euml; t&euml; njer&euml;zve, pronar&euml; t&euml; kompanive n&euml;nkontraktore?Sepse faktet nuk mund t&euml; fshihen m&euml;.Ja edhe nj&euml; [&hellip;]<\/p>\n","protected":false},"author":2,"featured_media":50121,"comment_status":"open","ping_status":"closed","sticky":false,"template":"","format":"standard","meta":{"_monsterinsights_skip_tracking":false,"_monsterinsights_sitenote_active":false,"_monsterinsights_sitenote_note":"","_monsterinsights_sitenote_category":0,"footnotes":""},"categories":[1],"tags":[],"class_list":["post-50120","post","type-post","status-publish","format-standard","has-post-thumbnail","hentry","category-vendi"],"_links":{"self":[{"href":"https:\/\/radiojehona.mk\/index.php?rest_route=\/wp\/v2\/posts\/50120","targetHints":{"allow":["GET"]}}],"collection":[{"href":"https:\/\/radiojehona.mk\/index.php?rest_route=\/wp\/v2\/posts"}],"about":[{"href":"https:\/\/radiojehona.mk\/index.php?rest_route=\/wp\/v2\/types\/post"}],"author":[{"embeddable":true,"href":"https:\/\/radiojehona.mk\/index.php?rest_route=\/wp\/v2\/users\/2"}],"replies":[{"embeddable":true,"href":"https:\/\/radiojehona.mk\/index.php?rest_route=%2Fwp%2Fv2%2Fcomments&post=50120"}],"version-history":[{"count":1,"href":"https:\/\/radiojehona.mk\/index.php?rest_route=\/wp\/v2\/posts\/50120\/revisions"}],"predecessor-version":[{"id":50122,"href":"https:\/\/radiojehona.mk\/index.php?rest_route=\/wp\/v2\/posts\/50120\/revisions\/50122"}],"wp:featuredmedia":[{"embeddable":true,"href":"https:\/\/radiojehona.mk\/index.php?rest_route=\/wp\/v2\/media\/50121"}],"wp:attachment":[{"href":"https:\/\/radiojehona.mk\/index.php?rest_route=%2Fwp%2Fv2%2Fmedia&parent=50120"}],"wp:term":[{"taxonomy":"category","embeddable":true,"href":"https:\/\/radiojehona.mk\/index.php?rest_route=%2Fwp%2Fv2%2Fcategories&post=50120"},{"taxonomy":"post_tag","embeddable":true,"href":"https:\/\/radiojehona.mk\/index.php?rest_route=%2Fwp%2Fv2%2Ftags&post=50120"}],"curies":[{"name":"wp","href":"https:\/\/api.w.org\/{rel}","templated":true}]}}