{"id":50117,"date":"2026-05-03T10:02:54","date_gmt":"2026-05-03T10:02:54","guid":{"rendered":"https:\/\/radiojehona.mk\/?p=50117"},"modified":"2026-05-03T10:02:55","modified_gmt":"2026-05-03T10:02:55","slug":"bujar-osmani-ne-vizite-dyditore-pune-ne-bruksel","status":"publish","type":"post","link":"https:\/\/radiojehona.mk\/?p=50117","title":{"rendered":"Bujar Osmani, n\u00eb vizit\u00eb dyditore pune n\u00eb Bruksel"},"content":{"rendered":"\n<figure class=\"wp-block-image size-full\"><img fetchpriority=\"high\" decoding=\"async\" width=\"766\" height=\"458\" src=\"https:\/\/radiojehona.mk\/wp-content\/uploads\/2026\/05\/Bujar-Osmani.jpeg\" alt=\"\" class=\"wp-image-50118\" srcset=\"https:\/\/radiojehona.mk\/wp-content\/uploads\/2026\/05\/Bujar-Osmani.jpeg 766w, https:\/\/radiojehona.mk\/wp-content\/uploads\/2026\/05\/Bujar-Osmani-300x179.jpeg 300w\" sizes=\"(max-width: 766px) 100vw, 766px\" \/><\/figure>\n\n\n\n<p>N\u00ebnkryetari i BDI-s\u00eb, Bujar Osmani, do t\u00eb q\u00ebndroj\u00eb n\u00eb nj\u00eb vizit\u00eb dyditore pune n\u00eb Bruksel, ku do t\u00eb zhvilloj\u00eb nj\u00eb s\u00ebr\u00eb takimesh me p\u00ebrfaq\u00ebsues t\u00eb Komisionit Evropian, Sh\u00ebrbimit t\u00eb Veprimit t\u00eb Jasht\u00ebm t\u00eb BE-s\u00eb, si dhe me eurodeputet\u00eb.<\/p>\n\n\n\n<p>N\u00eb k\u00ebto takime do t\u00eb hapen \u00e7\u00ebshtjet q\u00eb lidhen me perspektiv\u00ebn evropiane t\u00eb vendit, por edhe zhvillimet e fundit q\u00eb kan\u00eb t\u00eb b\u00ebjn\u00eb me p\u00ebrkeq\u00ebsimin e marr\u00ebdh\u00ebnieve nd\u00ebretnike dhe cenimin e parimeve themelore t\u00eb Marr\u00ebveshjes Paq\u00ebsore t\u00eb Ohrit.<\/p>\n","protected":false},"excerpt":{"rendered":"<p>N&euml;nkryetari i BDI-s&euml;, Bujar Osmani, do t&euml; q&euml;ndroj&euml; n&euml; nj&euml; vizit&euml; dyditore pune n&euml; Bruksel, ku do t&euml; zhvilloj&euml; nj&euml; s&euml;r&euml; takimesh me p&euml;rfaq&euml;sues t&euml; Komisionit Evropian, Sh&euml;rbimit t&euml; Veprimit t&euml; Jasht&euml;m t&euml; BE-s&euml;, si dhe me eurodeputet&euml;. N&euml; k&euml;to takime do t&euml; hapen &ccedil;&euml;shtjet q&euml; lidhen me perspektiv&euml;n evropiane t&euml; vendit, por edhe zhvillimet [&hellip;]<\/p>\n","protected":false},"author":2,"featured_media":50118,"comment_status":"open","ping_status":"closed","sticky":false,"template":"","format":"standard","meta":{"_monsterinsights_skip_tracking":false,"_monsterinsights_sitenote_active":false,"_monsterinsights_sitenote_note":"","_monsterinsights_sitenote_category":0,"footnotes":""},"categories":[1],"tags":[],"class_list":["post-50117","post","type-post","status-publish","format-standard","has-post-thumbnail","hentry","category-vendi"],"_links":{"self":[{"href":"https:\/\/radiojehona.mk\/index.php?rest_route=\/wp\/v2\/posts\/50117","targetHints":{"allow":["GET"]}}],"collection":[{"href":"https:\/\/radiojehona.mk\/index.php?rest_route=\/wp\/v2\/posts"}],"about":[{"href":"https:\/\/radiojehona.mk\/index.php?rest_route=\/wp\/v2\/types\/post"}],"author":[{"embeddable":true,"href":"https:\/\/radiojehona.mk\/index.php?rest_route=\/wp\/v2\/users\/2"}],"replies":[{"embeddable":true,"href":"https:\/\/radiojehona.mk\/index.php?rest_route=%2Fwp%2Fv2%2Fcomments&post=50117"}],"version-history":[{"count":1,"href":"https:\/\/radiojehona.mk\/index.php?rest_route=\/wp\/v2\/posts\/50117\/revisions"}],"predecessor-version":[{"id":50119,"href":"https:\/\/radiojehona.mk\/index.php?rest_route=\/wp\/v2\/posts\/50117\/revisions\/50119"}],"wp:featuredmedia":[{"embeddable":true,"href":"https:\/\/radiojehona.mk\/index.php?rest_route=\/wp\/v2\/media\/50118"}],"wp:attachment":[{"href":"https:\/\/radiojehona.mk\/index.php?rest_route=%2Fwp%2Fv2%2Fmedia&parent=50117"}],"wp:term":[{"taxonomy":"category","embeddable":true,"href":"https:\/\/radiojehona.mk\/index.php?rest_route=%2Fwp%2Fv2%2Fcategories&post=50117"},{"taxonomy":"post_tag","embeddable":true,"href":"https:\/\/radiojehona.mk\/index.php?rest_route=%2Fwp%2Fv2%2Ftags&post=50117"}],"curies":[{"name":"wp","href":"https:\/\/api.w.org\/{rel}","templated":true}]}}