{"id":50114,"date":"2026-05-03T10:01:19","date_gmt":"2026-05-03T10:01:19","guid":{"rendered":"https:\/\/radiojehona.mk\/?p=50114"},"modified":"2026-05-03T10:01:19","modified_gmt":"2026-05-03T10:01:19","slug":"gjoba-deri-ne-5-mije-euro-dhe-rregulla-te-rrepta-per-pronaret","status":"publish","type":"post","link":"https:\/\/radiojehona.mk\/?p=50114","title":{"rendered":"Gjoba deri n\u00eb 5 mij\u00eb euro dhe rregulla t\u00eb rrepta p\u00ebr pronar\u00ebt"},"content":{"rendered":"\n<figure class=\"wp-block-image size-full is-resized\"><img fetchpriority=\"high\" decoding=\"async\" width=\"500\" height=\"300\" src=\"https:\/\/radiojehona.mk\/wp-content\/uploads\/2026\/05\/terbimi_qen.jpg\" alt=\"\" class=\"wp-image-50115\" style=\"width:803px;height:auto\" srcset=\"https:\/\/radiojehona.mk\/wp-content\/uploads\/2026\/05\/terbimi_qen.jpg 500w, https:\/\/radiojehona.mk\/wp-content\/uploads\/2026\/05\/terbimi_qen-300x180.jpg 300w\" sizes=\"(max-width: 500px) 100vw, 500px\" \/><\/figure>\n\n\n\n<p>Me propozim-ligjin e ri p\u00ebr mbrojtjen dhe mir\u00ebqenien e kafsh\u00ebve, parashikohen rritje drastike t\u00eb gjobave dhe rregulla shum\u00eb m\u00eb t\u00eb rrepta p\u00ebr pronar\u00ebt e kafsh\u00ebve sht\u00ebpiake.<\/p>\n\n\n\n<p>Sipas ndryshimeve t\u00eb propozuara, gjobat p\u00ebr personat fizik\u00eb rriten ndjesh\u00ebm \u2013 nga rreth 400 euro p\u00ebr mbajtje dhe sh\u00ebtitje t\u00eb pap\u00ebrshtatshme t\u00eb qenit, deri n\u00eb 5.000 euro p\u00ebr keqtrajtimin e kafsh\u00ebve sht\u00ebpiake. Gjithashtu, do t\u00eb ndalohet p\u00ebrjet\u00ebsisht mbajtja e kafsh\u00ebve p\u00ebr ata q\u00eb braktisin kafsh\u00ebn e tyre.<\/p>\n\n\n\n<p>Ndryshimet jan\u00eb t\u00eb fokusuara kryesisht n\u00eb zgjidhjen e problemit t\u00eb braktisjes s\u00eb kafsh\u00ebve sht\u00ebpiake, riprodhimit t\u00eb pakontrolluar dhe tregtis\u00eb s\u00eb tyre, me q\u00ebllim uljen e numrit t\u00eb qenve endacak\u00eb.<\/p>\n\n\n\n<p>\u201cPronarit q\u00eb braktis kafsh\u00ebn e tij i ndalohet p\u00ebrgjithmon\u00eb mbajtja e kafsh\u00ebve sht\u00ebpiake. Ndalohet riprodhimi i pakontrolluar, shitja dhe dhurimi i kafsh\u00ebve sht\u00ebpiake\u2026 Ndalohet mbajtja e qenit t\u00eb lidhur vazhdimisht n\u00eb zinxhir ose n\u00eb hap\u00ebsira t\u00eb mbyllura pa i mund\u00ebsuar l\u00ebvizje t\u00eb lir\u00eb jasht\u00eb t\u00eb pakt\u00ebn nj\u00eb her\u00eb n\u00eb dit\u00eb, p\u00ebr t\u00eb plot\u00ebsuar nevojat e tij fizike dhe fiziologjike\u2026 Ndalohet trullosja, therja apo ngordhja e kafsh\u00ebve p\u00ebr q\u00ebllime rituale\u2026\u201d, thuhet n\u00eb nj\u00eb pjes\u00eb t\u00eb ndryshimeve t\u00eb propozuara.<\/p>\n\n\n\n<p>Propozim-ligji parashikon gjithashtu sterilizim t\u00eb detyruesh\u00ebm p\u00ebr qent\u00eb sht\u00ebpiak\u00eb, si dhe ndalim t\u00eb shitjes dhe dhurimit t\u00eb kafsh\u00ebve nga mbar\u00ebshtues t\u00eb paregjistruar. Mbar\u00ebshtuesit do t\u00eb detyrohen t\u00eb raportojn\u00eb te veterineri \u00e7do pjell\u00eb t\u00eb re dhe t\u00eb deklarojn\u00eb kujt i kan\u00eb dh\u00ebn\u00eb kafsh\u00ebt.<\/p>\n\n\n\n<p>Nj\u00eb fem\u00ebr (qen ose mace) nuk do t\u00eb lejohet t\u00eb ket\u00eb m\u00eb shum\u00eb se nj\u00eb pjell\u00eb n\u00eb vit.<\/p>\n\n\n\n<p>\u201cMbar\u00ebshtuesit e regjistruar t\u00eb qenve, nga dita e hyrjes n\u00eb fuqi t\u00eb k\u00ebtij ligji, p\u00ebr nj\u00eb periudh\u00eb prej 5 vitesh nuk kan\u00eb t\u00eb drejt\u00eb t\u00eb shumojn\u00eb kafsh\u00eb sht\u00ebpiake t\u00eb pasterilizuara, pra nuk kan\u00eb t\u00eb drejt\u00eb p\u00ebr riprodhim t\u00eb individ\u00ebve t\u00eb rinj\u201d, parashikon propozim-ligji.<\/p>\n\n\n\n<p>Parashikohet gjithashtu krijimi i nj\u00eb Qendre p\u00ebr strehim t\u00eb p\u00ebrhersh\u00ebm, vendosje dhe nd\u00ebrmjet\u00ebsim p\u00ebr adoptimin e kafsh\u00ebve t\u00eb braktisura dhe endacake, si dhe sistem p\u00ebr kujdestari t\u00eb p\u00ebrkohshme, duke futur nj\u00eb koncept t\u00eb ri trajtimi p\u00ebr kafsh\u00ebt endacake q\u00eb aktualisht bazohet vet\u00ebm n\u00eb parimin: kap \u2013 sterilizo \u2013 l\u00ebsho.<\/p>\n","protected":false},"excerpt":{"rendered":"<p>Me propozim-ligjin e ri p&euml;r mbrojtjen dhe mir&euml;qenien e kafsh&euml;ve, parashikohen rritje drastike t&euml; gjobave dhe rregulla shum&euml; m&euml; t&euml; rrepta p&euml;r pronar&euml;t e kafsh&euml;ve sht&euml;piake. Sipas ndryshimeve t&euml; propozuara, gjobat p&euml;r personat fizik&euml; rriten ndjesh&euml;m &ndash; nga rreth 400 euro p&euml;r mbajtje dhe sh&euml;titje t&euml; pap&euml;rshtatshme t&euml; qenit, deri n&euml; 5.000 euro p&euml;r keqtrajtimin [&hellip;]<\/p>\n","protected":false},"author":2,"featured_media":50115,"comment_status":"open","ping_status":"closed","sticky":false,"template":"","format":"standard","meta":{"_monsterinsights_skip_tracking":false,"_monsterinsights_sitenote_active":false,"_monsterinsights_sitenote_note":"","_monsterinsights_sitenote_category":0,"footnotes":""},"categories":[1],"tags":[],"class_list":["post-50114","post","type-post","status-publish","format-standard","has-post-thumbnail","hentry","category-vendi"],"_links":{"self":[{"href":"https:\/\/radiojehona.mk\/index.php?rest_route=\/wp\/v2\/posts\/50114","targetHints":{"allow":["GET"]}}],"collection":[{"href":"https:\/\/radiojehona.mk\/index.php?rest_route=\/wp\/v2\/posts"}],"about":[{"href":"https:\/\/radiojehona.mk\/index.php?rest_route=\/wp\/v2\/types\/post"}],"author":[{"embeddable":true,"href":"https:\/\/radiojehona.mk\/index.php?rest_route=\/wp\/v2\/users\/2"}],"replies":[{"embeddable":true,"href":"https:\/\/radiojehona.mk\/index.php?rest_route=%2Fwp%2Fv2%2Fcomments&post=50114"}],"version-history":[{"count":1,"href":"https:\/\/radiojehona.mk\/index.php?rest_route=\/wp\/v2\/posts\/50114\/revisions"}],"predecessor-version":[{"id":50116,"href":"https:\/\/radiojehona.mk\/index.php?rest_route=\/wp\/v2\/posts\/50114\/revisions\/50116"}],"wp:featuredmedia":[{"embeddable":true,"href":"https:\/\/radiojehona.mk\/index.php?rest_route=\/wp\/v2\/media\/50115"}],"wp:attachment":[{"href":"https:\/\/radiojehona.mk\/index.php?rest_route=%2Fwp%2Fv2%2Fmedia&parent=50114"}],"wp:term":[{"taxonomy":"category","embeddable":true,"href":"https:\/\/radiojehona.mk\/index.php?rest_route=%2Fwp%2Fv2%2Fcategories&post=50114"},{"taxonomy":"post_tag","embeddable":true,"href":"https:\/\/radiojehona.mk\/index.php?rest_route=%2Fwp%2Fv2%2Ftags&post=50114"}],"curies":[{"name":"wp","href":"https:\/\/api.w.org\/{rel}","templated":true}]}}