{"id":50087,"date":"2026-05-01T17:46:46","date_gmt":"2026-05-01T17:46:46","guid":{"rendered":"https:\/\/radiojehona.mk\/?p=50087"},"modified":"2026-05-01T17:46:47","modified_gmt":"2026-05-01T17:46:47","slug":"tre-kongresiste-paraqesin-rezolute-ne-kongresin-amerikan-ne-mbeshtetje-te-anetaresimit-te-kosoves-ne-nato","status":"publish","type":"post","link":"https:\/\/radiojehona.mk\/?p=50087","title":{"rendered":"Tre kongresist\u00eb paraqesin rezolut\u00eb n\u00eb Kongresin Amerikan n\u00eb mb\u00ebshtetje t\u00eb an\u00ebtar\u00ebsimit t\u00eb Kosov\u00ebs n\u00eb NATO"},"content":{"rendered":"\n<figure class=\"wp-block-image size-full\"><img fetchpriority=\"high\" decoding=\"async\" width=\"1024\" height=\"683\" src=\"https:\/\/radiojehona.mk\/wp-content\/uploads\/2026\/05\/Flamuri-i-Kosoves-dhe-i-SHBA-16-06-2025-foto-ZKM-1024x683-1.jpg\" alt=\"\" class=\"wp-image-50088\" srcset=\"https:\/\/radiojehona.mk\/wp-content\/uploads\/2026\/05\/Flamuri-i-Kosoves-dhe-i-SHBA-16-06-2025-foto-ZKM-1024x683-1.jpg 1024w, https:\/\/radiojehona.mk\/wp-content\/uploads\/2026\/05\/Flamuri-i-Kosoves-dhe-i-SHBA-16-06-2025-foto-ZKM-1024x683-1-300x200.jpg 300w, https:\/\/radiojehona.mk\/wp-content\/uploads\/2026\/05\/Flamuri-i-Kosoves-dhe-i-SHBA-16-06-2025-foto-ZKM-1024x683-1-768x512.jpg 768w\" sizes=\"(max-width: 1024px) 100vw, 1024px\" \/><\/figure>\n\n\n\n<p>Tre kongresist\u00eb amerikan\u00eb, Keith Self, Ritchie Torres dhe Mike Lawler, e kan\u00eb paraqitur nj\u00eb rezolut\u00eb n\u00eb Dhom\u00ebn e P\u00ebrfaq\u00ebsuesve p\u00ebr ta mb\u00ebshtetur an\u00ebtar\u00ebsimin e Kosov\u00ebs n\u00eb NATO, duke argumentuar se prania e saj n\u00eb aleanc\u00eb \u00ebsht\u00eb thelb\u00ebsore p\u00ebr mbrojtjen e interesave t\u00eb siguris\u00eb komb\u00ebtare t\u00eb Shteteve t\u00eb Bashkuara n\u00eb Evrop\u00ebn Juglindore.<\/p>\n\n\n\n<p>Rezoluta, e paraqitur m\u00eb 30 prill me mb\u00ebshtetje dypartiake, n\u00ebnvizon se qeverisja demokratike e Kosov\u00ebs, kontrolli civil mbi forcat e siguris\u00eb dhe bashk\u00ebjetesa multietnike p\u00ebrb\u00ebjn\u00eb argument bind\u00ebs p\u00ebr an\u00ebtar\u00ebsimin e saj n\u00eb NATO.<\/p>\n\n\n\n<p>\u201cP\u00ebr m\u00eb tep\u00ebr, nd\u00ebrsa forcat kund\u00ebrshtare vazhdojn\u00eb t\u00eb destabilizojn\u00eb rajonin, p\u00ebrfshirja e Kosov\u00ebs n\u00eb aleanc\u00ebn e NATO-s do t\u00eb sh\u00ebrbente si nj\u00eb kund\u00ebrpesh\u00eb e domosdoshme p\u00ebr t\u00eb frenuar k\u00ebto p\u00ebrpjekje armiq\u00ebsore dhe p\u00ebr t\u00eb parandaluar nj\u00eb katastrof\u00eb tjet\u00ebr globale n\u00eb Ballkan\u201d, thuhet n\u00eb rezolut\u00eb.<\/p>\n\n\n\n<p>An\u00ebtar\u00ebsimi n\u00eb NATO \u00ebsht\u00eb nd\u00ebr synimet e kamotshme t\u00eb Kosov\u00ebs, q\u00ebkurse ajo e shpalli pavar\u00ebsin\u00eb m\u00eb 2008.<\/p>\n\n\n\n<p>Megjithat\u00eb, an\u00ebtar\u00ebsimi k\u00ebrkon nj\u00ebz\u00ebshm\u00ebri nga t\u00eb gjitha vendet an\u00ebtare dhe Kosov\u00ebn nuk e njohin kat\u00ebr prej tyre.<\/p>\n\n\n\n<p>Prandaj, Self, si nism\u00ebtar i rezolut\u00ebs, u k\u00ebrkoi Shteteve t\u00eb Bashkuara t\u2019i nxisin Greqin\u00eb, Rumanin\u00eb, Sllovakin\u00eb dhe Spanj\u00ebn, p\u00ebr ta njohur pavar\u00ebsin\u00eb e Kosov\u00ebs.<\/p>\n\n\n\n<p>Self tha se \u201cnjohja m\u00eb e gjer\u00eb e Kosov\u00ebs \u00ebsht\u00eb thelb\u00ebsore p\u00ebr t\u00eb hapur rrug\u00ebn drejt integrimit n\u00eb NATO dhe p\u00ebr t\u00eb mbyllur nj\u00eb boshll\u00ebk strategjik n\u00eb Evrop\u00ebn Juglindore q\u00eb kund\u00ebrshtar\u00ebt k\u00ebrkojn\u00eb ta shfryt\u00ebzojn\u00eb\u201d.<\/p>\n\n\n\n<p>Ai argumentoi se p\u00ebrfshirja e Kosov\u00ebs n\u00eb aleanc\u00eb \u00ebsht\u00eb thelb\u00ebsore p\u00ebr t\u00eb kund\u00ebrshtuar rritjen e ndikimit t\u00eb kund\u00ebrshtar\u00ebve n\u00eb Evrop\u00eb.<\/p>\n\n\n\n<h2 class=\"wp-block-heading\"><strong>Rezoluta mir\u00ebpritet n\u00eb Kosov\u00eb, kund\u00ebrshtohet nga Serbia<\/strong><\/h2>\n\n\n\n<p>Kjo rezolut\u00eb \u00ebsht\u00eb mir\u00ebpritur nga zyrtar\u00eb n\u00eb Kosov\u00eb, por gjithashtu \u00ebsht\u00eb kund\u00ebrshtuar nga Serbia.<\/p>\n\n\n\n<p>Ushtruesja e detyr\u00ebs s\u00eb presidentit, Albulena Haxhiu, shprehu \u201cmir\u00ebnjohje p\u00ebr p\u00ebrfaq\u00ebsuesit Keith Self, Ritchie Torres dhe Mike Lawler p\u00ebr lidershipin e tyre dhe p\u00ebr mb\u00ebshtetjen e vazhdueshme q\u00eb Kosova ta z\u00ebr\u00eb vendin q\u00eb i takon n\u00eb familjen euroatlantike\u201d.<\/p>\n\n\n\n<p>Ambasadori i Kosov\u00ebs n\u00eb Uashington, Ilir Dugolli, shkroi n\u00eb X se ndihet mir\u00ebnjoh\u00ebs ndaj kongresist\u00ebve p\u00ebr \u201cmb\u00ebshtetjen e pal\u00ebkundur p\u00ebr Kosov\u00ebn dhe an\u00ebtar\u00ebsimin e saj n\u00eb NATO\u201d.<\/p>\n\n\n\n<p>N\u00eb an\u00ebn tjet\u00ebr, presidenti i Serbis\u00eb, Aleksandar Vu\u00e7iq, tha se do t\u00eb luftoj\u00eb kund\u00ebr p\u00ebrpjekjeve p\u00ebr integrimin e Kosov\u00ebs n\u00eb NATO.<\/p>\n\n\n\n<p>\u201cDo t\u00eb kemi s\u00eb shpejti ushtrime t\u00eb r\u00ebnd\u00ebsishme me NATO-n. Po bisedojm\u00eb me ta dhe shpresojm\u00eb q\u00eb kjo t\u00eb mos ndodh\u00eb\u201d, tha Vu\u00e7iq lidhur me an\u00ebtar\u00ebsimin e mundsh\u00ebm t\u00eb Kosov\u00ebs.<\/p>\n\n\n\n<p>Kosova e cil\u00ebson si qen\u00ebsore miq\u00ebsin\u00eb me Shtetet e Bashkuara, vend q\u00eb ka b\u00ebr\u00eb shum\u00eb n\u00eb pavar\u00ebsimin dhe shtetnd\u00ebrtimin e Kosov\u00ebs.<\/p>\n\n\n\n<p>Kosova \u00ebsht\u00eb tani duke e shnd\u00ebrruar Forc\u00ebn e Siguris\u00eb n\u00eb ushtri t\u00eb plot\u00eb, q\u00eb pritet t\u00eb p\u00ebrmbyllet m\u00eb 2028.<\/p>\n\n\n\n<figure class=\"wp-block-image\"><img decoding=\"async\" src=\"https:\/\/ads.kallxo.com\/www\/delivery\/lg.php?bannerid=0&amp;campaignid=0&amp;zoneid=59&amp;loc=https%3A%2F%2Fkallxo.com%2Flajm%2Ftre-kongresiste-paraqesin-rezolute-ne-kongresin-amerikan-ne-mbeshtetje-te-anetaresimit-te-kosoves-ne-nato%2F&amp;referer=https%3A%2F%2Ffax.al%2F&amp;cb=1f788329b5\" alt=\"\"\/><\/figure>\n\n\n\n<p>SHBA-ja e ka mb\u00ebshtetur nga fillimi shnd\u00ebrrimin e FSK-s\u00eb n\u00eb ushtri, por jo edhe NATO-ja, e cila ngul k\u00ebmb\u00eb q\u00eb FSK-ja t\u2019u p\u00ebrmbahet detyrave t\u00eb saj fillestare, si: reagimi ndaj krizave apo mbrojtja civile.<\/p>\n\n\n\n<p>Prishtina, gjat\u00eb procesit t\u00eb transformimit t\u00eb FSK-s\u00eb n\u00eb ushtri, po ashtu po pajiset me armatime t\u00eb reja, p\u00ebrfshir\u00eb ato t\u00eb prodhuara n\u00eb SHBA. Vendi po ashtu \u00ebsht\u00eb mikprit\u00ebs i baz\u00ebs m\u00eb t\u00eb madhe amerikane n\u00eb Ballkan, Bondsteel.<\/p>\n\n\n\n<p>Po ashtu, Kosova po ashtu do t\u00eb jet\u00eb pjes\u00eb e Forc\u00ebs Nd\u00ebrkomb\u00ebtare Stabilizuese p\u00ebr Gaz\u00ebn.<\/p>\n\n\n\n<p>Forca Nd\u00ebrkomb\u00ebtare Stabilizuese \u00ebsht\u00eb nj\u00eb mekaniz\u00ebm i krijuar si pjes\u00eb e nism\u00ebs s\u00eb Bordit t\u00eb Paqes, i propozuar nga presidenti amerikan, Donald Trump, p\u00ebr arritjen e paqes n\u00eb bot\u00eb.\/<a href=\"https:\/\/www.evropaelire.org\/a\/kongresiste-rezolute-mbeshtetje-kosoves-ne-nato\/33746987.html\">REL<\/a><\/p>\n","protected":false},"excerpt":{"rendered":"<p>Tre kongresist&euml; amerikan&euml;, Keith Self, Ritchie Torres dhe Mike Lawler, e kan&euml; paraqitur nj&euml; rezolut&euml; n&euml; Dhom&euml;n e P&euml;rfaq&euml;suesve p&euml;r ta mb&euml;shtetur an&euml;tar&euml;simin e Kosov&euml;s n&euml; NATO, duke argumentuar se prania e saj n&euml; aleanc&euml; &euml;sht&euml; thelb&euml;sore p&euml;r mbrojtjen e interesave t&euml; siguris&euml; komb&euml;tare t&euml; Shteteve t&euml; Bashkuara n&euml; Evrop&euml;n Juglindore. Rezoluta, e paraqitur m&euml; [&hellip;]<\/p>\n","protected":false},"author":2,"featured_media":50088,"comment_status":"open","ping_status":"closed","sticky":false,"template":"","format":"standard","meta":{"_monsterinsights_skip_tracking":false,"_monsterinsights_sitenote_active":false,"_monsterinsights_sitenote_note":"","_monsterinsights_sitenote_category":0,"footnotes":""},"categories":[576],"tags":[],"class_list":["post-50087","post","type-post","status-publish","format-standard","has-post-thumbnail","hentry","category-rajoni"],"_links":{"self":[{"href":"https:\/\/radiojehona.mk\/index.php?rest_route=\/wp\/v2\/posts\/50087","targetHints":{"allow":["GET"]}}],"collection":[{"href":"https:\/\/radiojehona.mk\/index.php?rest_route=\/wp\/v2\/posts"}],"about":[{"href":"https:\/\/radiojehona.mk\/index.php?rest_route=\/wp\/v2\/types\/post"}],"author":[{"embeddable":true,"href":"https:\/\/radiojehona.mk\/index.php?rest_route=\/wp\/v2\/users\/2"}],"replies":[{"embeddable":true,"href":"https:\/\/radiojehona.mk\/index.php?rest_route=%2Fwp%2Fv2%2Fcomments&post=50087"}],"version-history":[{"count":1,"href":"https:\/\/radiojehona.mk\/index.php?rest_route=\/wp\/v2\/posts\/50087\/revisions"}],"predecessor-version":[{"id":50089,"href":"https:\/\/radiojehona.mk\/index.php?rest_route=\/wp\/v2\/posts\/50087\/revisions\/50089"}],"wp:featuredmedia":[{"embeddable":true,"href":"https:\/\/radiojehona.mk\/index.php?rest_route=\/wp\/v2\/media\/50088"}],"wp:attachment":[{"href":"https:\/\/radiojehona.mk\/index.php?rest_route=%2Fwp%2Fv2%2Fmedia&parent=50087"}],"wp:term":[{"taxonomy":"category","embeddable":true,"href":"https:\/\/radiojehona.mk\/index.php?rest_route=%2Fwp%2Fv2%2Fcategories&post=50087"},{"taxonomy":"post_tag","embeddable":true,"href":"https:\/\/radiojehona.mk\/index.php?rest_route=%2Fwp%2Fv2%2Ftags&post=50087"}],"curies":[{"name":"wp","href":"https:\/\/api.w.org\/{rel}","templated":true}]}}