{"id":50081,"date":"2026-05-01T17:05:34","date_gmt":"2026-05-01T17:05:34","guid":{"rendered":"https:\/\/radiojehona.mk\/?p=50081"},"modified":"2026-05-01T17:05:35","modified_gmt":"2026-05-01T17:05:35","slug":"saraji-shnderrohet-ne-qender-te-kultures-rajonale-starton-saraj-fest-2026","status":"publish","type":"post","link":"https:\/\/radiojehona.mk\/?p=50081","title":{"rendered":"Saraji shnd\u00ebrrohet n\u00eb qend\u00ebr t\u00eb kultur\u00ebs rajonale: Starton \u201cSaraj Fest 2026\u201d"},"content":{"rendered":"\n<figure class=\"wp-block-image size-full\"><img fetchpriority=\"high\" decoding=\"async\" width=\"696\" height=\"464\" src=\"https:\/\/radiojehona.mk\/wp-content\/uploads\/2026\/05\/683701654_1459325769570724_4980732664940409196_n.webp\" alt=\"\" class=\"wp-image-50082\" srcset=\"https:\/\/radiojehona.mk\/wp-content\/uploads\/2026\/05\/683701654_1459325769570724_4980732664940409196_n.webp 696w, https:\/\/radiojehona.mk\/wp-content\/uploads\/2026\/05\/683701654_1459325769570724_4980732664940409196_n-300x200.webp 300w\" sizes=\"(max-width: 696px) 100vw, 696px\" \/><\/figure>\n\n\n\n<p><strong>SARAJ<\/strong>\u00a0\u2013 Komuna e Sarajit ka hapur dyert p\u00ebr edicionin e radh\u00ebs t\u00eb manifestimit nd\u00ebrkomb\u00ebtar\u00a0<strong>\u201cSaraj Fest 2026\u201d<\/strong>. Kryetari i komun\u00ebs, z. Muhamet Elmazi, mir\u00ebpriti sot n\u00eb nj\u00eb takim zyrtar p\u00ebrfaq\u00ebsuesit e shoq\u00ebrive kulturo-artistike nga vende t\u00eb ndryshme t\u00eb rajonit, duke sh\u00ebnuar k\u00ebshtu nisjen e nj\u00eb prej ngjarjeve m\u00eb t\u00eb r\u00ebnd\u00ebsishme kulturore t\u00eb vitit.<\/p>\n\n\n\n<h3 class=\"wp-block-heading\">Arti si ur\u00eb komunikimi<\/h3>\n\n\n\n<p>Gjat\u00eb pritjes, kryetari Elmazi vuri n\u00eb dukje se ky festival nuk \u00ebsht\u00eb thjesht nj\u00eb gar\u00eb artistike, por nj\u00eb platform\u00eb e fuqishme q\u00eb d\u00ebshmon rolin e artit n\u00eb bashkimin e traditave dhe popujve t\u00eb ndrysh\u00ebm. Sipas tij, Saraji tashm\u00eb \u00ebsht\u00eb pozicionuar si nj\u00eb mikprit\u00ebs dinjitoz i ngjarjeve q\u00eb promovojn\u00eb dialogun dhe mir\u00ebkuptimin nd\u00ebretnik e nd\u00ebrkomb\u00ebtar.<\/p>\n\n\n\n<blockquote class=\"wp-block-quote is-layout-flow wp-block-quote-is-layout-flow\">\n<p><em>\u201cJemi t\u00eb nderuar q\u00eb Saraji shnd\u00ebrrohet n\u00eb vendtakim t\u00eb kulturave t\u00eb rajonit. Ky festival pasuron jo vet\u00ebm jet\u00ebn kulturore t\u00eb banor\u00ebve tan\u00eb, por d\u00ebrgon nj\u00eb mesazh paqeje dhe bashk\u00ebpunimi p\u00ebrmes vlerave universale t\u00eb artit,\u201d<\/em>&nbsp;u shpreh Elmazi gjat\u00eb takimit.<\/p>\n<\/blockquote>\n\n\n\n<h3 class=\"wp-block-heading\">Pritshm\u00ebrit\u00eb p\u00ebr \u201cSaraj Fest 2026\u201d<\/h3>\n\n\n\n<p>Organizator\u00ebt dhe autoritetet lokale presin q\u00eb manifestimi i sivjetm\u00eb t\u00eb sjell\u00eb nj\u00eb atmosfer\u00eb t\u00eb gjall\u00eb festive n\u00eb t\u00eb gjith\u00eb territorin e komun\u00ebs. Pjes\u00ebmarrja e larmishme e shoq\u00ebrive artistike garanton nj\u00eb program t\u00eb pasur me valle, muzik\u00eb dhe rite tradicionale q\u00eb p\u00ebrfaq\u00ebsojn\u00eb identitetin e vendeve pjes\u00ebmarr\u00ebse.<\/p>\n\n\n\n<p>Komuna e Sarajit u ka uruar suksese t\u00eb gjith\u00eb artist\u00ebve n\u00eb paraqitjet e tyre, nd\u00ebrsa u ka b\u00ebr\u00eb thirrje qytetar\u00ebve q\u00eb t\u00eb b\u00ebhen pjes\u00eb e k\u00ebtij festimi q\u00eb synon t\u00eb lart\u00ebsoj\u00eb vlerat e trash\u00ebgimis\u00eb son\u00eb t\u00eb p\u00ebrbashk\u00ebt.<\/p>\n","protected":false},"excerpt":{"rendered":"<p>SARAJ&nbsp;&ndash; Komuna e Sarajit ka hapur dyert p&euml;r edicionin e radh&euml;s t&euml; manifestimit nd&euml;rkomb&euml;tar&nbsp;&ldquo;Saraj Fest 2026&rdquo;. Kryetari i komun&euml;s, z. Muhamet Elmazi, mir&euml;priti sot n&euml; nj&euml; takim zyrtar p&euml;rfaq&euml;suesit e shoq&euml;rive kulturo-artistike nga vende t&euml; ndryshme t&euml; rajonit, duke sh&euml;nuar k&euml;shtu nisjen e nj&euml; prej ngjarjeve m&euml; t&euml; r&euml;nd&euml;sishme kulturore t&euml; vitit. Arti si ur&euml; [&hellip;]<\/p>\n","protected":false},"author":2,"featured_media":50082,"comment_status":"open","ping_status":"closed","sticky":false,"template":"","format":"standard","meta":{"_monsterinsights_skip_tracking":false,"_monsterinsights_sitenote_active":false,"_monsterinsights_sitenote_note":"","_monsterinsights_sitenote_category":0,"footnotes":""},"categories":[1],"tags":[],"class_list":["post-50081","post","type-post","status-publish","format-standard","has-post-thumbnail","hentry","category-vendi"],"_links":{"self":[{"href":"https:\/\/radiojehona.mk\/index.php?rest_route=\/wp\/v2\/posts\/50081","targetHints":{"allow":["GET"]}}],"collection":[{"href":"https:\/\/radiojehona.mk\/index.php?rest_route=\/wp\/v2\/posts"}],"about":[{"href":"https:\/\/radiojehona.mk\/index.php?rest_route=\/wp\/v2\/types\/post"}],"author":[{"embeddable":true,"href":"https:\/\/radiojehona.mk\/index.php?rest_route=\/wp\/v2\/users\/2"}],"replies":[{"embeddable":true,"href":"https:\/\/radiojehona.mk\/index.php?rest_route=%2Fwp%2Fv2%2Fcomments&post=50081"}],"version-history":[{"count":1,"href":"https:\/\/radiojehona.mk\/index.php?rest_route=\/wp\/v2\/posts\/50081\/revisions"}],"predecessor-version":[{"id":50083,"href":"https:\/\/radiojehona.mk\/index.php?rest_route=\/wp\/v2\/posts\/50081\/revisions\/50083"}],"wp:featuredmedia":[{"embeddable":true,"href":"https:\/\/radiojehona.mk\/index.php?rest_route=\/wp\/v2\/media\/50082"}],"wp:attachment":[{"href":"https:\/\/radiojehona.mk\/index.php?rest_route=%2Fwp%2Fv2%2Fmedia&parent=50081"}],"wp:term":[{"taxonomy":"category","embeddable":true,"href":"https:\/\/radiojehona.mk\/index.php?rest_route=%2Fwp%2Fv2%2Fcategories&post=50081"},{"taxonomy":"post_tag","embeddable":true,"href":"https:\/\/radiojehona.mk\/index.php?rest_route=%2Fwp%2Fv2%2Ftags&post=50081"}],"curies":[{"name":"wp","href":"https:\/\/api.w.org\/{rel}","templated":true}]}}