{"id":50078,"date":"2026-05-01T17:03:16","date_gmt":"2026-05-01T17:03:16","guid":{"rendered":"https:\/\/radiojehona.mk\/?p=50078"},"modified":"2026-05-01T17:03:17","modified_gmt":"2026-05-01T17:03:17","slug":"autostrada-unesco-se-shpejti-ne-struge","status":"publish","type":"post","link":"https:\/\/radiojehona.mk\/?p=50078","title":{"rendered":"Autostrada, UNESCO s\u00eb shpejti n\u00eb Strug\u00eb"},"content":{"rendered":"\n<figure class=\"wp-block-image size-large\"><img fetchpriority=\"high\" decoding=\"async\" width=\"1024\" height=\"682\" src=\"https:\/\/radiojehona.mk\/wp-content\/uploads\/2026\/05\/1140053_0.jpeg-1068x711-1-1024x682.webp\" alt=\"\" class=\"wp-image-50079\" srcset=\"https:\/\/radiojehona.mk\/wp-content\/uploads\/2026\/05\/1140053_0.jpeg-1068x711-1-1024x682.webp 1024w, https:\/\/radiojehona.mk\/wp-content\/uploads\/2026\/05\/1140053_0.jpeg-1068x711-1-300x200.webp 300w, https:\/\/radiojehona.mk\/wp-content\/uploads\/2026\/05\/1140053_0.jpeg-1068x711-1-768x511.webp 768w, https:\/\/radiojehona.mk\/wp-content\/uploads\/2026\/05\/1140053_0.jpeg-1068x711-1.webp 1068w\" sizes=\"(max-width: 1024px) 100vw, 1024px\" \/><\/figure>\n\n\n\n<p>UNESKO pritet t\u00eb vij\u00eb p\u00ebr inspektim n\u00eb rajonin e Ohrit n\u00eb fund t\u00eb majit ose n\u00eb mes t\u00eb qershorit. Mes 29 deri 31 maj ose 12 deri 14 qershor ekipi i tyre duhet t\u00eb jet\u00eb n\u00eb Oh\u00ebr. \u00cbsht\u00eb parapar\u00eb q\u00eb ata t\u00eb vizitojn\u00eb edhe trasen\u00eb ku fillimisht ishte planifikuar t\u00eb nd\u00ebrtohej autostrada nga Trebenishti deri n\u00eb Qaf\u00eb Than\u00eb. Por Struga nuk \u00ebsht\u00eb p\u00ebrfshir\u00eb n\u00eb projektin aktual p\u00ebr autostrad\u00ebn Trebenisht\u2013Qaf\u00eb Than\u00eb. Ai ishte parapar\u00eb si projekt me sistem t\u00eb mbyllur, me hyrje te Trebenishti dhe dalje para Qaf\u00eb Than\u00ebs.<\/p>\n\n\n\n<p><em>\u201cQ\u00eb dje e vum\u00eb n\u00eb p\u00ebrdorim nyj\u00ebn rrugore t\u00eb Trebenishtit. Kjo \u00ebsht\u00eb nyja nga e cila duhet t\u00eb filloj\u00eb autostrada e re nga Trebenishti deri n\u00eb Qaf\u00eb Than\u00eb dhe kjo \u00ebsht\u00eb d\u00ebshmia m\u00eb e mir\u00eb se kjo Qeveri \u00ebsht\u00eb e p\u00ebrkushtuar ta nd\u00ebrtoj\u00eb at\u00eb autostrad\u00eb. P\u00ebrndryshe nuk do ta nd\u00ebrtonim at\u00eb nyje dhe nuk do t\u00eb shpenzonim mjete aty. Por tani vendimi nuk \u00ebsht\u00eb n\u00eb duart tona. N\u00eb perspektiv\u00eb mendoj se ky vendim \u00ebsht\u00eb i mir\u00eb, sepse duhet t\u00eb l\u00ebm\u00eb hap\u00ebsir\u00eb edhe p\u00ebr gjeneratat e ardhshme\u201d, deklaroi Aleksandar Nikolloski \u2013 Minist\u00ebr i Transportit dhe Lidhjeve.<\/em><\/p>\n\n\n\n<p>Nd\u00ebrkoh\u00eb, kryeministri Hristijan Mickoski premton se segmenti prej 57 kilometra i autostrad\u00ebs K\u00ebr\u00e7ov\u00eb\u2013Oh\u00ebr do t\u00eb p\u00ebrfundoj\u00eb deri n\u00eb vitin 2027.<\/p>\n\n\n\n<p><em>\u201cPresim q\u00eb, sipas paralajm\u00ebrimeve t\u00eb m\u00ebparshme, rruga nga K\u00ebr\u00e7ova deri n\u00eb Oh\u00ebr t\u00eb hapet plot\u00ebsisht m\u00eb s\u00eb voni n\u00eb tremujorin e par\u00eb t\u00eb vitit 2027. E dini me \u00e7far\u00eb sfida u p\u00ebrball\u00ebm. Kredia nga banka kineze \u201cExim\u201d u anulua, andaj me bankat komerciale vendase krijuam sindikat dhe projekti do t\u00eb realizohet plot\u00ebsisht deri n\u00eb fund\u201d, tha Hristijan Mickoski, Kryeminist\u00ebr.<\/em><\/p>\n\n\n\n<p>Pas bisedimeve me UNESKO-n, n\u00eb qershor pritet t\u00eb dihet q\u00ebndrimi p\u00ebrfundimtar p\u00ebr trasen\u00eb m\u00eb t\u00eb mir\u00eb t\u00eb mundshme. Aksi Trebenisht\u2013Qaf\u00eb Than\u00eb duhej t\u00eb lidhej me autostrad\u00ebn n\u00eb nd\u00ebrtim Oh\u00ebr\u2013K\u00ebr\u00e7ov\u00eb, e cila pritet t\u00eb p\u00ebrfundoj\u00eb n\u00eb fund t\u00eb vitit 2026 ose n\u00eb mes t\u00eb vitit 2027. Kostoja p\u00ebrfundimtare e nd\u00ebrtimit pritet t\u00eb arrij\u00eb 760\u2013770 milion\u00eb euro, ose rreth 13.5 milion\u00eb euro p\u00ebr kilomet\u00ebr.(Alsat.mk.)<\/p>\n","protected":false},"excerpt":{"rendered":"<p>UNESKO pritet t&euml; vij&euml; p&euml;r inspektim n&euml; rajonin e Ohrit n&euml; fund t&euml; majit ose n&euml; mes t&euml; qershorit. Mes 29 deri 31 maj ose 12 deri 14 qershor ekipi i tyre duhet t&euml; jet&euml; n&euml; Oh&euml;r. &Euml;sht&euml; parapar&euml; q&euml; ata t&euml; vizitojn&euml; edhe trasen&euml; ku fillimisht ishte planifikuar t&euml; nd&euml;rtohej autostrada nga Trebenishti deri [&hellip;]<\/p>\n","protected":false},"author":2,"featured_media":50079,"comment_status":"open","ping_status":"closed","sticky":false,"template":"","format":"standard","meta":{"_monsterinsights_skip_tracking":false,"_monsterinsights_sitenote_active":false,"_monsterinsights_sitenote_note":"","_monsterinsights_sitenote_category":0,"footnotes":""},"categories":[1],"tags":[],"class_list":["post-50078","post","type-post","status-publish","format-standard","has-post-thumbnail","hentry","category-vendi"],"_links":{"self":[{"href":"https:\/\/radiojehona.mk\/index.php?rest_route=\/wp\/v2\/posts\/50078","targetHints":{"allow":["GET"]}}],"collection":[{"href":"https:\/\/radiojehona.mk\/index.php?rest_route=\/wp\/v2\/posts"}],"about":[{"href":"https:\/\/radiojehona.mk\/index.php?rest_route=\/wp\/v2\/types\/post"}],"author":[{"embeddable":true,"href":"https:\/\/radiojehona.mk\/index.php?rest_route=\/wp\/v2\/users\/2"}],"replies":[{"embeddable":true,"href":"https:\/\/radiojehona.mk\/index.php?rest_route=%2Fwp%2Fv2%2Fcomments&post=50078"}],"version-history":[{"count":1,"href":"https:\/\/radiojehona.mk\/index.php?rest_route=\/wp\/v2\/posts\/50078\/revisions"}],"predecessor-version":[{"id":50080,"href":"https:\/\/radiojehona.mk\/index.php?rest_route=\/wp\/v2\/posts\/50078\/revisions\/50080"}],"wp:featuredmedia":[{"embeddable":true,"href":"https:\/\/radiojehona.mk\/index.php?rest_route=\/wp\/v2\/media\/50079"}],"wp:attachment":[{"href":"https:\/\/radiojehona.mk\/index.php?rest_route=%2Fwp%2Fv2%2Fmedia&parent=50078"}],"wp:term":[{"taxonomy":"category","embeddable":true,"href":"https:\/\/radiojehona.mk\/index.php?rest_route=%2Fwp%2Fv2%2Fcategories&post=50078"},{"taxonomy":"post_tag","embeddable":true,"href":"https:\/\/radiojehona.mk\/index.php?rest_route=%2Fwp%2Fv2%2Ftags&post=50078"}],"curies":[{"name":"wp","href":"https:\/\/api.w.org\/{rel}","templated":true}]}}