{"id":50072,"date":"2026-05-01T17:00:45","date_gmt":"2026-05-01T17:00:45","guid":{"rendered":"https:\/\/radiojehona.mk\/?p=50072"},"modified":"2026-05-01T17:00:46","modified_gmt":"2026-05-01T17:00:46","slug":"vlen-investim-historik-prej-74-milione-euro-per-spitalin-klinik-ne-tetove","status":"publish","type":"post","link":"https:\/\/radiojehona.mk\/?p=50072","title":{"rendered":"VLEN: Investim historik prej 74 milion\u00eb euro p\u00ebr Spitalin klinik n\u00eb Tetov\u00eb"},"content":{"rendered":"\n<figure class=\"wp-block-image size-large\"><img fetchpriority=\"high\" decoding=\"async\" width=\"1024\" height=\"683\" src=\"https:\/\/radiojehona.mk\/wp-content\/uploads\/2026\/05\/IMG_2652-1024x683.jpeg\" alt=\"\" class=\"wp-image-50073\" srcset=\"https:\/\/radiojehona.mk\/wp-content\/uploads\/2026\/05\/IMG_2652-1024x683.jpeg 1024w, https:\/\/radiojehona.mk\/wp-content\/uploads\/2026\/05\/IMG_2652-300x200.jpeg 300w, https:\/\/radiojehona.mk\/wp-content\/uploads\/2026\/05\/IMG_2652-768x512.jpeg 768w, https:\/\/radiojehona.mk\/wp-content\/uploads\/2026\/05\/IMG_2652.jpeg 1536w\" sizes=\"(max-width: 1024px) 100vw, 1024px\" \/><\/figure>\n\n\n\n<p>Rajoni i Pollogut pritet t\u00eb p\u00ebrfitoj\u00eb nga nj\u00eb investim i madh n\u00eb sektorin e sh\u00ebndet\u00ebsis\u00eb, i cili synon modernizimin e plot\u00eb t\u00eb Spitalit Klinik n\u00eb Tetov\u00eb. Sipas kumtes\u00ebs s\u00eb koalicionit VLEN, projekti kap vler\u00ebn prej rreth 74 milion\u00eb euro dhe konsiderohet si nd\u00ebr investimet m\u00eb t\u00eb m\u00ebdha sh\u00ebndet\u00ebsore t\u00eb realizuara ndonj\u00ebher\u00eb n\u00eb k\u00ebt\u00eb zon\u00eb.<\/p>\n\n\n\n<p>Projekti p\u00ebrfshin rikonstruimin e kapaciteteve ekzistuese, nd\u00ebrtimin e pavijoneve t\u00eb reja dhe pajisjen me teknologji moderne, me q\u00ebllim p\u00ebrmir\u00ebsimin e cil\u00ebsis\u00eb s\u00eb sh\u00ebrbimeve p\u00ebr pacient\u00ebt. Nga ky investim pritet t\u00eb p\u00ebrfitojn\u00eb drejtp\u00ebrdrejt mbi 250 mij\u00eb qytetar\u00eb, duke reduktuar nevoj\u00ebn p\u00ebr trajtim jasht\u00eb rajonit.<\/p>\n\n\n\n<p>Nga VLEN theksojn\u00eb se ky projekt do t\u00eb ndikoj\u00eb ndjesh\u00ebm n\u00eb rritjen e kapaciteteve sh\u00ebndet\u00ebsore n\u00eb Pollog, duke krijuar kushte m\u00eb t\u00eb mira p\u00ebr pacient\u00ebt dhe stafin mjek\u00ebsor. Ata shtojn\u00eb se, pas viteve t\u00eb gjata mungese investimesh, ky \u00ebsht\u00eb nj\u00eb hap i r\u00ebnd\u00ebsish\u00ebm drejt p\u00ebrmir\u00ebsimit t\u00eb sistemit sh\u00ebndet\u00ebsor n\u00eb rajon.<\/p>\n","protected":false},"excerpt":{"rendered":"<p>Rajoni i Pollogut pritet t&euml; p&euml;rfitoj&euml; nga nj&euml; investim i madh n&euml; sektorin e sh&euml;ndet&euml;sis&euml;, i cili synon modernizimin e plot&euml; t&euml; Spitalit Klinik n&euml; Tetov&euml;. Sipas kumtes&euml;s s&euml; koalicionit VLEN, projekti kap vler&euml;n prej rreth 74 milion&euml; euro dhe konsiderohet si nd&euml;r investimet m&euml; t&euml; m&euml;dha sh&euml;ndet&euml;sore t&euml; realizuara ndonj&euml;her&euml; n&euml; k&euml;t&euml; zon&euml;. Projekti [&hellip;]<\/p>\n","protected":false},"author":2,"featured_media":50073,"comment_status":"open","ping_status":"closed","sticky":false,"template":"","format":"standard","meta":{"_monsterinsights_skip_tracking":false,"_monsterinsights_sitenote_active":false,"_monsterinsights_sitenote_note":"","_monsterinsights_sitenote_category":0,"footnotes":""},"categories":[1],"tags":[],"class_list":["post-50072","post","type-post","status-publish","format-standard","has-post-thumbnail","hentry","category-vendi"],"_links":{"self":[{"href":"https:\/\/radiojehona.mk\/index.php?rest_route=\/wp\/v2\/posts\/50072","targetHints":{"allow":["GET"]}}],"collection":[{"href":"https:\/\/radiojehona.mk\/index.php?rest_route=\/wp\/v2\/posts"}],"about":[{"href":"https:\/\/radiojehona.mk\/index.php?rest_route=\/wp\/v2\/types\/post"}],"author":[{"embeddable":true,"href":"https:\/\/radiojehona.mk\/index.php?rest_route=\/wp\/v2\/users\/2"}],"replies":[{"embeddable":true,"href":"https:\/\/radiojehona.mk\/index.php?rest_route=%2Fwp%2Fv2%2Fcomments&post=50072"}],"version-history":[{"count":1,"href":"https:\/\/radiojehona.mk\/index.php?rest_route=\/wp\/v2\/posts\/50072\/revisions"}],"predecessor-version":[{"id":50074,"href":"https:\/\/radiojehona.mk\/index.php?rest_route=\/wp\/v2\/posts\/50072\/revisions\/50074"}],"wp:featuredmedia":[{"embeddable":true,"href":"https:\/\/radiojehona.mk\/index.php?rest_route=\/wp\/v2\/media\/50073"}],"wp:attachment":[{"href":"https:\/\/radiojehona.mk\/index.php?rest_route=%2Fwp%2Fv2%2Fmedia&parent=50072"}],"wp:term":[{"taxonomy":"category","embeddable":true,"href":"https:\/\/radiojehona.mk\/index.php?rest_route=%2Fwp%2Fv2%2Fcategories&post=50072"},{"taxonomy":"post_tag","embeddable":true,"href":"https:\/\/radiojehona.mk\/index.php?rest_route=%2Fwp%2Fv2%2Ftags&post=50072"}],"curies":[{"name":"wp","href":"https:\/\/api.w.org\/{rel}","templated":true}]}}