{"id":50069,"date":"2026-05-01T09:48:10","date_gmt":"2026-05-01T09:48:10","guid":{"rendered":"https:\/\/radiojehona.mk\/?p=50069"},"modified":"2026-05-01T09:48:11","modified_gmt":"2026-05-01T09:48:11","slug":"vlen-mbledh-850-delegate-ne-kongresin-e-9-majit-zbulohet-slogani-zyrtar","status":"publish","type":"post","link":"https:\/\/radiojehona.mk\/?p=50069","title":{"rendered":"VLEN mbledh 850 delegat\u00eb n\u00eb kongresin e 9 majit, zbulohet slogani zyrtar"},"content":{"rendered":"\n<figure class=\"wp-block-image size-full\"><img fetchpriority=\"high\" decoding=\"async\" width=\"696\" height=\"385\" src=\"https:\/\/radiojehona.mk\/wp-content\/uploads\/2026\/05\/vlen-kreret-696x385-1.png\" alt=\"\" class=\"wp-image-50070\" srcset=\"https:\/\/radiojehona.mk\/wp-content\/uploads\/2026\/05\/vlen-kreret-696x385-1.png 696w, https:\/\/radiojehona.mk\/wp-content\/uploads\/2026\/05\/vlen-kreret-696x385-1-300x166.png 300w\" sizes=\"(max-width: 696px) 100vw, 696px\" \/><\/figure>\n\n\n\n<p>Koalicioni VLEN do t\u00eb mbaj\u00eb Kongresin e tij m\u00eb 9 maj, ku pritet t\u00eb formalizohet bashkimi i plot\u00eb i pes\u00eb subjekteve politike n\u00eb nj\u00eb struktur\u00eb t\u00eb vetme.<\/p>\n\n\n\n<p>Burime t\u00eb portalit Zyrtare b\u00ebjn\u00eb t\u00eb ditur se n\u00eb k\u00ebt\u00eb Kongres do t\u00eb marrin pjes\u00eb gjithsej 850 delegat\u00eb. Secila nga pes\u00eb partit\u00eb q\u00eb po shkrihen n\u00eb kuad\u00ebr t\u00eb VLEN-it ka deleguar nga 170 p\u00ebrfaq\u00ebsues, duke reflektuar nj\u00eb p\u00ebrfaq\u00ebsim t\u00eb barabart\u00eb n\u00eb procesin e unifikimit.<\/p>\n\n\n\n<p>Po ashtu, m\u00ebsohet se slogani zyrtar me t\u00eb cilin VLEN do t\u00eb prezantohet para opinionit publik do t\u00eb jet\u00eb \u201cVLEN NJ\u00cb\u201d, duke simbolizuar bashkimin dhe konsolidimin e forcave politike brenda k\u00ebtij koalicioni.<\/p>\n\n\n\n<p>Kongresi i 9 majit konsiderohet si nj\u00eb moment ky\u00e7 p\u00ebr VLEN-in, pasi pritet t\u00eb vulos\u00eb struktur\u00ebn e re organizative dhe drejtimin politik t\u00eb subjektit t\u00eb bashkuar.<\/p>\n","protected":false},"excerpt":{"rendered":"<p>Koalicioni VLEN do t&euml; mbaj&euml; Kongresin e tij m&euml; 9 maj, ku pritet t&euml; formalizohet bashkimi i plot&euml; i pes&euml; subjekteve politike n&euml; nj&euml; struktur&euml; t&euml; vetme. Burime t&euml; portalit Zyrtare b&euml;jn&euml; t&euml; ditur se n&euml; k&euml;t&euml; Kongres do t&euml; marrin pjes&euml; gjithsej 850 delegat&euml;. Secila nga pes&euml; partit&euml; q&euml; po shkrihen n&euml; kuad&euml;r t&euml; [&hellip;]<\/p>\n","protected":false},"author":2,"featured_media":50070,"comment_status":"open","ping_status":"closed","sticky":false,"template":"","format":"standard","meta":{"_monsterinsights_skip_tracking":false,"_monsterinsights_sitenote_active":false,"_monsterinsights_sitenote_note":"","_monsterinsights_sitenote_category":0,"footnotes":""},"categories":[1],"tags":[],"class_list":["post-50069","post","type-post","status-publish","format-standard","has-post-thumbnail","hentry","category-vendi"],"_links":{"self":[{"href":"https:\/\/radiojehona.mk\/index.php?rest_route=\/wp\/v2\/posts\/50069","targetHints":{"allow":["GET"]}}],"collection":[{"href":"https:\/\/radiojehona.mk\/index.php?rest_route=\/wp\/v2\/posts"}],"about":[{"href":"https:\/\/radiojehona.mk\/index.php?rest_route=\/wp\/v2\/types\/post"}],"author":[{"embeddable":true,"href":"https:\/\/radiojehona.mk\/index.php?rest_route=\/wp\/v2\/users\/2"}],"replies":[{"embeddable":true,"href":"https:\/\/radiojehona.mk\/index.php?rest_route=%2Fwp%2Fv2%2Fcomments&post=50069"}],"version-history":[{"count":1,"href":"https:\/\/radiojehona.mk\/index.php?rest_route=\/wp\/v2\/posts\/50069\/revisions"}],"predecessor-version":[{"id":50071,"href":"https:\/\/radiojehona.mk\/index.php?rest_route=\/wp\/v2\/posts\/50069\/revisions\/50071"}],"wp:featuredmedia":[{"embeddable":true,"href":"https:\/\/radiojehona.mk\/index.php?rest_route=\/wp\/v2\/media\/50070"}],"wp:attachment":[{"href":"https:\/\/radiojehona.mk\/index.php?rest_route=%2Fwp%2Fv2%2Fmedia&parent=50069"}],"wp:term":[{"taxonomy":"category","embeddable":true,"href":"https:\/\/radiojehona.mk\/index.php?rest_route=%2Fwp%2Fv2%2Fcategories&post=50069"},{"taxonomy":"post_tag","embeddable":true,"href":"https:\/\/radiojehona.mk\/index.php?rest_route=%2Fwp%2Fv2%2Ftags&post=50069"}],"curies":[{"name":"wp","href":"https:\/\/api.w.org\/{rel}","templated":true}]}}