{"id":50066,"date":"2026-05-01T09:46:49","date_gmt":"2026-05-01T09:46:49","guid":{"rendered":"https:\/\/radiojehona.mk\/?p=50066"},"modified":"2026-05-01T09:46:50","modified_gmt":"2026-05-01T09:46:50","slug":"ahmeti-deklaratat-e-kurtit-per-gjuhen-shqipe-u-perdoren-nga-antishqiptaret-me-gerryente-ne-shpirt","status":"publish","type":"post","link":"https:\/\/radiojehona.mk\/?p=50066","title":{"rendered":"Ahmeti: Deklaratat e Kurtit p\u00ebr gjuh\u00ebn shqipe u p\u00ebrdor\u00ebn nga antishqiptar\u00ebt, m\u00eb g\u00ebrryente n\u00eb shpirt"},"content":{"rendered":"\n<figure class=\"wp-block-image size-full\"><img fetchpriority=\"high\" decoding=\"async\" width=\"960\" height=\"542\" src=\"https:\/\/radiojehona.mk\/wp-content\/uploads\/2026\/05\/ALI.jpg\" alt=\"\" class=\"wp-image-50067\" srcset=\"https:\/\/radiojehona.mk\/wp-content\/uploads\/2026\/05\/ALI.jpg 960w, https:\/\/radiojehona.mk\/wp-content\/uploads\/2026\/05\/ALI-300x169.jpg 300w, https:\/\/radiojehona.mk\/wp-content\/uploads\/2026\/05\/ALI-768x434.jpg 768w\" sizes=\"(max-width: 960px) 100vw, 960px\" \/><\/figure>\n\n\n\n<p>Kryetari i Bashkimi Demokratik p\u00ebr Integrim, Ali Ahmeti, ka folur lidhur me statusin e gjuh\u00ebs shqipe n\u00eb Maqedonia e Veriut.<\/p>\n\n\n\n<p>N\u00eb Debat Plus, Ahmeti tha se q\u00ebndrimet e kryeministrit t\u00eb Kosov\u00ebs, Albin Kurtit kan\u00eb ndikuar n\u00eb \u201cdelegjitimimin\u201d e k\u00ebrkesave t\u00eb shqiptar\u00ebve dhe i kan\u00eb dh\u00ebn\u00eb argumente politike kryeministrit t\u00eb Maqedonis\u00eb s\u00eb Veriut, Hristijan Mickoski.<\/p>\n\n\n\n<p>Sipas tij, edhe deklarimet se gjuha shqipe nuk ka qen\u00eb gjuh\u00eb zyrtare kan\u00eb krijuar nj\u00eb situat\u00eb shqet\u00ebsuese, duke u p\u00ebrdorur nga qarqe antishqiptare.<\/p>\n\n\n\n<p>Ahmeti u shpreh se kjo ka ndikuar negativisht n\u00eb t\u00eb drejtat dhe p\u00ebrfaq\u00ebsimin e shqiptar\u00ebve, duke theksuar se \u201cgjuha po kontestohet dhe nuk p\u00ebrdoret m\u00eb si m\u00eb par\u00eb n\u00eb institucione\u201d.<\/p>\n\n\n\n<p>\u201cQ\u00eb ne na delegjitimoi dhe q\u00eb u dha argument Kristian Mickoskit dhe fuqi politike, q\u00eb kryeministri po i mb\u00ebshtes\u00eb ata forca politike. Kryeministri i Kosov\u00ebs po del dhe thot\u00eb se gjuha shqipe kurr\u00eb s\u2019ka qen\u00eb zyrtare. Dhe jav\u00eb t\u00eb t\u00ebra antishqiptar\u00ebt m\u00eb t\u00eb m\u00ebdhenj, e vendosnin n\u00eb ekran kryeministrin e Kosov\u00ebs, q\u00eb mua m\u00eb g\u00ebrryente n\u00eb shpirt, ja kryeministri i Kosov\u00ebs thot\u00eb q\u00eb gjuha shqipe s\u2019ka qen\u00eb zyrtare dhe nuk \u00ebsht\u00eb.<\/p>\n\n\n\n<p>Ishte kryeministri i Kosov\u00ebs q\u00eb shqiptar\u00ebve k\u00ebtu ua hoqi t\u00eb drejt\u00ebn legjitime, legjitimitetin\u2026 kjo me ka brengosur nga kryeministrit. Sepse i t\u00ebr\u00eb devalvimi i situat\u00ebs k\u00ebtu, asnj\u00eb hap prapa nuk ka shkuar. Q\u00eb dy vjet k\u00ebtu nga nj\u00eb hap shkohet. Kontestohet gjuha, dhe nuk p\u00ebrdoret m\u00eb, si\u00e7 \u00ebsht\u00eb p\u00ebrdorur n\u00ebp\u00ebr institucione. P\u00ebrfaq\u00ebsimi i drejt\u00eb \u00ebsht\u00eb heq\u201d, ka th\u00ebn\u00eb Ahmeti.<\/p>\n\n\n\n<p>K\u00ebto komente vijn\u00eb n\u00eb nj\u00eb koh\u00eb kur debati p\u00ebr gjuh\u00ebn shqipe \u00ebsht\u00eb intensifikuar n\u00eb Maqedonin\u00eb e Veriut, pas protestave t\u00eb student\u00ebve shqiptar\u00eb n\u00eb Shkup, t\u00eb cil\u00ebt k\u00ebrkojn\u00eb q\u00eb provimet profesionale t\u00eb mund t\u00eb mbahen edhe n\u00eb gjuh\u00ebn shqipe, n\u00eb p\u00ebrputhje me legjislacionin ekzistues.<\/p>\n","protected":false},"excerpt":{"rendered":"<p>Kryetari i Bashkimi Demokratik p&euml;r Integrim, Ali Ahmeti, ka folur lidhur me statusin e gjuh&euml;s shqipe n&euml; Maqedonia e Veriut. N&euml; Debat Plus, Ahmeti tha se q&euml;ndrimet e kryeministrit t&euml; Kosov&euml;s, Albin Kurtit kan&euml; ndikuar n&euml; &ldquo;delegjitimimin&rdquo; e k&euml;rkesave t&euml; shqiptar&euml;ve dhe i kan&euml; dh&euml;n&euml; argumente politike kryeministrit t&euml; Maqedonis&euml; s&euml; Veriut, Hristijan Mickoski. Sipas [&hellip;]<\/p>\n","protected":false},"author":2,"featured_media":50067,"comment_status":"open","ping_status":"closed","sticky":false,"template":"","format":"standard","meta":{"_monsterinsights_skip_tracking":false,"_monsterinsights_sitenote_active":false,"_monsterinsights_sitenote_note":"","_monsterinsights_sitenote_category":0,"footnotes":""},"categories":[1],"tags":[],"class_list":["post-50066","post","type-post","status-publish","format-standard","has-post-thumbnail","hentry","category-vendi"],"_links":{"self":[{"href":"https:\/\/radiojehona.mk\/index.php?rest_route=\/wp\/v2\/posts\/50066","targetHints":{"allow":["GET"]}}],"collection":[{"href":"https:\/\/radiojehona.mk\/index.php?rest_route=\/wp\/v2\/posts"}],"about":[{"href":"https:\/\/radiojehona.mk\/index.php?rest_route=\/wp\/v2\/types\/post"}],"author":[{"embeddable":true,"href":"https:\/\/radiojehona.mk\/index.php?rest_route=\/wp\/v2\/users\/2"}],"replies":[{"embeddable":true,"href":"https:\/\/radiojehona.mk\/index.php?rest_route=%2Fwp%2Fv2%2Fcomments&post=50066"}],"version-history":[{"count":1,"href":"https:\/\/radiojehona.mk\/index.php?rest_route=\/wp\/v2\/posts\/50066\/revisions"}],"predecessor-version":[{"id":50068,"href":"https:\/\/radiojehona.mk\/index.php?rest_route=\/wp\/v2\/posts\/50066\/revisions\/50068"}],"wp:featuredmedia":[{"embeddable":true,"href":"https:\/\/radiojehona.mk\/index.php?rest_route=\/wp\/v2\/media\/50067"}],"wp:attachment":[{"href":"https:\/\/radiojehona.mk\/index.php?rest_route=%2Fwp%2Fv2%2Fmedia&parent=50066"}],"wp:term":[{"taxonomy":"category","embeddable":true,"href":"https:\/\/radiojehona.mk\/index.php?rest_route=%2Fwp%2Fv2%2Fcategories&post=50066"},{"taxonomy":"post_tag","embeddable":true,"href":"https:\/\/radiojehona.mk\/index.php?rest_route=%2Fwp%2Fv2%2Ftags&post=50066"}],"curies":[{"name":"wp","href":"https:\/\/api.w.org\/{rel}","templated":true}]}}