{"id":50063,"date":"2026-05-01T09:45:53","date_gmt":"2026-05-01T09:45:53","guid":{"rendered":"https:\/\/radiojehona.mk\/?p=50063"},"modified":"2026-05-01T09:45:53","modified_gmt":"2026-05-01T09:45:53","slug":"mesazhe-per-1-majin-nga-presidentja-siljanovska-davkova-dhe-kryeparlamentari-gashi","status":"publish","type":"post","link":"https:\/\/radiojehona.mk\/?p=50063","title":{"rendered":"Mesazhe p\u00ebr 1 Majin nga Presidentja Siljanovska-Davkova dhe kryeparlamentari Gashi"},"content":{"rendered":"\n<figure class=\"wp-block-image size-full\"><img fetchpriority=\"high\" decoding=\"async\" width=\"820\" height=\"547\" src=\"https:\/\/radiojehona.mk\/wp-content\/uploads\/2026\/05\/screenshot-2026-05-01-103425.webp\" alt=\"\" class=\"wp-image-50064\" srcset=\"https:\/\/radiojehona.mk\/wp-content\/uploads\/2026\/05\/screenshot-2026-05-01-103425.webp 820w, https:\/\/radiojehona.mk\/wp-content\/uploads\/2026\/05\/screenshot-2026-05-01-103425-300x200.webp 300w, https:\/\/radiojehona.mk\/wp-content\/uploads\/2026\/05\/screenshot-2026-05-01-103425-768x512.webp 768w\" sizes=\"(max-width: 820px) 100vw, 820px\" \/><\/figure>\n\n\n\n<p>Presidentja e Republik\u00ebs s\u00eb Maqedonis\u00eb s\u00eb Veriut,&nbsp;Gordana Siljanovska-Davkova, dhe kryetari i Kuvendit,&nbsp;Afrim Gashi, kan\u00eb p\u00ebrcjell\u00eb mesazhe urimi me rastin e 1 Majit \u2013 Dit\u00ebs Nd\u00ebrkomb\u00ebtare t\u00eb Pun\u00ebs, duke theksuar r\u00ebnd\u00ebsin\u00eb e mbrojtjes s\u00eb t\u00eb drejtave t\u00eb pun\u00ebtor\u00ebve dhe avancimit t\u00eb drejt\u00ebsis\u00eb sociale.<\/p>\n\n\n\n<p>N\u00eb mesazhin e saj, presidentja Siljanovska-Davkova vuri n\u00eb pah historin\u00eb dhe r\u00ebnd\u00ebsin\u00eb e k\u00ebsaj dite, duke rikujtuar luft\u00ebn e pun\u00ebtor\u00ebve p\u00ebr t\u00eb drejtat themelore, q\u00eb nga protestat n\u00eb \u00c7ikago n\u00eb vitin 1886. Ajo theksoi se edhe sot mbeten sfida t\u00eb r\u00ebnd\u00ebsishme, si respektimi i t\u00eb drejtave nd\u00ebrkomb\u00ebtare t\u00eb pun\u00ebs, sigurimi i kushteve t\u00eb drejta dhe mbrojtja e pun\u00ebtor\u00ebve n\u00eb vendin e pun\u00ebs.<\/p>\n\n\n\n<p>\u201cK\u00ebt\u00eb vit, Dita e 1 Majit na kujton luft\u00ebn e gjat\u00eb, t\u00eb v\u00ebshtir\u00eb, t\u00eb drejt\u00eb dhe dinjitoze t\u00eb pun\u00ebtor\u00ebve p\u00ebr njohjen e pun\u00ebs si burim dhe krijues vlerash. Festa e sotme \u00ebsht\u00eb prov\u00eb se revolta vendimtare e pun\u00ebtor\u00ebve p\u00ebr nj\u00eb dit\u00eb pune tet\u00eb-or\u00ebshe, e nisur n\u00eb \u00c7ikago nga mbi 10,000 pun\u00ebtor\u00eb n\u00eb vitin 1886, dhe pas m\u00eb shum\u00eb se nj\u00eb shekulli, ende frym\u00ebzon dhe b\u00ebn thirrje p\u00ebr unitet dhe solidaritet midis pun\u00ebtor\u00ebve n\u00eb luft\u00ebn p\u00ebr t\u00eb drejtat e tyre, pun\u00ebdh\u00ebn\u00ebsve p\u00ebr t\u00eb rishqyrtuar q\u00ebndrimin e tyre ndaj tyre dhe atyre n\u00eb pushtet p\u00ebr t\u00eb shqyrtuar politik\u00ebn ekonomike dhe sociale p\u00ebrmes prizmit t\u00eb demokracis\u00eb\u201d, thuhet n\u00eb urim.<\/p>\n\n\n\n<p>Presidentja ngriti nj\u00eb s\u00ebr\u00eb pyetjesh lidhur me realitetin e drejt\u00ebsis\u00eb sociale, duke theksuar nevoj\u00ebn p\u00ebr t\u00eb vler\u00ebsuar drejt pun\u00ebn dhe p\u00ebr t\u00eb garantuar kushte t\u00eb barabarta p\u00ebr t\u00eb gjith\u00eb. Ajo n\u00ebnvizoi se organizimi sindikal, dialogu social dhe e drejta p\u00ebr protest\u00eb jan\u00eb thelb\u00ebsore p\u00ebr balancimin e interesave ekonomike me drejt\u00ebsin\u00eb sociale. Sipas saj, nd\u00ebrtimi i nj\u00eb shoq\u00ebrie ku puna vler\u00ebsohet mbetet detyrim i p\u00ebrbashk\u00ebt.<\/p>\n\n\n\n<p>\u201cFestimi i Dit\u00ebs s\u00eb Pun\u00ebs n\u00eb mbi 160 vende \u00ebsht\u00eb nj\u00eb moment i v\u00ebrtet\u00eb p\u00ebr t\u2019u p\u00ebrballur me pyetjet ende aktuale: a i respektojm\u00eb normat p\u00ebrgjith\u00ebsisht t\u00eb pranuara t\u00eb s\u00eb drejt\u00ebs nd\u00ebrkomb\u00ebtare t\u00eb pun\u00ebs?; a jemi vet\u00ebm kushtetut\u00ebrisht, apo n\u00eb realitet, nj\u00eb shtet social?; a \u00ebsht\u00eb drejt\u00ebsia sociale nj\u00eb ideal apo realitet?; A vler\u00ebsohet si\u00e7 duhet puna e pun\u00ebtor\u00ebve, gjegj\u00ebsisht, a shp\u00ebrblehen pun\u00ebtor\u00ebt n\u00eb m\u00ebnyr\u00eb t\u00eb drejt\u00eb p\u00ebr pun\u00ebn e tyre dhe a mund t\u00eb p\u00ebrparojn\u00eb sipas njohurive dhe p\u00ebrpjekjeve q\u00eb b\u00ebjn\u00eb?; A jan\u00eb ata t\u00eb sigurt dhe t\u00eb mbrojtur n\u00eb vendin e pun\u00ebs?; A ka raste t\u00eb pun\u00ebs s\u00eb detyruar dhe pse?; A \u00ebsht\u00eb \u00e7do pun\u00eb e disponueshme p\u00ebr t\u00eb gjith\u00eb, n\u00eb kushte t\u00eb barabarta?; A ka \u00e7do punonj\u00ebs t\u00eb drejt\u00eb p\u00ebr leje t\u00eb paguar ditore, javore dhe vjetore?; Cili \u00ebsht\u00eb q\u00ebndrimi i partner\u00ebve kolektiv\u00eb ndaj marr\u00ebveshjeve kolektive dhe t\u00eb drejt\u00ebs p\u00ebr grev\u00eb?G\u00ebzimi i t\u00eb drejtave ekonomike dhe sociale nga pun\u00ebtor\u00ebt varet nga p\u00ebrgjigjet e pyetjeve t\u00eb lartp\u00ebrmendura, t\u00eb cilat nga ana tjet\u00ebr p\u00ebrcaktojn\u00eb fush\u00ebveprimin dhe cil\u00ebsin\u00eb e t\u00eb drejtave t\u00eb tyre kulturore. Nuk duhet t\u00eb harrojm\u00eb se organizimi sindikal, e drejta p\u00ebr t\u00eb protestuar dhe dialogu social jan\u00eb parakushte p\u00ebr nj\u00eb ekuilib\u00ebr midis interesave ekonomike dhe drejt\u00ebsis\u00eb sociale. Si President i t\u00eb gjith\u00eb qytetar\u00ebve, ju kujtoj se kemi nj\u00eb detyrim p\u00ebr t\u00eb nd\u00ebrtuar nj\u00eb shoq\u00ebri n\u00eb t\u00eb cil\u00ebn puna vler\u00ebsohet dhe vler\u00ebsohet, dhe t\u00eb drejtat socio-ekonomike realizohen! Le t\u2019i trajtojm\u00eb pun\u00ebtor\u00ebt si kapital t\u00eb vlefsh\u00ebm shoq\u00ebror, n\u00ebse duam t\u2019i mbajm\u00eb k\u00ebtu, ose t\u2019i kthejm\u00eb n\u00eb sht\u00ebpi. Le t\u00eb kuptojm\u00eb se vet\u00ebm pun\u00ebtor\u00ebt e k\u00ebnaqur mund t\u00eb jen\u00eb pun\u00ebtor\u00eb dhe produktiv\u00eb!\u201d, tha Siljanovska.<\/p>\n\n\n\n<p>Nd\u00ebrkoh\u00eb, kryeparlamentari Afrim Gashi n\u00eb mesazhin e tij uroi t\u00eb gjith\u00eb pun\u00ebtor\u00ebt p\u00ebr kontributin e tyre n\u00eb zhvillimin e shoq\u00ebris\u00eb dhe ekonomis\u00eb s\u00eb vendit. Ai theksoi se puna, p\u00ebrkushtimi dhe p\u00ebrgjegj\u00ebsia e tyre jan\u00eb baza e stabilitetit dhe e s\u00eb ardhmes s\u00eb shtetit.<\/p>\n\n\n\n<p>Gashi vler\u00ebsoi se t\u00eb drejtat e pun\u00ebtor\u00ebve, puna dinjitoze dhe mund\u00ebsit\u00eb e barabarta duhet t\u00eb mbeten prioritet i institucioneve, duke shtuar se \u00ebsht\u00eb p\u00ebrgjegj\u00ebsi e tyre t\u00eb krijojn\u00eb kushte p\u00ebr pun\u00eb t\u00eb sigurt dhe t\u00eb drejt\u00eb p\u00ebr \u00e7do qytetar.<\/p>\n\n\n\n<p>T\u00eb dy drejtuesit shtet\u00ebror\u00eb theksuan r\u00ebnd\u00ebsin\u00eb e vazhdimit t\u00eb p\u00ebrpjekjeve p\u00ebr p\u00ebrmir\u00ebsimin e kushteve t\u00eb pun\u00ebs dhe forcimin e mir\u00ebqenies sociale, duke b\u00ebr\u00eb thirrje p\u00ebr respekt dhe vler\u00ebsim m\u00eb t\u00eb madh t\u00eb pun\u00ebtor\u00ebve n\u00eb shoq\u00ebri.<\/p>\n\n\n\n<p>\u201c1 Maji \u2013 Dita Nd\u00ebrkomb\u00ebtare e Pun\u00ebs, \u00ebsht\u00eb nj\u00eb dit\u00eb kushtuar t\u00eb gjith\u00eb atyre q\u00eb me pun\u00ebn, dijen, p\u00ebrkushtimin dhe p\u00ebrgjegj\u00ebsin\u00eb e tyre kontribuojn\u00eb \u00e7do dit\u00eb n\u00eb zhvillimin e shoq\u00ebris\u00eb son\u00eb. T\u00eb drejtat e pun\u00ebtor\u00ebve, puna e dinjitetshme, drejt\u00ebsia sociale dhe mund\u00ebsit\u00eb e barabarta nuk jan\u00eb vet\u00ebm vlera q\u00eb duhet t\u2019i festojm\u00eb, por edhe detyrime drejt t\u00eb cilave duhet t\u00eb synojm\u00eb vazhdimisht. T\u00eb gjith\u00eb pun\u00ebtor\u00ebve n\u00eb Republik\u00ebn e Maqedonis\u00eb s\u00eb Veriut u shpreh urimet e mia t\u00eb sinqerta dhe mir\u00ebnjohjen p\u00ebr kontributin e tyre. Puna juaj \u00ebsht\u00eb themeli i p\u00ebrparimit ekonomik, i stabilitetit t\u00eb familjeve dhe i s\u00eb ardhmes s\u00eb shtetit. Si institucione, kemi p\u00ebrgjegj\u00ebsi t\u00eb vazhdojm\u00eb t\u00eb krijojm\u00eb kushte p\u00ebr pun\u00eb t\u00eb sigurt, t\u00eb drejt\u00eb dhe dinjitoze, n\u00eb t\u00eb cil\u00ebn \u00e7do njeri do t\u00eb jet\u00eb i respektuar, i mbrojtur dhe i vler\u00ebsuar n\u00eb m\u00ebnyr\u00eb t\u00eb duhur. N\u00eb emrin tim personal dhe n\u00eb em\u00ebr t\u00eb Kuvendit t\u00eb Republik\u00ebs s\u00eb Maqedonis\u00eb s\u00eb Veriut, ju uroj sh\u00ebndet t\u00eb mir\u00eb, mir\u00ebqenie dhe shum\u00eb suksese n\u00eb planin personal dhe profesional\u201d, thuhet n\u00eb reagimin e Gashit.<\/p>\n","protected":false},"excerpt":{"rendered":"<p>Presidentja e Republik&euml;s s&euml; Maqedonis&euml; s&euml; Veriut,&nbsp;Gordana Siljanovska-Davkova, dhe kryetari i Kuvendit,&nbsp;Afrim Gashi, kan&euml; p&euml;rcjell&euml; mesazhe urimi me rastin e 1 Majit &ndash; Dit&euml;s Nd&euml;rkomb&euml;tare t&euml; Pun&euml;s, duke theksuar r&euml;nd&euml;sin&euml; e mbrojtjes s&euml; t&euml; drejtave t&euml; pun&euml;tor&euml;ve dhe avancimit t&euml; drejt&euml;sis&euml; sociale. N&euml; mesazhin e saj, presidentja Siljanovska-Davkova vuri n&euml; pah historin&euml; dhe r&euml;nd&euml;sin&euml; e [&hellip;]<\/p>\n","protected":false},"author":2,"featured_media":50064,"comment_status":"open","ping_status":"closed","sticky":false,"template":"","format":"standard","meta":{"_monsterinsights_skip_tracking":false,"_monsterinsights_sitenote_active":false,"_monsterinsights_sitenote_note":"","_monsterinsights_sitenote_category":0,"footnotes":""},"categories":[1],"tags":[],"class_list":["post-50063","post","type-post","status-publish","format-standard","has-post-thumbnail","hentry","category-vendi"],"_links":{"self":[{"href":"https:\/\/radiojehona.mk\/index.php?rest_route=\/wp\/v2\/posts\/50063","targetHints":{"allow":["GET"]}}],"collection":[{"href":"https:\/\/radiojehona.mk\/index.php?rest_route=\/wp\/v2\/posts"}],"about":[{"href":"https:\/\/radiojehona.mk\/index.php?rest_route=\/wp\/v2\/types\/post"}],"author":[{"embeddable":true,"href":"https:\/\/radiojehona.mk\/index.php?rest_route=\/wp\/v2\/users\/2"}],"replies":[{"embeddable":true,"href":"https:\/\/radiojehona.mk\/index.php?rest_route=%2Fwp%2Fv2%2Fcomments&post=50063"}],"version-history":[{"count":1,"href":"https:\/\/radiojehona.mk\/index.php?rest_route=\/wp\/v2\/posts\/50063\/revisions"}],"predecessor-version":[{"id":50065,"href":"https:\/\/radiojehona.mk\/index.php?rest_route=\/wp\/v2\/posts\/50063\/revisions\/50065"}],"wp:featuredmedia":[{"embeddable":true,"href":"https:\/\/radiojehona.mk\/index.php?rest_route=\/wp\/v2\/media\/50064"}],"wp:attachment":[{"href":"https:\/\/radiojehona.mk\/index.php?rest_route=%2Fwp%2Fv2%2Fmedia&parent=50063"}],"wp:term":[{"taxonomy":"category","embeddable":true,"href":"https:\/\/radiojehona.mk\/index.php?rest_route=%2Fwp%2Fv2%2Fcategories&post=50063"},{"taxonomy":"post_tag","embeddable":true,"href":"https:\/\/radiojehona.mk\/index.php?rest_route=%2Fwp%2Fv2%2Ftags&post=50063"}],"curies":[{"name":"wp","href":"https:\/\/api.w.org\/{rel}","templated":true}]}}