{"id":50054,"date":"2026-04-30T21:16:50","date_gmt":"2026-04-30T21:16:50","guid":{"rendered":"https:\/\/radiojehona.mk\/?p=50054"},"modified":"2026-04-30T21:16:50","modified_gmt":"2026-04-30T21:16:50","slug":"serbia-bllokon-fondet-per-shqiptaret-e-lugines-reagon-prishtina-zyrtare-kemi-njoftuar-be-ne-dhe-nderkombetaret","status":"publish","type":"post","link":"https:\/\/radiojehona.mk\/?p=50054","title":{"rendered":"Serbia bllokon fondet p\u00ebr shqiptar\u00ebt e Lugin\u00ebs, reagon Prishtina zyrtare: Kemi njoftuar BE-n\u00eb dhe nd\u00ebrkomb\u00ebtar\u00ebt"},"content":{"rendered":"\n<figure class=\"wp-block-image size-full\"><img fetchpriority=\"high\" decoding=\"async\" width=\"640\" height=\"350\" src=\"https:\/\/radiojehona.mk\/wp-content\/uploads\/2026\/04\/640-0-0db5906ad44451a047bee5b50f17c96b.jpg\" alt=\"\" class=\"wp-image-50055\" srcset=\"https:\/\/radiojehona.mk\/wp-content\/uploads\/2026\/04\/640-0-0db5906ad44451a047bee5b50f17c96b.jpg 640w, https:\/\/radiojehona.mk\/wp-content\/uploads\/2026\/04\/640-0-0db5906ad44451a047bee5b50f17c96b-300x164.jpg 300w\" sizes=\"(max-width: 640px) 100vw, 640px\" \/><\/figure>\n\n\n\n<p>Kreu i K\u00ebshillit Komb\u00ebtar Shqiptar n\u00eb Lugin\u00eb t\u00eb Preshev\u00ebs, Enkel Rexhepi, ka njoftuar se Qeveria serbe ka bllokuar transferet dhe donacionet nga Kosova, q\u00eb p\u00ebr q\u00ebllim kan\u00eb zhvillimin dhe ruajtjen e identitetit komb\u00ebtar n\u00eb Lugin\u00eb.<\/p>\n\n\n\n<p>Nuk b\u00ebhet fjal\u00eb p\u00ebr nj\u00eb \u00e7\u00ebshtje teknike. B\u00ebhet fjal\u00eb p\u00ebr bllokimin e fondeve nga Qeveria e Kosov\u00ebs, q\u00eb prekin drejtp\u00ebrdrejt 3650 nx\u00ebn\u00ebs, 94 f\u00ebmij\u00eb pa prind, 957 bujq, mbi 756 student\u00eb, 139 organizata joqeveritare dhe mij\u00ebra qytetar\u00eb q\u00eb varen nga k\u00ebto programe\u201d, ka shkruar Rexhepi.<\/p>\n\n\n\n<p>Sipas tij, faktet d\u00ebshmojn\u00eb q\u00eb kjo po ndodh\u00eb n\u00ebp\u00ebrmjet bank\u00ebs nga Qeveria e Serbis\u00eb dhe ministri Demo Berisha.<\/p>\n\n\n\n<p>Lidhur me k\u00ebt\u00eb, nga Qeveria e Republik\u00ebs s\u00eb Kosov\u00ebs kan\u00eb deklaruar se jan\u00eb nd\u00ebrmarr\u00eb hapat konkret\u00eb p\u00ebr t\u00eb njoftuar Bashkimin Evropian dhe faktor\u00ebt relevant\u00eb nd\u00ebrkomb\u00ebtar\u00eb.<\/p>\n\n\n\n<p>\u201cQeveria e Republik\u00ebs s\u00eb Kosov\u00ebs d\u00ebnon fuqish\u00ebm bllokimin e vazhduesh\u00ebm t\u00eb mjeteve financiare t\u00eb destinuara p\u00ebr K\u00ebshillin Komb\u00ebtar Shqiptar, duke e konsideruar k\u00ebt\u00eb si nd\u00ebrhyrje t\u00eb papranueshme n\u00eb funksionimin e nj\u00eb institucioni legjitim p\u00ebrfaq\u00ebsues t\u00eb shqiptar\u00ebve n\u00eb Lugin\u00ebn e Preshev\u00ebs. Ky \u00ebsht\u00eb rasti i dyt\u00eb q\u00eb mjetet e ndara nga Qeveria e Kosov\u00ebs pengohen n\u00eb m\u00ebnyr\u00eb t\u00eb pajustifikuar, duke d\u00ebshmuar p\u00ebr nj\u00eb model t\u00eb p\u00ebrs\u00ebritur t\u00eb bllokimit institucional\u201d, deklaroi qeveria.<\/p>\n","protected":false},"excerpt":{"rendered":"<p>Kreu i K&euml;shillit Komb&euml;tar Shqiptar n&euml; Lugin&euml; t&euml; Preshev&euml;s, Enkel Rexhepi, ka njoftuar se Qeveria serbe ka bllokuar transferet dhe donacionet nga Kosova, q&euml; p&euml;r q&euml;llim kan&euml; zhvillimin dhe ruajtjen e identitetit komb&euml;tar n&euml; Lugin&euml;. Nuk b&euml;het fjal&euml; p&euml;r nj&euml; &ccedil;&euml;shtje teknike. B&euml;het fjal&euml; p&euml;r bllokimin e fondeve nga Qeveria e Kosov&euml;s, q&euml; prekin drejtp&euml;rdrejt [&hellip;]<\/p>\n","protected":false},"author":2,"featured_media":50055,"comment_status":"open","ping_status":"closed","sticky":false,"template":"","format":"standard","meta":{"_monsterinsights_skip_tracking":false,"_monsterinsights_sitenote_active":false,"_monsterinsights_sitenote_note":"","_monsterinsights_sitenote_category":0,"footnotes":""},"categories":[576],"tags":[],"class_list":["post-50054","post","type-post","status-publish","format-standard","has-post-thumbnail","hentry","category-rajoni"],"_links":{"self":[{"href":"https:\/\/radiojehona.mk\/index.php?rest_route=\/wp\/v2\/posts\/50054","targetHints":{"allow":["GET"]}}],"collection":[{"href":"https:\/\/radiojehona.mk\/index.php?rest_route=\/wp\/v2\/posts"}],"about":[{"href":"https:\/\/radiojehona.mk\/index.php?rest_route=\/wp\/v2\/types\/post"}],"author":[{"embeddable":true,"href":"https:\/\/radiojehona.mk\/index.php?rest_route=\/wp\/v2\/users\/2"}],"replies":[{"embeddable":true,"href":"https:\/\/radiojehona.mk\/index.php?rest_route=%2Fwp%2Fv2%2Fcomments&post=50054"}],"version-history":[{"count":1,"href":"https:\/\/radiojehona.mk\/index.php?rest_route=\/wp\/v2\/posts\/50054\/revisions"}],"predecessor-version":[{"id":50056,"href":"https:\/\/radiojehona.mk\/index.php?rest_route=\/wp\/v2\/posts\/50054\/revisions\/50056"}],"wp:featuredmedia":[{"embeddable":true,"href":"https:\/\/radiojehona.mk\/index.php?rest_route=\/wp\/v2\/media\/50055"}],"wp:attachment":[{"href":"https:\/\/radiojehona.mk\/index.php?rest_route=%2Fwp%2Fv2%2Fmedia&parent=50054"}],"wp:term":[{"taxonomy":"category","embeddable":true,"href":"https:\/\/radiojehona.mk\/index.php?rest_route=%2Fwp%2Fv2%2Fcategories&post=50054"},{"taxonomy":"post_tag","embeddable":true,"href":"https:\/\/radiojehona.mk\/index.php?rest_route=%2Fwp%2Fv2%2Ftags&post=50054"}],"curies":[{"name":"wp","href":"https:\/\/api.w.org\/{rel}","templated":true}]}}