{"id":50051,"date":"2026-04-30T21:12:59","date_gmt":"2026-04-30T21:12:59","guid":{"rendered":"https:\/\/radiojehona.mk\/?p=50051"},"modified":"2026-04-30T21:13:00","modified_gmt":"2026-04-30T21:13:00","slug":"bexheti-pyetje-stoilkoviqit-a-jeni-minister-per-marredhenie-me-republiken-serpska","status":"publish","type":"post","link":"https:\/\/radiojehona.mk\/?p=50051","title":{"rendered":"Bexheti pyetje Stoilkoviqit: A jeni minist\u00ebr p\u00ebr marr\u00ebdh\u00ebnie me Republik\u00ebn S\u00ebrpska?"},"content":{"rendered":"\n<figure class=\"wp-block-image size-full\"><img fetchpriority=\"high\" decoding=\"async\" width=\"820\" height=\"521\" src=\"https:\/\/radiojehona.mk\/wp-content\/uploads\/2026\/04\/IMG_2609.png\" alt=\"\" class=\"wp-image-50052\" srcset=\"https:\/\/radiojehona.mk\/wp-content\/uploads\/2026\/04\/IMG_2609.png 820w, https:\/\/radiojehona.mk\/wp-content\/uploads\/2026\/04\/IMG_2609-300x191.png 300w, https:\/\/radiojehona.mk\/wp-content\/uploads\/2026\/04\/IMG_2609-768x488.png 768w\" sizes=\"(max-width: 820px) 100vw, 820px\" \/><\/figure>\n\n\n\n<p>-A jeni minist\u00ebr p\u00ebr marr\u00ebdh\u00ebnie nd\u00ebrmjet bashk\u00ebsive, apo minist\u00ebr p\u00ebr marr\u00ebdh\u00ebnie me Republik\u00ebn S\u00ebrpska?, kjo ishte pyetja q\u00eb deputeti i FE-s\u00eb, Blerim Bexheti ia b\u00ebri ministrit p\u00ebr Marr\u00ebdh\u00ebnie mes Bashk\u00ebsive, Ivan Stoilkoviq gjat\u00eb dit\u00ebs s\u00eb sotme n\u00eb Kuvend, p\u00ebrcjell TV21. Bexheti k\u00ebrkoi nga Stoilkoviq q\u00eb t\u00eb tregoj\u00eb rezultatet konkrete t\u00eb Ministris\u00eb dhe pun\u00ebn p\u00ebr ruajtjen e Marr\u00ebveshjes s\u00eb Ohrit.<\/p>\n\n\n\n<p>\u2013 Ejani me mua n\u00eb Kumanov\u00eb t\u00eb shihni se si jetoj me pjes\u00ebtar\u00ebt e komuniteti shqiptar, do t\u00eb befasoheni, tha Stoilkoviq n\u00eb kund\u00ebrp\u00ebrgjigje, duke akuzuar BDI-n\u00eb se ka punuar vet\u00ebm p\u00ebr shqiptar\u00ebt.<\/p>\n\n\n\n<p><em>\u201cAt\u00eb q\u00eb ju keni punuar vet\u00ebm p\u00ebr shqiptar\u00ebt, tani punohet p\u00ebr t\u00eb gjith\u00eb, k\u00ebtu jan\u00eb rezultatet dhe mund ta kontrolloni te t\u00eb gjith\u00eb pjes\u00ebtar\u00ebt e bashk\u00ebsive n\u00eb shtetin ton\u00eb. N\u00ebse ju duhen ende shpjegime, do t\u00eb ju jap. Un\u00eb e di se \u00e7far\u00eb ju dhemb. \u00cbsht\u00eb humbur, kushtimisht th\u00ebn\u00eb selia e shtetit paralel n\u00eb Maqedoni, aty ku merreshin t\u00eb gjitha vendimet. Aty ku krijohej gjith\u00e7ka n\u00eb shtet, aty ku udh\u00ebhiqej shteti dhe aty nuk keni asnj\u00eb ndikim. E di se ju dhemb, por nuk mund t\u00eb ju ndihmoj, qytetar\u00ebt nuk ju dhan\u00eb besim. Atje ku jam d\u00ebrguar, atje ku jam zgjedhur dhe atje ku punoj, shqiptar\u00ebt e kan\u00eb pranuar n\u00eb m\u00ebnyr\u00eb t\u00eb mir\u00eb. K\u00ebt\u00eb mund ta kontrolloni. Ju ftoj q\u00eb t\u00eb vini bashk\u00eb me mua. T\u2019i vizitojm\u00eb t\u00eb gjitha hap\u00ebsirat n\u00eb Ministrin\u00eb p\u00ebr Marr\u00ebdh\u00ebnie mes Bashk\u00ebsive, t\u00eb v\u00ebrtetohen q\u00eb k\u00ebt\u00eb q\u00eb e flas, \u00ebsht\u00eb e sakt\u00eb. \u00cbsht\u00eb e sakt\u00eb q\u00eb asnj\u00eb shqiptar nga Ministria nuk \u00ebsht\u00eb zhvendosur nga vendi i pun\u00ebs. E nj\u00ebjta struktur\u00eb udh\u00ebheq\u00ebse n\u00eb Ministri, \u00ebsht\u00eb nga Artan Grubi\u201d<\/em>, tha mes tjerash Stoilkoviq.<\/p>\n","protected":false},"excerpt":{"rendered":"<p>-A jeni minist&euml;r p&euml;r marr&euml;dh&euml;nie nd&euml;rmjet bashk&euml;sive, apo minist&euml;r p&euml;r marr&euml;dh&euml;nie me Republik&euml;n S&euml;rpska?, kjo ishte pyetja q&euml; deputeti i FE-s&euml;, Blerim Bexheti ia b&euml;ri ministrit p&euml;r Marr&euml;dh&euml;nie mes Bashk&euml;sive, Ivan Stoilkoviq gjat&euml; dit&euml;s s&euml; sotme n&euml; Kuvend, p&euml;rcjell TV21. Bexheti k&euml;rkoi nga Stoilkoviq q&euml; t&euml; tregoj&euml; rezultatet konkrete t&euml; Ministris&euml; dhe pun&euml;n p&euml;r ruajtjen [&hellip;]<\/p>\n","protected":false},"author":2,"featured_media":50052,"comment_status":"open","ping_status":"closed","sticky":false,"template":"","format":"standard","meta":{"_monsterinsights_skip_tracking":false,"_monsterinsights_sitenote_active":false,"_monsterinsights_sitenote_note":"","_monsterinsights_sitenote_category":0,"footnotes":""},"categories":[1],"tags":[],"class_list":["post-50051","post","type-post","status-publish","format-standard","has-post-thumbnail","hentry","category-vendi"],"_links":{"self":[{"href":"https:\/\/radiojehona.mk\/index.php?rest_route=\/wp\/v2\/posts\/50051","targetHints":{"allow":["GET"]}}],"collection":[{"href":"https:\/\/radiojehona.mk\/index.php?rest_route=\/wp\/v2\/posts"}],"about":[{"href":"https:\/\/radiojehona.mk\/index.php?rest_route=\/wp\/v2\/types\/post"}],"author":[{"embeddable":true,"href":"https:\/\/radiojehona.mk\/index.php?rest_route=\/wp\/v2\/users\/2"}],"replies":[{"embeddable":true,"href":"https:\/\/radiojehona.mk\/index.php?rest_route=%2Fwp%2Fv2%2Fcomments&post=50051"}],"version-history":[{"count":1,"href":"https:\/\/radiojehona.mk\/index.php?rest_route=\/wp\/v2\/posts\/50051\/revisions"}],"predecessor-version":[{"id":50053,"href":"https:\/\/radiojehona.mk\/index.php?rest_route=\/wp\/v2\/posts\/50051\/revisions\/50053"}],"wp:featuredmedia":[{"embeddable":true,"href":"https:\/\/radiojehona.mk\/index.php?rest_route=\/wp\/v2\/media\/50052"}],"wp:attachment":[{"href":"https:\/\/radiojehona.mk\/index.php?rest_route=%2Fwp%2Fv2%2Fmedia&parent=50051"}],"wp:term":[{"taxonomy":"category","embeddable":true,"href":"https:\/\/radiojehona.mk\/index.php?rest_route=%2Fwp%2Fv2%2Fcategories&post=50051"},{"taxonomy":"post_tag","embeddable":true,"href":"https:\/\/radiojehona.mk\/index.php?rest_route=%2Fwp%2Fv2%2Ftags&post=50051"}],"curies":[{"name":"wp","href":"https:\/\/api.w.org\/{rel}","templated":true}]}}