{"id":50045,"date":"2026-04-30T21:10:22","date_gmt":"2026-04-30T21:10:22","guid":{"rendered":"https:\/\/radiojehona.mk\/?p=50045"},"modified":"2026-04-30T21:10:22","modified_gmt":"2026-04-30T21:10:22","slug":"dekani-i-fakultetit-te-mjeksise-ne-ut-i-reagon-fna-se-procedura-nuk-ka-mbaruar-profesoresha-i-ploteson-te-gjitha-kushtet","status":"publish","type":"post","link":"https:\/\/radiojehona.mk\/?p=50045","title":{"rendered":"Dekani i Fakultetit t\u00eb Mjeksis\u00eb n\u00eb UT i reagon FNA-s\u00eb: Procedura nuk ka mbaruar, Profesoresha i plot\u00ebson t\u00eb gjitha kushtet!"},"content":{"rendered":"\n<figure class=\"wp-block-image size-full\"><img fetchpriority=\"high\" decoding=\"async\" width=\"933\" height=\"634\" src=\"https:\/\/radiojehona.mk\/wp-content\/uploads\/2026\/04\/nevzat-elezi.jpg\" alt=\"\" class=\"wp-image-50046\" srcset=\"https:\/\/radiojehona.mk\/wp-content\/uploads\/2026\/04\/nevzat-elezi.jpg 933w, https:\/\/radiojehona.mk\/wp-content\/uploads\/2026\/04\/nevzat-elezi-300x204.jpg 300w, https:\/\/radiojehona.mk\/wp-content\/uploads\/2026\/04\/nevzat-elezi-768x522.jpg 768w\" sizes=\"(max-width: 933px) 100vw, 933px\" \/><\/figure>\n\n\n\n<p>Forumi p\u00ebr Ndryshime n\u00eb Arsim ka denoncuar sot se Arb\u00ebresha Bexheti-Ferati \u00ebsht\u00eb avancuar si profesoresh\u00eb e rregullt n\u00eb Universitetin e Tetov\u00ebs n\u00eb kund\u00ebrshtim me dispozitat ligjore.<\/p>\n\n\n\n<p>Nga ana tjet\u00ebr, dekani i Fakultetit t\u00eb Mjek\u00ebsis\u00eb, Nevzat Elezi, i ka hedhur posht\u00eb k\u00ebto pretendime, duke theksuar se procedura ende nuk ka p\u00ebrfunduar.<\/p>\n\n\n\n<p>\u201cProcedura ende nuk ka mbaruar. Para se t\u00eb mbahej mbledhja p\u00ebr em\u00ebrimin, zgjedhjen dhe rizgjedhjen e kandidatit \u2013 q\u00eb ishte parapar\u00eb t\u00eb fillonte n\u00eb ora 11 \u2013 inspektorati ka ardhur n\u00eb ora 10 duke na sugjeruar q\u00eb t\u00eb nd\u00ebrpritet procedura\u201d, deklaroi Elezi.<\/p>\n\n\n\n<p>Sipas tij, emailet anonime nuk kan\u00eb baz\u00eb ligjore p\u00ebr t\u2019u marr\u00eb parasysh as nga Universiteti dhe as nga Inspektorati, nd\u00ebrsa edhe vet\u00eb inspektor\u00ebt kan\u00eb pranuar se nuk u p\u00ebrgjigjen emaileve anonime.<\/p>\n\n\n\n<p>Dekani theksoi se deri n\u00eb momentin e ardhjes s\u00eb inspektor\u00ebve nuk ka pasur asgj\u00eb kund\u00ebrligjore n\u00eb procedur\u00ebn p\u00ebr zgjedhje dhe rizgjedhje t\u00eb kandidates Arb\u00ebresha Ferati, e cila, sipas tij, \u00ebsht\u00eb e pun\u00ebsuar me vendim t\u00eb rregullt pune.<\/p>\n\n\n\n<p>Ai sqaroi edhe datat e publikimit t\u00eb konkursit, duke th\u00ebn\u00eb se shpallja \u00ebsht\u00eb b\u00ebr\u00eb n\u00eb t\u00eb nj\u00ebjt\u00ebn dit\u00eb n\u00eb gazetat publike (t\u00eb shtun\u00ebn), nd\u00ebrsa t\u00eb h\u00ebn\u00ebn \u00ebsht\u00eb publikuar edhe n\u00eb ueb-faqen e Universitetit t\u00eb Tetov\u00ebs.<\/p>\n\n\n\n<p>Sipas Elezit, l\u00ebnd\u00ebt q\u00eb ligj\u00ebron kandidatja jan\u00eb n\u00eb t\u00eb nj\u00ebjt\u00ebn fush\u00eb, \u00e7ka do t\u00eb thot\u00eb se nuk ka ndryshime n\u00eb profilin akademik.<\/p>\n\n\n\n<p>N\u00eb lidhje me v\u00ebrejtjet se Arb\u00ebresha Ferati nuk e ka p\u00ebrfunduar ciklin e dyt\u00eb t\u00eb studimeve, Elezi sqaroi se studimet n\u00eb Fakultetin e Mjek\u00ebsis\u00eb jan\u00eb t\u00eb integruara.<\/p>\n\n\n\n<p>\u201cM\u00eb vjen keq, por studimet n\u00eb Fakultetin e Mjek\u00ebsis\u00eb jan\u00eb t\u00eb integruara dhe k\u00ebrkojn\u00eb 300 kredi. Nuk ka nevoj\u00eb p\u00ebr master, pasi kandidat\u00ebt regjistrohen drejtp\u00ebrdrejt n\u00eb doktoratur\u00eb. Shumica e profesor\u00ebve n\u00eb k\u00ebt\u00eb fakultet nuk e kan\u00eb ciklin e dyt\u00eb, por kan\u00eb kaluar direkt n\u00eb doktoratur\u00eb\u201d, tha ai.<\/p>\n\n\n\n<p>Elezi shtoi se gjat\u00eb procedur\u00ebs nuk ka pasur asnj\u00eb v\u00ebrejtje nga kund\u00ebrkandidat\u00ebt, nd\u00ebrsa n\u00eb Universitet ka arritur vet\u00ebm nj\u00eb let\u00ebr anonime.<\/p>\n\n\n\n<p>Ai theksoi se komisioni recensues ka pasur n\u00eb dispozicion t\u00eb gjitha d\u00ebshmit\u00eb p\u00ebr kandidaten dhe ka vendosur n\u00eb baz\u00eb t\u00eb dokumentacionit p\u00ebrkat\u00ebs.<\/p>\n\n\n\n<p>Dekani pranoi se n\u00eb buletinin e Universitetit ka pasur nj\u00eb gabim teknik, por n\u00ebnvizoi se procedura ende nuk ka p\u00ebrfunduar, pasi K\u00ebshilli m\u00ebsimor-shkencor i propozon Senatit, i cili merr vendimin p\u00ebrfundimtar p\u00ebr zgjedhje dhe rizgjedhje.<\/p>\n\n\n\n<p>N\u00eb fund, Elezi deklaroi se, edhe pse procedura nuk ishte p\u00ebrmbyllur dhe procesverbali nuk ishte finalizuar, ka ardhur nj\u00eb vendim p\u00ebr p\u00ebrs\u00ebritjen e konkursit.<\/p>\n\n\n\n<p>Sipas tij, Universiteti i Tetov\u00ebs, p\u00ebrkat\u00ebsisht Fakulteti i Mjek\u00ebsis\u00eb, funksionon n\u00eb p\u00ebrputhje me ligjin dhe t\u00eb gjitha procedurat jan\u00eb t\u00eb dokumentuara n\u00eb buletin.<\/p>\n","protected":false},"excerpt":{"rendered":"<p>Forumi p&euml;r Ndryshime n&euml; Arsim ka denoncuar sot se Arb&euml;resha Bexheti-Ferati &euml;sht&euml; avancuar si profesoresh&euml; e rregullt n&euml; Universitetin e Tetov&euml;s n&euml; kund&euml;rshtim me dispozitat ligjore. Nga ana tjet&euml;r, dekani i Fakultetit t&euml; Mjek&euml;sis&euml;, Nevzat Elezi, i ka hedhur posht&euml; k&euml;to pretendime, duke theksuar se procedura ende nuk ka p&euml;rfunduar. &ldquo;Procedura ende nuk ka mbaruar. [&hellip;]<\/p>\n","protected":false},"author":2,"featured_media":50046,"comment_status":"open","ping_status":"closed","sticky":false,"template":"","format":"standard","meta":{"_monsterinsights_skip_tracking":false,"_monsterinsights_sitenote_active":false,"_monsterinsights_sitenote_note":"","_monsterinsights_sitenote_category":0,"footnotes":""},"categories":[1],"tags":[],"class_list":["post-50045","post","type-post","status-publish","format-standard","has-post-thumbnail","hentry","category-vendi"],"_links":{"self":[{"href":"https:\/\/radiojehona.mk\/index.php?rest_route=\/wp\/v2\/posts\/50045","targetHints":{"allow":["GET"]}}],"collection":[{"href":"https:\/\/radiojehona.mk\/index.php?rest_route=\/wp\/v2\/posts"}],"about":[{"href":"https:\/\/radiojehona.mk\/index.php?rest_route=\/wp\/v2\/types\/post"}],"author":[{"embeddable":true,"href":"https:\/\/radiojehona.mk\/index.php?rest_route=\/wp\/v2\/users\/2"}],"replies":[{"embeddable":true,"href":"https:\/\/radiojehona.mk\/index.php?rest_route=%2Fwp%2Fv2%2Fcomments&post=50045"}],"version-history":[{"count":1,"href":"https:\/\/radiojehona.mk\/index.php?rest_route=\/wp\/v2\/posts\/50045\/revisions"}],"predecessor-version":[{"id":50047,"href":"https:\/\/radiojehona.mk\/index.php?rest_route=\/wp\/v2\/posts\/50045\/revisions\/50047"}],"wp:featuredmedia":[{"embeddable":true,"href":"https:\/\/radiojehona.mk\/index.php?rest_route=\/wp\/v2\/media\/50046"}],"wp:attachment":[{"href":"https:\/\/radiojehona.mk\/index.php?rest_route=%2Fwp%2Fv2%2Fmedia&parent=50045"}],"wp:term":[{"taxonomy":"category","embeddable":true,"href":"https:\/\/radiojehona.mk\/index.php?rest_route=%2Fwp%2Fv2%2Fcategories&post=50045"},{"taxonomy":"post_tag","embeddable":true,"href":"https:\/\/radiojehona.mk\/index.php?rest_route=%2Fwp%2Fv2%2Ftags&post=50045"}],"curies":[{"name":"wp","href":"https:\/\/api.w.org\/{rel}","templated":true}]}}