{"id":50041,"date":"2026-04-30T11:00:43","date_gmt":"2026-04-30T11:00:43","guid":{"rendered":"https:\/\/radiojehona.mk\/?p=50041"},"modified":"2026-04-30T11:00:44","modified_gmt":"2026-04-30T11:00:44","slug":"prania-e-ufo-ve-ne-toke-trump-shume-shpejt-do-te-publikojme-dokumente-sekrete","status":"publish","type":"post","link":"https:\/\/radiojehona.mk\/?p=50041","title":{"rendered":"Prania e UFO-ve n\u00eb Tok\u00eb, Trump: Shum\u00eb shpejt do t\u00eb publikojm\u00eb dokumente sekrete"},"content":{"rendered":"\n<figure class=\"wp-block-image size-full\"><img fetchpriority=\"high\" decoding=\"async\" width=\"750\" height=\"421\" src=\"https:\/\/radiojehona.mk\/wp-content\/uploads\/2026\/04\/trump_0403-750x421-1.webp\" alt=\"\" class=\"wp-image-50042\" srcset=\"https:\/\/radiojehona.mk\/wp-content\/uploads\/2026\/04\/trump_0403-750x421-1.webp 750w, https:\/\/radiojehona.mk\/wp-content\/uploads\/2026\/04\/trump_0403-750x421-1-300x168.webp 300w\" sizes=\"(max-width: 750px) 100vw, 750px\" \/><\/figure>\n\n\n\n<p>Nj\u00eb tjet\u00ebr deklarat\u00eb e Trump n\u00eb lidhje me pranin\u00eb e UFO-ve n\u00eb tok\u00eb ka ngjallur interes n\u00eb media dhe n\u00eb publikun e gjer\u00eb.<\/p>\n\n\n\n<p><em>\u201cN\u00eb t\u00eb ardhmen e af\u00ebrt, do t\u00eb b\u00ebj publike sa m\u00eb shum\u00eb dokumente t\u00eb jet\u00eb e mundur\u201d<\/em>, mbi UFO-t.<\/p>\n\n\n\n<p>Kjo ishte deklarata e presidentit t\u00eb SHBA-s\u00eb, i cili pak koh\u00eb m\u00eb par\u00eb n\u00ebnshkroi nj\u00eb urdh\u00ebr p\u00ebr deklasifikimin e dokumenteve n\u00eb dosje.<\/p>\n\n\n\n<p>\u201c<em>Kjo \u00ebsht\u00eb nj\u00eb tem\u00eb q\u00eb ka qen\u00eb n\u00eb mendjet e njer\u00ebzve p\u00ebr nj\u00eb koh\u00eb t\u00eb gjat\u00eb. Ekziston nj\u00eb d\u00ebshir\u00eb e fort\u00eb p\u00ebr t\u00eb m\u00ebsuar m\u00eb shum\u00eb rreth UFO-ve dhe \u00e7do gj\u00ebje q\u00eb lidhet me to.<\/em><\/p>\n\n\n\n<p><em>Ne do t\u00eb publikojm\u00eb shum\u00eb nga materialet q\u00eb kemi dhe mendoj se kjo do t\u00eb jet\u00eb me interes t\u00eb madh p\u00ebr publikun\u201d,<\/em>&nbsp;tha presidenti, duke folur me gazetar\u00ebt n\u00eb Zyr\u00ebn Ovale.<\/p>\n","protected":false},"excerpt":{"rendered":"<p>Nj&euml; tjet&euml;r deklarat&euml; e Trump n&euml; lidhje me pranin&euml; e UFO-ve n&euml; tok&euml; ka ngjallur interes n&euml; media dhe n&euml; publikun e gjer&euml;. &ldquo;N&euml; t&euml; ardhmen e af&euml;rt, do t&euml; b&euml;j publike sa m&euml; shum&euml; dokumente t&euml; jet&euml; e mundur&rdquo;, mbi UFO-t. Kjo ishte deklarata e presidentit t&euml; SHBA-s&euml;, i cili pak koh&euml; m&euml; par&euml; [&hellip;]<\/p>\n","protected":false},"author":2,"featured_media":50042,"comment_status":"open","ping_status":"closed","sticky":false,"template":"","format":"standard","meta":{"_monsterinsights_skip_tracking":false,"_monsterinsights_sitenote_active":false,"_monsterinsights_sitenote_note":"","_monsterinsights_sitenote_category":0,"footnotes":""},"categories":[569],"tags":[],"class_list":["post-50041","post","type-post","status-publish","format-standard","has-post-thumbnail","hentry","category-bota"],"_links":{"self":[{"href":"https:\/\/radiojehona.mk\/index.php?rest_route=\/wp\/v2\/posts\/50041","targetHints":{"allow":["GET"]}}],"collection":[{"href":"https:\/\/radiojehona.mk\/index.php?rest_route=\/wp\/v2\/posts"}],"about":[{"href":"https:\/\/radiojehona.mk\/index.php?rest_route=\/wp\/v2\/types\/post"}],"author":[{"embeddable":true,"href":"https:\/\/radiojehona.mk\/index.php?rest_route=\/wp\/v2\/users\/2"}],"replies":[{"embeddable":true,"href":"https:\/\/radiojehona.mk\/index.php?rest_route=%2Fwp%2Fv2%2Fcomments&post=50041"}],"version-history":[{"count":1,"href":"https:\/\/radiojehona.mk\/index.php?rest_route=\/wp\/v2\/posts\/50041\/revisions"}],"predecessor-version":[{"id":50043,"href":"https:\/\/radiojehona.mk\/index.php?rest_route=\/wp\/v2\/posts\/50041\/revisions\/50043"}],"wp:featuredmedia":[{"embeddable":true,"href":"https:\/\/radiojehona.mk\/index.php?rest_route=\/wp\/v2\/media\/50042"}],"wp:attachment":[{"href":"https:\/\/radiojehona.mk\/index.php?rest_route=%2Fwp%2Fv2%2Fmedia&parent=50041"}],"wp:term":[{"taxonomy":"category","embeddable":true,"href":"https:\/\/radiojehona.mk\/index.php?rest_route=%2Fwp%2Fv2%2Fcategories&post=50041"},{"taxonomy":"post_tag","embeddable":true,"href":"https:\/\/radiojehona.mk\/index.php?rest_route=%2Fwp%2Fv2%2Ftags&post=50041"}],"curies":[{"name":"wp","href":"https:\/\/api.w.org\/{rel}","templated":true}]}}