{"id":50037,"date":"2026-04-30T10:58:53","date_gmt":"2026-04-30T10:58:53","guid":{"rendered":"https:\/\/radiojehona.mk\/?p=50037"},"modified":"2026-04-30T10:58:54","modified_gmt":"2026-04-30T10:58:54","slug":"sinjal-alarmi-per-gjermanine-do-te-shkurtoje-shba-trupat","status":"publish","type":"post","link":"https:\/\/radiojehona.mk\/?p=50037","title":{"rendered":"Sinjal alarmi p\u00ebr Gjermanin\u00eb? Do t\u00eb shkurtoj\u00eb SHBA trupat?"},"content":{"rendered":"\n<figure class=\"wp-block-image size-full\"><img fetchpriority=\"high\" decoding=\"async\" width=\"940\" height=\"529\" src=\"https:\/\/radiojehona.mk\/wp-content\/uploads\/2026\/04\/76892217_6.jpg\" alt=\"\" class=\"wp-image-50038\" srcset=\"https:\/\/radiojehona.mk\/wp-content\/uploads\/2026\/04\/76892217_6.jpg 940w, https:\/\/radiojehona.mk\/wp-content\/uploads\/2026\/04\/76892217_6-300x169.jpg 300w, https:\/\/radiojehona.mk\/wp-content\/uploads\/2026\/04\/76892217_6-768x432.jpg 768w, https:\/\/radiojehona.mk\/wp-content\/uploads\/2026\/04\/76892217_6-800x450.jpg 800w\" sizes=\"(max-width: 940px) 100vw, 940px\" \/><\/figure>\n\n\n\n<p>Presidenti i SHBA-s\u00eb, Donald Trump, ka njoftuar mund\u00ebsin\u00eb e reduktimit t\u00eb numrit t\u00eb trupave amerikane t\u00eb stacionuara n\u00eb Gjermani, nj\u00eb hap i ri n\u00eb mosmarr\u00ebveshjet gjithnj\u00eb e m\u00eb t\u00eb theksuara me aleat\u00ebt e NATO-s. Njoftimi pasoi nj\u00eb deklarat\u00eb t\u00eb kancelarit gjerman Friedrich Merz, i cili vler\u00ebsoi se Shtetet e Bashkuara kishin p\u00ebsuar nj\u00eb disfat\u00eb diplomatike n\u00eb negociatat me Iranin.<\/p>\n\n\n\n<p>Trump tha n\u00ebp\u00ebrmjet rrjetit t\u00eb tij social Truth se administrata e tij po shqyrtonte mund\u00ebsi t\u00eb ndryshme, duke p\u00ebrfshir\u00eb reduktimin e pranis\u00eb ushtarake n\u00eb Gjermani, dhe se nj\u00eb vendim mund t\u00eb merret s\u00eb shpejti. Ai po reagonte ndaj deklaratave t\u00eb Merz, n\u00eb t\u00eb cilat kancelari gjerman pretendonte se negociator\u00ebt iranian\u00eb e kishin tejkaluar pal\u00ebn amerikane gjat\u00eb bisedimeve p\u00ebr t\u2019i dh\u00ebn\u00eb fund konfliktit dhe p\u00ebr t\u00eb rihapur Ngushtic\u00ebn e Hormuzit.<\/p>\n\n\n\n<figure class=\"wp-block-image size-large\"><img decoding=\"async\" width=\"1024\" height=\"576\" src=\"https:\/\/radiojehona.mk\/wp-content\/uploads\/2026\/04\/76212061_906-1024x576.jpg\" alt=\"\" class=\"wp-image-50039\" srcset=\"https:\/\/radiojehona.mk\/wp-content\/uploads\/2026\/04\/76212061_906-1024x576.jpg 1024w, https:\/\/radiojehona.mk\/wp-content\/uploads\/2026\/04\/76212061_906-300x169.jpg 300w, https:\/\/radiojehona.mk\/wp-content\/uploads\/2026\/04\/76212061_906-768x432.jpg 768w, https:\/\/radiojehona.mk\/wp-content\/uploads\/2026\/04\/76212061_906-800x450.jpg 800w, https:\/\/radiojehona.mk\/wp-content\/uploads\/2026\/04\/76212061_906.jpg 1110w\" sizes=\"(max-width: 1024px) 100vw, 1024px\" \/><\/figure>\n\n\n\n<p>Merz theksoi se Irani po tregon aft\u00ebsi t\u00eb m\u00ebdha n\u00eb negociata, por edhe n\u00eb shmangien e tyre, duke theksuar se negociator\u00ebt amerikan\u00eb kan\u00eb udh\u00ebtuar pa rezultate konkrete. Ai paralajm\u00ebroi gjithashtu se Evropa po vuan pasojat e bllokad\u00ebs s\u00eb nj\u00eb rruge ky\u00e7e detare.<\/p>\n\n\n\n<p>Trump iu p\u00ebrgjigj akuzave se kancelari gjerman mb\u00ebshtet n\u00eb m\u00ebnyr\u00eb implicite iden\u00eb e Iranit p\u00ebr t\u00eb zhvilluar arm\u00eb b\u00ebrthamore, duke pretenduar se Merz e keqkupton situat\u00ebn. Negociatat mbi programin b\u00ebrthamor t\u00eb Iranit dhe sigurin\u00eb e lundrimit jan\u00eb aktualisht n\u00eb nj\u00eb ng\u00ebr\u00e7, ve\u00e7an\u00ebrisht pasi nj\u00eb takim i ri i p\u00ebrfaq\u00ebsuesve t\u00eb SHBA-s\u00eb u anulua.<\/p>\n\n\n\n<p><strong>Tensionet n\u00eb NATO<\/strong><\/p>\n\n\n\n<p>Edhe pse Merz u p\u00ebrpoq t\u00eb qet\u00ebsonte situat\u00ebn duke theksuar se marr\u00ebdh\u00ebniet me SHBA-n\u00eb mbeten t\u00eb q\u00ebndrueshme, deklaratat e Trump kan\u00eb shkaktuar shqet\u00ebsim n\u00eb t\u00eb gjith\u00eb Evrop\u00ebn. Tensionet midis Uashingtonit dhe partner\u00ebve t\u00eb tij evropian\u00eb jan\u00eb gjithnj\u00eb e m\u00eb t\u00eb theksuara, ve\u00e7an\u00ebrisht p\u00ebr shkak t\u00eb k\u00ebrc\u00ebnimeve n\u00eb rritje t\u00eb presidentit amerikan p\u00ebr t\u2019u t\u00ebrhequr nga NATO.<\/p>\n\n\n\n<p>Trump ka deklaruar m\u00eb par\u00eb se po e shqyrton seriozisht largimin nga aleanca, duke p\u00ebrmendur pak\u00ebnaq\u00ebsin\u00eb me angazhimin e pamjaftuesh\u00ebm t\u00eb vendeve evropiane n\u00eb konflikte dhe mbrojtjen e rrug\u00ebve strategjike si Ngushtica e Hormuzit. Megjithat\u00eb, nj\u00eb veprim i till\u00eb \u00ebsht\u00eb i kufizuar nga ligjet amerikane q\u00eb k\u00ebrkojn\u00eb miratimin e Kongresit ose nj\u00eb shumic\u00eb t\u00eb kualifikuar n\u00eb Senat.<\/p>\n\n\n\n<p>Rreziqet e siguris\u00eb<\/p>\n\n\n\n<p>Aktualisht ka dhjet\u00ebra mij\u00ebra trupa amerikane n\u00eb Evrop\u00eb, me numrin m\u00eb t\u00eb madh t\u00eb stacionuar n\u00eb Gjermani. Trump ka kritikuar prej koh\u00ebsh an\u00ebtar\u00ebt e NATO-s p\u00ebr mosinvestim t\u00eb mjaftuesh\u00ebm n\u00eb mbrojtje, duke i akuzuar ata se mb\u00ebshteten n\u00eb mbrojtjen amerikane.<\/p>\n\n\n\n<p>Deklaratat dhe veprimet e tij t\u00eb fundit kan\u00eb rritur m\u00eb tej shqet\u00ebsimet midis ekspert\u00ebve, t\u00eb cil\u00ebt paralajm\u00ebrojn\u00eb se nj\u00eb politik\u00eb e till\u00eb mund ta d\u00ebmtoj\u00eb seriozisht aleanc\u00ebn.<\/p>\n\n\n\n<p>Nd\u00ebrkoh\u00eb, Sekretari i Shtetit i SHBA-s\u00eb, Marco Rubio, bisedoi me Ministrin e Jasht\u00ebm gjerman, Johannes Wadephul, rreth situat\u00ebs me Iranin dhe r\u00ebnd\u00ebsis\u00eb s\u00eb liris\u00eb s\u00eb lundrimit. N\u00eb t\u00eb nj\u00ebjt\u00ebn koh\u00eb, Trump zhvilloi nj\u00eb bised\u00eb edhe me Presidentin rus Vladimir Putin, duke propozuar nj\u00eb arm\u00ebpushim afatshkurt\u00ebr n\u00eb Ukrain\u00eb.<\/p>\n","protected":false},"excerpt":{"rendered":"<p>Presidenti i SHBA-s&euml;, Donald Trump, ka njoftuar mund&euml;sin&euml; e reduktimit t&euml; numrit t&euml; trupave amerikane t&euml; stacionuara n&euml; Gjermani, nj&euml; hap i ri n&euml; mosmarr&euml;veshjet gjithnj&euml; e m&euml; t&euml; theksuara me aleat&euml;t e NATO-s. Njoftimi pasoi nj&euml; deklarat&euml; t&euml; kancelarit gjerman Friedrich Merz, i cili vler&euml;soi se Shtetet e Bashkuara kishin p&euml;suar nj&euml; disfat&euml; diplomatike [&hellip;]<\/p>\n","protected":false},"author":2,"featured_media":50039,"comment_status":"open","ping_status":"closed","sticky":false,"template":"","format":"standard","meta":{"_monsterinsights_skip_tracking":false,"_monsterinsights_sitenote_active":false,"_monsterinsights_sitenote_note":"","_monsterinsights_sitenote_category":0,"footnotes":""},"categories":[569],"tags":[],"class_list":["post-50037","post","type-post","status-publish","format-standard","has-post-thumbnail","hentry","category-bota"],"_links":{"self":[{"href":"https:\/\/radiojehona.mk\/index.php?rest_route=\/wp\/v2\/posts\/50037","targetHints":{"allow":["GET"]}}],"collection":[{"href":"https:\/\/radiojehona.mk\/index.php?rest_route=\/wp\/v2\/posts"}],"about":[{"href":"https:\/\/radiojehona.mk\/index.php?rest_route=\/wp\/v2\/types\/post"}],"author":[{"embeddable":true,"href":"https:\/\/radiojehona.mk\/index.php?rest_route=\/wp\/v2\/users\/2"}],"replies":[{"embeddable":true,"href":"https:\/\/radiojehona.mk\/index.php?rest_route=%2Fwp%2Fv2%2Fcomments&post=50037"}],"version-history":[{"count":1,"href":"https:\/\/radiojehona.mk\/index.php?rest_route=\/wp\/v2\/posts\/50037\/revisions"}],"predecessor-version":[{"id":50040,"href":"https:\/\/radiojehona.mk\/index.php?rest_route=\/wp\/v2\/posts\/50037\/revisions\/50040"}],"wp:featuredmedia":[{"embeddable":true,"href":"https:\/\/radiojehona.mk\/index.php?rest_route=\/wp\/v2\/media\/50039"}],"wp:attachment":[{"href":"https:\/\/radiojehona.mk\/index.php?rest_route=%2Fwp%2Fv2%2Fmedia&parent=50037"}],"wp:term":[{"taxonomy":"category","embeddable":true,"href":"https:\/\/radiojehona.mk\/index.php?rest_route=%2Fwp%2Fv2%2Fcategories&post=50037"},{"taxonomy":"post_tag","embeddable":true,"href":"https:\/\/radiojehona.mk\/index.php?rest_route=%2Fwp%2Fv2%2Ftags&post=50037"}],"curies":[{"name":"wp","href":"https:\/\/api.w.org\/{rel}","templated":true}]}}