{"id":50028,"date":"2026-04-30T10:52:45","date_gmt":"2026-04-30T10:52:45","guid":{"rendered":"https:\/\/radiojehona.mk\/?p=50028"},"modified":"2026-04-30T10:52:46","modified_gmt":"2026-04-30T10:52:46","slug":"tronditese-gruaja-gjendet-e-vdekur-ne-banesen-e-nje-burri-cfare-dyshohet","status":"publish","type":"post","link":"https:\/\/radiojehona.mk\/?p=50028","title":{"rendered":"TRONDIT\u00cbSE! Gruaja gjendet e vdekur n\u00eb banes\u00ebn e nj\u00eb burri, \u00e7far\u00eb dyshohet&#8230;"},"content":{"rendered":"\n<figure class=\"wp-block-image size-full\"><img fetchpriority=\"high\" decoding=\"async\" width=\"750\" height=\"450\" src=\"https:\/\/radiojehona.mk\/wp-content\/uploads\/2026\/04\/ekav-1-750x450-1.jpg\" alt=\"\" class=\"wp-image-50029\" srcset=\"https:\/\/radiojehona.mk\/wp-content\/uploads\/2026\/04\/ekav-1-750x450-1.jpg 750w, https:\/\/radiojehona.mk\/wp-content\/uploads\/2026\/04\/ekav-1-750x450-1-300x180.jpg 300w\" sizes=\"(max-width: 750px) 100vw, 750px\" \/><\/figure>\n\n\n\n<p>Nj\u00eb ngjarje e r\u00ebnd\u00eb ka tronditur qytetin e Amaliad\u00ebs, ku nj\u00eb grua 48-vje\u00e7are \u00ebsht\u00eb gjetur e vdekur n\u00eb banes\u00ebn e nj\u00eb burri q\u00eb e kishte strehuar p\u00ebr nj\u00eb periudh\u00eb kohore. Ai ishte personi i par\u00eb q\u00eb konstatoi gjendjen e saj dhe njoftoi autoritetet, pasi viktima nuk jepte shenja jete.<\/p>\n\n\n\n<p>Trupi i saj u transportua menj\u00ebher\u00eb n\u00eb spitalin e Amaliad\u00ebs, ku mjek\u00ebt konfirmuan vdekjen, duke vler\u00ebsuar se ajo kishte nd\u00ebrruar jet\u00eb disa or\u00eb m\u00eb par\u00eb. Rrethanat e ngjarjes mbeten t\u00eb pasqaruara, nd\u00ebrsa hetuesit po shqyrtojn\u00eb t\u00eb gjitha pistat, duke p\u00ebrfshir\u00eb edhe historikun e saj mjek\u00ebsor. Disa muaj m\u00eb par\u00eb, gruaja kishte p\u00ebrjetuar nj\u00eb hemorragji t\u00eb r\u00ebnd\u00eb dhe ishte trajtuar n\u00eb spital.<\/p>\n\n\n\n<p>P\u00ebr t\u00eb p\u00ebrcaktuar shkakun e vdekjes, trupi i viktim\u00ebs \u00ebsht\u00eb d\u00ebrguar p\u00ebr autopsi n\u00eb Patra. Hetimet vijojn\u00eb intensivisht, nd\u00ebrsa autoritetet synojn\u00eb t\u00eb hedh\u00eb drit\u00eb mbi rrethanat q\u00eb \u00e7uan n\u00eb k\u00ebt\u00eb ngjarje tragjike dhe t\u00eb shqet\u00ebsueshme p\u00ebr komunitetin lokal.<\/p>\n","protected":false},"excerpt":{"rendered":"<p>Nj&euml; ngjarje e r&euml;nd&euml; ka tronditur qytetin e Amaliad&euml;s, ku nj&euml; grua 48-vje&ccedil;are &euml;sht&euml; gjetur e vdekur n&euml; banes&euml;n e nj&euml; burri q&euml; e kishte strehuar p&euml;r nj&euml; periudh&euml; kohore. Ai ishte personi i par&euml; q&euml; konstatoi gjendjen e saj dhe njoftoi autoritetet, pasi viktima nuk jepte shenja jete. Trupi i saj u transportua menj&euml;her&euml; [&hellip;]<\/p>\n","protected":false},"author":2,"featured_media":50029,"comment_status":"open","ping_status":"closed","sticky":false,"template":"","format":"standard","meta":{"_monsterinsights_skip_tracking":false,"_monsterinsights_sitenote_active":false,"_monsterinsights_sitenote_note":"","_monsterinsights_sitenote_category":0,"footnotes":""},"categories":[569],"tags":[],"class_list":["post-50028","post","type-post","status-publish","format-standard","has-post-thumbnail","hentry","category-bota"],"_links":{"self":[{"href":"https:\/\/radiojehona.mk\/index.php?rest_route=\/wp\/v2\/posts\/50028","targetHints":{"allow":["GET"]}}],"collection":[{"href":"https:\/\/radiojehona.mk\/index.php?rest_route=\/wp\/v2\/posts"}],"about":[{"href":"https:\/\/radiojehona.mk\/index.php?rest_route=\/wp\/v2\/types\/post"}],"author":[{"embeddable":true,"href":"https:\/\/radiojehona.mk\/index.php?rest_route=\/wp\/v2\/users\/2"}],"replies":[{"embeddable":true,"href":"https:\/\/radiojehona.mk\/index.php?rest_route=%2Fwp%2Fv2%2Fcomments&post=50028"}],"version-history":[{"count":1,"href":"https:\/\/radiojehona.mk\/index.php?rest_route=\/wp\/v2\/posts\/50028\/revisions"}],"predecessor-version":[{"id":50030,"href":"https:\/\/radiojehona.mk\/index.php?rest_route=\/wp\/v2\/posts\/50028\/revisions\/50030"}],"wp:featuredmedia":[{"embeddable":true,"href":"https:\/\/radiojehona.mk\/index.php?rest_route=\/wp\/v2\/media\/50029"}],"wp:attachment":[{"href":"https:\/\/radiojehona.mk\/index.php?rest_route=%2Fwp%2Fv2%2Fmedia&parent=50028"}],"wp:term":[{"taxonomy":"category","embeddable":true,"href":"https:\/\/radiojehona.mk\/index.php?rest_route=%2Fwp%2Fv2%2Fcategories&post=50028"},{"taxonomy":"post_tag","embeddable":true,"href":"https:\/\/radiojehona.mk\/index.php?rest_route=%2Fwp%2Fv2%2Ftags&post=50028"}],"curies":[{"name":"wp","href":"https:\/\/api.w.org\/{rel}","templated":true}]}}