{"id":50025,"date":"2026-04-30T10:51:37","date_gmt":"2026-04-30T10:51:37","guid":{"rendered":"https:\/\/radiojehona.mk\/?p=50025"},"modified":"2026-04-30T10:51:37","modified_gmt":"2026-04-30T10:51:37","slug":"komandanti-i-misionit-paqeruajtes-te-nato-s-ne-kosove-situata-e-sigurise-e-brishte-me-potencial-per-tensione-te-reja-ne-veri","status":"publish","type":"post","link":"https:\/\/radiojehona.mk\/?p=50025","title":{"rendered":"Komandanti i misionit paqeruajt\u00ebs t\u00eb NATO-s n\u00eb Kosov\u00eb: Situata e siguris\u00eb e brisht\u00eb, me potencial p\u00ebr tensione t\u00eb reja n\u00eb Veri"},"content":{"rendered":"\n<figure class=\"wp-block-image size-full\"><img fetchpriority=\"high\" decoding=\"async\" width=\"975\" height=\"543\" src=\"https:\/\/radiojehona.mk\/wp-content\/uploads\/2026\/04\/auto_8547-1_11777538540-1.webp\" alt=\"\" class=\"wp-image-50026\" srcset=\"https:\/\/radiojehona.mk\/wp-content\/uploads\/2026\/04\/auto_8547-1_11777538540-1.webp 975w, https:\/\/radiojehona.mk\/wp-content\/uploads\/2026\/04\/auto_8547-1_11777538540-1-300x167.webp 300w, https:\/\/radiojehona.mk\/wp-content\/uploads\/2026\/04\/auto_8547-1_11777538540-1-768x428.webp 768w\" sizes=\"(max-width: 975px) 100vw, 975px\" \/><\/figure>\n\n\n\n<p>Komandanti i misionit paqeruajt\u00ebs t\u00eb NATO-s n\u00eb Kosov\u00eb, KFOR, gjeneralmajori turk, Ozkan Ulutash, tha se q\u00eb nga tetori i vitit 2025, situata e siguris\u00eb n\u00eb Kosov\u00eb \u00ebsht\u00eb p\u00ebrgjith\u00ebsisht e qet\u00eb, por me potencial q\u00eb t\u00eb ket\u00eb tensione t\u00eb reja.<\/p>\n\n\n\n<p><em>\u201cNe nuk kemi par\u00eb p\u00ebrs\u00ebritje t\u00eb dhun\u00ebs, si\u00e7 kemi par\u00eb m\u00eb 2023. Megjithat\u00eb, situata mbetet e brisht\u00eb, me potencial p\u00ebr tensione t\u00eb reja, ve\u00e7mas n\u00eb veri t\u00eb Kosov\u00ebs\u201d,&nbsp;<\/em>tha ai gjat\u00eb nj\u00eb takimi me ambasador\u00ebt e shteteve t\u00eb NATO-s dhe partner\u00ebve q\u00eb kontribuojn\u00eb n\u00eb NATO n\u00eb Bruksel m\u00eb 29 prill.<\/p>\n\n\n\n<p>Tensionet n\u00eb veriun e Kosov\u00ebs, t\u00eb banuar me shumic\u00eb serbe, m\u00eb 2023, fillimisht n\u00eb maj, kur serb\u00ebt lokal\u00eb kund\u00ebrshtuan nisjen e pun\u00ebs t\u00eb kryetar\u00ebve shqiptar\u00eb t\u00eb kat\u00ebr komunave n\u00eb veri, t\u00eb cil\u00ebt u zgjodh\u00ebn pasi serb\u00ebt lokal\u00eb bojkotuan zgjedhjet lokale.<\/p>\n\n\n\n<p>Tensionet kulmuan n\u00eb shtator t\u00eb po atij viti, kur nj\u00eb grup i serb\u00ebve t\u00eb armatosur sulmoi Policin\u00eb e Kosov\u00ebs n\u00eb Banjsk\u00eb t\u00eb Zve\u00e7anit, duke vrar\u00eb rreshterin Afrim Bunjaku.<\/p>\n\n\n\n<p>P\u00ebrgjegj\u00ebsin\u00eb p\u00ebr sulmin e mori Millan Radoi\u00e7iq, ish-n\u00ebnkryetar i List\u00ebs Serbe \u2013 partis\u00eb kryesore t\u00eb serb\u00ebve q\u00eb g\u00ebzon mb\u00ebshtetjen e Beogradit.<\/p>\n\n\n\n<p>Kosova faj\u00ebson Serbin\u00eb p\u00ebr sulmin, por Beogradi mohon \u00e7do p\u00ebrfshirje.<\/p>\n\n\n\n<p>M\u00eb her\u00ebt gjat\u00eb k\u00ebtij viti, shefi i NATO-s, Mark Rutte, ka th\u00ebn\u00eb se ende pret q\u00eb Serbia t\u00eb p\u00ebrcaktoj\u00eb p\u00ebrgjegj\u00ebsin\u00eb p\u00ebr Banjsk\u00ebn.<\/p>\n\n\n\n<p>Ulutash gjat\u00eb takimit n\u00eb Bruksel po ashtu tha se ka nevoj\u00eb \u201curgjente p\u00ebr nj\u00eb zgjidhje afatgjat\u00eb politike\u201d.<\/p>\n\n\n\n<p><em>\u201cNATO vazhdon ta mb\u00ebshtes\u00eb plot\u00ebsisht dialogun e nd\u00ebrmjet\u00ebsuar nga Bashkimi Evropian p\u00ebr normalizimin e raporteve mes Prishtin\u00ebs dhe Beogradit. N\u00eb fund, stabiliteti varet kur t\u00eb gjitha pal\u00ebt zgjedhin diplomacin\u00eb mbi dhun\u00ebn. Rruga drejt paqes afatgjat\u00eb \u00ebsht\u00eb politike, nuk \u00ebsht\u00eb ushtarake. KFOR do t\u00eb vazhdoj\u00eb ta mb\u00ebshtes\u00eb k\u00ebt\u00eb proces\u201d,&nbsp;<\/em>tha Ulutash.<\/p>\n\n\n\n<p>Kosova dhe Serbia zhvillojn\u00eb dialog, n\u00ebn nd\u00ebrmjet\u00ebsimin e BE-s\u00eb, q\u00eb nga viti 2011.<\/p>\n\n\n\n<p>Nj\u00eb s\u00ebr\u00eb marr\u00ebveshjesh jan\u00eb arritur p\u00ebrgjat\u00eb viteve t\u00eb dialogut, por shum\u00eb nga to nuk jan\u00eb zbatuar n\u00eb terren.<\/p>\n\n\n\n<p>Megjithat\u00eb, takim n\u00eb nivelin e lart\u00eb politik mes Kosov\u00ebs dhe Serbis\u00eb nuk ka pasur q\u00eb nga shtatori i vitit 2023. Takimi i fundit mes Kurtit dhe Vu\u00e7iqit ishte zhvilluar disa dit\u00eb para sulmit t\u00eb armatosur n\u00eb Banjsk\u00eb t\u00eb Zve\u00e7anit, p\u00ebr t\u00eb cilin Kosova e faj\u00ebson Serbin\u00eb, por Beogradi mohon \u00e7do p\u00ebrfshirje.\/REL<\/p>\n","protected":false},"excerpt":{"rendered":"<p>Komandanti i misionit paqeruajt&euml;s t&euml; NATO-s n&euml; Kosov&euml;, KFOR, gjeneralmajori turk, Ozkan Ulutash, tha se q&euml; nga tetori i vitit 2025, situata e siguris&euml; n&euml; Kosov&euml; &euml;sht&euml; p&euml;rgjith&euml;sisht e qet&euml;, por me potencial q&euml; t&euml; ket&euml; tensione t&euml; reja. &ldquo;Ne nuk kemi par&euml; p&euml;rs&euml;ritje t&euml; dhun&euml;s, si&ccedil; kemi par&euml; m&euml; 2023. Megjithat&euml;, situata mbetet e [&hellip;]<\/p>\n","protected":false},"author":2,"featured_media":50026,"comment_status":"open","ping_status":"closed","sticky":false,"template":"","format":"standard","meta":{"_monsterinsights_skip_tracking":false,"_monsterinsights_sitenote_active":false,"_monsterinsights_sitenote_note":"","_monsterinsights_sitenote_category":0,"footnotes":""},"categories":[576],"tags":[],"class_list":["post-50025","post","type-post","status-publish","format-standard","has-post-thumbnail","hentry","category-rajoni"],"_links":{"self":[{"href":"https:\/\/radiojehona.mk\/index.php?rest_route=\/wp\/v2\/posts\/50025","targetHints":{"allow":["GET"]}}],"collection":[{"href":"https:\/\/radiojehona.mk\/index.php?rest_route=\/wp\/v2\/posts"}],"about":[{"href":"https:\/\/radiojehona.mk\/index.php?rest_route=\/wp\/v2\/types\/post"}],"author":[{"embeddable":true,"href":"https:\/\/radiojehona.mk\/index.php?rest_route=\/wp\/v2\/users\/2"}],"replies":[{"embeddable":true,"href":"https:\/\/radiojehona.mk\/index.php?rest_route=%2Fwp%2Fv2%2Fcomments&post=50025"}],"version-history":[{"count":1,"href":"https:\/\/radiojehona.mk\/index.php?rest_route=\/wp\/v2\/posts\/50025\/revisions"}],"predecessor-version":[{"id":50027,"href":"https:\/\/radiojehona.mk\/index.php?rest_route=\/wp\/v2\/posts\/50025\/revisions\/50027"}],"wp:featuredmedia":[{"embeddable":true,"href":"https:\/\/radiojehona.mk\/index.php?rest_route=\/wp\/v2\/media\/50026"}],"wp:attachment":[{"href":"https:\/\/radiojehona.mk\/index.php?rest_route=%2Fwp%2Fv2%2Fmedia&parent=50025"}],"wp:term":[{"taxonomy":"category","embeddable":true,"href":"https:\/\/radiojehona.mk\/index.php?rest_route=%2Fwp%2Fv2%2Fcategories&post=50025"},{"taxonomy":"post_tag","embeddable":true,"href":"https:\/\/radiojehona.mk\/index.php?rest_route=%2Fwp%2Fv2%2Ftags&post=50025"}],"curies":[{"name":"wp","href":"https:\/\/api.w.org\/{rel}","templated":true}]}}