{"id":50022,"date":"2026-04-30T10:50:07","date_gmt":"2026-04-30T10:50:07","guid":{"rendered":"https:\/\/radiojehona.mk\/?p=50022"},"modified":"2026-04-30T10:50:07","modified_gmt":"2026-04-30T10:50:07","slug":"vmro-dpmne-filipce-nuk-eshte-legjitim-te-flase-per-lirine-e-medive","status":"publish","type":"post","link":"https:\/\/radiojehona.mk\/?p=50022","title":{"rendered":"VMRO-DPMNE: Filip\u00e7e nuk \u00ebsht\u00eb legjitim t\u00eb flas\u00eb p\u00ebr lirin\u00eb e medive"},"content":{"rendered":"\n<figure class=\"wp-block-image size-full\"><img fetchpriority=\"high\" decoding=\"async\" width=\"700\" height=\"420\" src=\"https:\/\/radiojehona.mk\/wp-content\/uploads\/2026\/04\/vmro-dpmne-1.jpeg\" alt=\"\" class=\"wp-image-50023\" srcset=\"https:\/\/radiojehona.mk\/wp-content\/uploads\/2026\/04\/vmro-dpmne-1.jpeg 700w, https:\/\/radiojehona.mk\/wp-content\/uploads\/2026\/04\/vmro-dpmne-1-300x180.jpeg 300w\" sizes=\"(max-width: 700px) 100vw, 700px\" \/><\/figure>\n\n\n\n<p>VMRO-DPMNE i ka reaguar kryetarit t\u00eb LSDM-s\u00eb, Venko Filip\u00e7es lidhur me indeksin e fundit t\u00eb liris\u00eb s\u00eb shtypit t\u00eb \u201cReporter\u00ebve pa Kufij\u201d, sipas s\u00eb cil\u00ebs Maqedonia e Veriut ka sh\u00ebnuar r\u00ebnie p\u00ebr tre vende.<\/p>\n\n\n\n<p>Nga atje thon\u00eb se Filip\u00e7e nuk \u00ebsht\u00eb i besuesh\u00ebm dhe legjitim t\u00eb flas\u00eb p\u00ebr lirin\u00eb e medias, sepse \u00ebsht\u00eb grindur me t\u00eb gjitha mediat.<br>\u201cFilip\u00e7e gjeti koh\u00eb t\u00eb fliste p\u00ebr lirin\u00eb e medias dhe raportin e Reporter\u00ebve pa Kufij.<\/p>\n\n\n\n<p>Filip\u00e7e e gjeti veten t\u00eb besuesh\u00ebm dhe legjitim p\u00ebr t\u00eb folur p\u00ebr lirin\u00eb e medias, kur nuk ka asnj\u00eb media, portal apo gazetar me t\u00eb cilin nuk \u00ebsht\u00eb grindur.<\/p>\n\n\n\n<p>Q\u00ebndrimi i Filip\u00e7e dhe LSD-s\u00eb, n\u00ebn drejtimin e shefit t\u00eb PR-s\u00eb t\u00eb bashk\u00ebbanuesit t\u00eb Zaevit, Zoran Bashanoviq, ndaj medias \u00ebsht\u00eb jasht\u00ebzakonisht arrogant, i turpsh\u00ebm dhe n\u00eb raste t\u00eb caktuara edhe i paedukat\u00eb.<\/p>\n\n\n\n<p>Filip\u00e7e duhet t\u00eb v\u00ebr\u00eb gishtin n\u00eb kok\u00ebn e tij dhe t\u00eb mendoj\u00eb se \u00e7far\u00eb po b\u00ebn me gazetar\u00ebt dhe median dhe n\u00ebse q\u00ebndrimi i tij \u00ebsht\u00eb i sakt\u00eb. N\u00ebse ai mendon se \u00ebsht\u00eb k\u00ebshtu, ne do t\u00eb zbresim edhe m\u00eb posht\u00eb vitin tjet\u00ebr\u201d, thot\u00eb nga VMRO-DPMNE.<\/p>\n","protected":false},"excerpt":{"rendered":"<p>VMRO-DPMNE i ka reaguar kryetarit t&euml; LSDM-s&euml;, Venko Filip&ccedil;es lidhur me indeksin e fundit t&euml; liris&euml; s&euml; shtypit t&euml; &ldquo;Reporter&euml;ve pa Kufij&rdquo;, sipas s&euml; cil&euml;s Maqedonia e Veriut ka sh&euml;nuar r&euml;nie p&euml;r tre vende. Nga atje thon&euml; se Filip&ccedil;e nuk &euml;sht&euml; i besuesh&euml;m dhe legjitim t&euml; flas&euml; p&euml;r lirin&euml; e medias, sepse &euml;sht&euml; grindur me [&hellip;]<\/p>\n","protected":false},"author":2,"featured_media":50023,"comment_status":"open","ping_status":"closed","sticky":false,"template":"","format":"standard","meta":{"_monsterinsights_skip_tracking":false,"_monsterinsights_sitenote_active":false,"_monsterinsights_sitenote_note":"","_monsterinsights_sitenote_category":0,"footnotes":""},"categories":[1],"tags":[],"class_list":["post-50022","post","type-post","status-publish","format-standard","has-post-thumbnail","hentry","category-vendi"],"_links":{"self":[{"href":"https:\/\/radiojehona.mk\/index.php?rest_route=\/wp\/v2\/posts\/50022","targetHints":{"allow":["GET"]}}],"collection":[{"href":"https:\/\/radiojehona.mk\/index.php?rest_route=\/wp\/v2\/posts"}],"about":[{"href":"https:\/\/radiojehona.mk\/index.php?rest_route=\/wp\/v2\/types\/post"}],"author":[{"embeddable":true,"href":"https:\/\/radiojehona.mk\/index.php?rest_route=\/wp\/v2\/users\/2"}],"replies":[{"embeddable":true,"href":"https:\/\/radiojehona.mk\/index.php?rest_route=%2Fwp%2Fv2%2Fcomments&post=50022"}],"version-history":[{"count":1,"href":"https:\/\/radiojehona.mk\/index.php?rest_route=\/wp\/v2\/posts\/50022\/revisions"}],"predecessor-version":[{"id":50024,"href":"https:\/\/radiojehona.mk\/index.php?rest_route=\/wp\/v2\/posts\/50022\/revisions\/50024"}],"wp:featuredmedia":[{"embeddable":true,"href":"https:\/\/radiojehona.mk\/index.php?rest_route=\/wp\/v2\/media\/50023"}],"wp:attachment":[{"href":"https:\/\/radiojehona.mk\/index.php?rest_route=%2Fwp%2Fv2%2Fmedia&parent=50022"}],"wp:term":[{"taxonomy":"category","embeddable":true,"href":"https:\/\/radiojehona.mk\/index.php?rest_route=%2Fwp%2Fv2%2Fcategories&post=50022"},{"taxonomy":"post_tag","embeddable":true,"href":"https:\/\/radiojehona.mk\/index.php?rest_route=%2Fwp%2Fv2%2Ftags&post=50022"}],"curies":[{"name":"wp","href":"https:\/\/api.w.org\/{rel}","templated":true}]}}