{"id":50019,"date":"2026-04-30T10:49:24","date_gmt":"2026-04-30T10:49:24","guid":{"rendered":"https:\/\/radiojehona.mk\/?p=50019"},"modified":"2026-04-30T10:49:25","modified_gmt":"2026-04-30T10:49:25","slug":"maqedonia-bie-per-tre-vende-ne-indeksin-e-lirise-se-medias","status":"publish","type":"post","link":"https:\/\/radiojehona.mk\/?p=50019","title":{"rendered":"Maqedonia bie p\u00ebr tre vende n\u00eb indeksin e liris\u00eb s\u00eb medias"},"content":{"rendered":"\n<figure class=\"wp-block-image size-large\"><img fetchpriority=\"high\" decoding=\"async\" width=\"1024\" height=\"649\" src=\"https:\/\/radiojehona.mk\/wp-content\/uploads\/2026\/04\/media-gazetar-1024x649.jpg\" alt=\"\" class=\"wp-image-50020\" srcset=\"https:\/\/radiojehona.mk\/wp-content\/uploads\/2026\/04\/media-gazetar-1024x649.jpg 1024w, https:\/\/radiojehona.mk\/wp-content\/uploads\/2026\/04\/media-gazetar-300x190.jpg 300w, https:\/\/radiojehona.mk\/wp-content\/uploads\/2026\/04\/media-gazetar-768x487.jpg 768w, https:\/\/radiojehona.mk\/wp-content\/uploads\/2026\/04\/media-gazetar.jpg 1033w\" sizes=\"(max-width: 1024px) 100vw, 1024px\" \/><\/figure>\n\n\n\n<p>Maqedonia ka r\u00ebn\u00eb me tre vende, nga vendi i 42-t\u00eb n\u00eb t\u00eb 45-tin, n\u00eb indeksin e fundit t\u00eb liris\u00eb s\u00eb shtypit t\u00eb \u201cReporter\u00ebve pa Kufij\u201d. Vendi klasifikohet n\u00eb grupin \u201cproblematik\u201d dhe \u00ebsht\u00eb regjistruar r\u00ebnie n\u00eb t\u00eb pes\u00eb treguesit kryesor\u00eb q\u00eb matin lirin\u00eb e medias.<\/p>\n\n\n\n<p>Raporti mbi Maqedonin\u00eb e Veriut v\u00ebren probleme serioze p\u00ebr lirin\u00eb e mediave.<a href=\"https:\/\/www.ora24.tv\/maqedonia-bie-per-tre-vende-ne-indeksin-e-lirise-se-medias\/#\"><\/a><a href=\"https:\/\/clck.mgid.com\/ghits\/25790009\/i\/57996243\/0\/pp\/1\/2?h=kq9M6rvX55YogbYd8w_6W_76PpXRdjUHugxtZ5rNUxqGMJlAz3aYUM4sCQT7gyHHiT9x_cMvY9ErMas0gfPlnogZWVRVpCsloFffh1QPSquv5MhfjO11ncaPT7ayX_al&amp;rid=6d649bd3-4481-11f1-9e49-d404e677c390&amp;ts=fax.al&amp;tt=Referral&amp;att=4&amp;cpm=1&amp;iv=17&amp;ct=1&amp;gdprApplies=0&amp;st=120&amp;mp4=1&amp;h2=7KALPsx3Q-SesibJiNphvOXFVgKa0Xh-8dEktmBT5gUOZpFxV8gAcIvKPRHjZA2EbYMbdz1TcSxNE082CyoH1g**&amp;muid=ob6kKe5yjJme\" target=\"_blank\" rel=\"noreferrer noopener\"><\/a><\/p>\n\n\n\n<p>\u201cEdhe pse televizioni \u00ebsht\u00eb burimi dominues i informacionit, mediat online luajn\u00eb nj\u00eb rol t\u00eb r\u00ebnd\u00ebsish\u00ebm. Megjithat\u00eb, duhet b\u00ebr\u00eb nj\u00eb dallim midis redaksive profesionale online q\u00eb pun\u00ebsojn\u00eb gazetar\u00eb dhe publikojn\u00eb p\u00ebrmbajtje origjinale, dhe portaleve individuale q\u00eb plagjiaturojn\u00eb dhe kopjojn\u00eb p\u00ebrmbajtjen e t\u00eb tjer\u00ebve. Ekziston gjithashtu nj\u00eb ndryshim i madh midis shikueshm\u00ebris\u00eb dhe besimit: kanalet televizive m\u00eb t\u00eb shikuara \u2013 \u2018Alsat\u2019, \u2018Sitel\u2019, \u2018MTV1\u2019, \u2018Kanal 5\u2019 \u2013 kan\u00eb nj\u00eb indeks t\u00eb ul\u00ebt besueshm\u00ebrie\u201d, thuhet n\u00eb raportin mbi mjedisin mediatik n\u00eb vend.<\/p>\n\n\n\n<p>Ai gjithashtu thekson se zyrtar\u00ebt qeveritar\u00eb kan\u00eb tendenc\u00eb t\u00eb ken\u00eb q\u00ebndrim t\u00eb keq dhe posht\u00ebrues ndaj gazetar\u00ebve.<\/p>\n\n\n\n<p>\u201cSituata e p\u00ebrgjithshme mbetet e favorshme p\u00ebr lirin\u00eb e shtypit, por institucionet shtet\u00ebrore nuk jan\u00eb mjaftuesh\u00ebm transparente dhe gazetaria kritike \u00ebsht\u00eb gjithnj\u00eb e m\u00eb e ekspozuar ndaj sulmeve. P\u00ebr shkak t\u00eb polarizimit t\u00eb fort\u00eb politik, media mund t\u00eb jet\u00eb n\u00ebn presion nga autoritetet, politikan\u00ebt dhe biznesmen\u00ebt, si n\u00eb nivel komb\u00ebtar ashtu edhe n\u00eb at\u00eb lokal. Dy partit\u00eb m\u00eb t\u00eb m\u00ebdha (qeveria dhe opozita) kan\u00eb krijuar sisteme paralele mediatike mbi t\u00eb cilat ushtrojn\u00eb ndikim politik dhe ekonomik. Sh\u00ebrbimi publik i transmetimit nuk ka pavar\u00ebsi editoriale ose financiare\u201d, thuhet n\u00eb raportin e Reporter\u00ebve pa Kufij p\u00ebr Maqedonin\u00eb.<\/p>\n\n\n\n<p>Nga vendet n\u00eb Ballkan, vet\u00ebm Sllovenia (36) dhe Mali i Zi (41) jan\u00eb n\u00eb grupin \u201ct\u00eb k\u00ebnaqsh\u00ebm\u201d. Grupi \u201cproblematik\u201d, n\u00eb t\u00eb cilin ndodhet Maqedonia, p\u00ebrfshin gjithashtu Kroacin\u00eb (53), Bullgarin\u00eb (71), Shqip\u00ebrin\u00eb (83) dhe Greqin\u00eb (86). Bosnja dhe Hercegovina (90) dhe Serbia (104) jan\u00eb n\u00eb kategorin\u00eb e vendeve me situat\u00eb \u201ct\u00eb v\u00ebshtir\u00eb\u201d p\u00ebr sa i p\u00ebrket liris\u00eb s\u00eb medias.<\/p>\n\n\n\n<p>P\u00ebr t\u00eb dhjet\u00ebn vit radhazi, Norvegjia mban vendin e par\u00eb, nd\u00ebrsa Eritrea \u00ebsht\u00eb n\u00eb vendin e fundit. Siria ka b\u00ebr\u00eb k\u00ebrcimin m\u00eb t\u00eb madh, pas r\u00ebnies s\u00eb diktatorit t\u00eb gjat\u00eb Bashar al-Assad, duke u ngjitur me 36 vende.<\/p>\n\n\n\n<p>P\u00ebr her\u00eb t\u00eb par\u00eb n\u00eb historin\u00eb e Indeksit t\u00eb Liris\u00eb s\u00eb Shtypit t\u00eb Reporter\u00ebve pa Kufij, m\u00eb shum\u00eb se gjysma e vendeve t\u00eb bot\u00ebs klasifikohen si \u201cserioze\u201d ose \u201cshum\u00eb serioze\u201d p\u00ebr lirin\u00eb e shtypit. Rezultati mesatar p\u00ebr t\u00eb gjitha 180 vendet dhe territoret e p\u00ebrfshira n\u00eb renditje nuk ka qen\u00eb kurr\u00eb m\u00eb i ul\u00ebt n\u00eb 25 vitet e fundit.<\/p>\n\n\n\n<p><a href=\"https:\/\/www.ora24.tv\/maqedonia-bie-per-tre-vende-ne-indeksin-e-lirise-se-medias\/#\"><\/a><\/p>\n\n\n\n<p><a href=\"https:\/\/clck.mgid.com\/ghits\/23022312\/i\/57996241\/0\/pp\/1\/2?h=kq9M6rvX55YogbYd8w_6W4xP_U4FheDcOTq87IR4h01kgm_y15wokbeZ24KVXIMbiT9x_cMvY9ErMas0gfPlnvS3MKJDGbESOKe8ClFz_psrt_zn6-atujY075b5C1Bv&amp;rid=6d65bf48-4481-11f1-9e49-d404e677c390&amp;ts=fax.al&amp;tt=Referral&amp;att=4&amp;cpm=1&amp;iv=17&amp;ct=1&amp;gdprApplies=0&amp;st=120&amp;mp4=1&amp;h2=7KALPsx3Q-SesibJiNphvHWYH-RUCLHwy761cwR7jZ28x5NNHAUQXjDuGbBB-1X6HE2_MoSUVhTXWbckVu6WFg**&amp;muid=ob6kKe5yjJme\" target=\"_blank\" rel=\"noreferrer noopener\"><\/a><a href=\"https:\/\/clck.mgid.com\/ghits\/23022312\/i\/57996241\/0\/pp\/1\/2?h=kq9M6rvX55YogbYd8w_6W4xP_U4FheDcOTq87IR4h01kgm_y15wokbeZ24KVXIMbiT9x_cMvY9ErMas0gfPlnvS3MKJDGbESOKe8ClFz_psrt_zn6-atujY075b5C1Bv&amp;rid=6d65bf48-4481-11f1-9e49-d404e677c390&amp;ts=fax.al&amp;tt=Referral&amp;att=4&amp;cpm=1&amp;iv=17&amp;ct=1&amp;gdprApplies=0&amp;st=120&amp;mp4=1&amp;h2=7KALPsx3Q-SesibJiNphvHWYH-RUCLHwy761cwR7jZ28x5NNHAUQXjDuGbBB-1X6HE2_MoSUVhTXWbckVu6WFg**&amp;muid=ob6kKe5yjJme\" target=\"_blank\" rel=\"noreferrer noopener\"><\/a><\/p>\n\n\n\n<p><a target=\"_blank\" href=\"https:\/\/clck.mgid.com\/ghits\/23022312\/i\/57996241\/0\/pp\/1\/2?h=kq9M6rvX55YogbYd8w_6W4xP_U4FheDcOTq87IR4h01kgm_y15wokbeZ24KVXIMbiT9x_cMvY9ErMas0gfPlnvS3MKJDGbESOKe8ClFz_psrt_zn6-atujY075b5C1Bv&amp;rid=6d65bf48-4481-11f1-9e49-d404e677c390&amp;ts=fax.al&amp;tt=Referral&amp;att=4&amp;cpm=1&amp;iv=17&amp;ct=1&amp;gdprApplies=0&amp;st=120&amp;mp4=1&amp;h2=7KALPsx3Q-SesibJiNphvHWYH-RUCLHwy761cwR7jZ28x5NNHAUQXjDuGbBB-1X6HE2_MoSUVhTXWbckVu6WFg**&amp;muid=ob6kKe5yjJme\" rel=\"noreferrer noopener\"><\/a><\/p>\n\n\n\n<p><a target=\"_blank\" href=\"https:\/\/clck.mgid.com\/ghits\/26762500\/i\/57996241\/0\/pp\/2\/2?h=kq9M6rvX55YogbYd8w_6W-GQwNUpbtClCCrDGqp5_fw5lssLWGmqvHauC1zr5mxbiT9x_cMvY9ErMas0gfPlnvS3MKJDGbESOKe8ClFz_puXHfUph3ejFCBYT-E6NN3J&amp;rid=6d65bf48-4481-11f1-9e49-d404e677c390&amp;ts=fax.al&amp;tt=Referral&amp;att=4&amp;cpm=1&amp;abd=1&amp;iv=17&amp;ct=1&amp;gdprApplies=0&amp;st=120&amp;mp4=1&amp;h2=7KALPsx3Q-SesibJiNphvHWYH-RUCLHwy761cwR7jZ28x5NNHAUQXjDuGbBB-1X6HE2_MoSUVhTXWbckVu6WFg**&amp;muid=ob6kKe5yjJme\" rel=\"noreferrer noopener\"><\/a><\/p>\n\n\n\n<p><a target=\"_blank\" href=\"https:\/\/clck.mgid.com\/ghits\/26762500\/i\/57996241\/0\/pp\/2\/2?h=kq9M6rvX55YogbYd8w_6W-GQwNUpbtClCCrDGqp5_fw5lssLWGmqvHauC1zr5mxbiT9x_cMvY9ErMas0gfPlnvS3MKJDGbESOKe8ClFz_puXHfUph3ejFCBYT-E6NN3J&amp;rid=6d65bf48-4481-11f1-9e49-d404e677c390&amp;ts=fax.al&amp;tt=Referral&amp;att=4&amp;cpm=1&amp;abd=1&amp;iv=17&amp;ct=1&amp;gdprApplies=0&amp;st=120&amp;mp4=1&amp;h2=7KALPsx3Q-SesibJiNphvHWYH-RUCLHwy761cwR7jZ28x5NNHAUQXjDuGbBB-1X6HE2_MoSUVhTXWbckVu6WFg**&amp;muid=ob6kKe5yjJme\" rel=\"noreferrer noopener\"><\/a><\/p>\n\n\n\n<p><a href=\"https:\/\/www.ora24.tv\/maqedonia-bie-per-tre-vende-ne-indeksin-e-lirise-se-medias\/#\"><\/a><a href=\"https:\/\/www.ora24.tv\/maqedonia-bie-per-tre-vende-ne-indeksin-e-lirise-se-medias\/#\"><\/a><\/p>\n","protected":false},"excerpt":{"rendered":"<p>Maqedonia ka r&euml;n&euml; me tre vende, nga vendi i 42-t&euml; n&euml; t&euml; 45-tin, n&euml; indeksin e fundit t&euml; liris&euml; s&euml; shtypit t&euml; &ldquo;Reporter&euml;ve pa Kufij&rdquo;. Vendi klasifikohet n&euml; grupin &ldquo;problematik&rdquo; dhe &euml;sht&euml; regjistruar r&euml;nie n&euml; t&euml; pes&euml; treguesit kryesor&euml; q&euml; matin lirin&euml; e medias. Raporti mbi Maqedonin&euml; e Veriut v&euml;ren probleme serioze p&euml;r lirin&euml; e [&hellip;]<\/p>\n","protected":false},"author":2,"featured_media":50020,"comment_status":"open","ping_status":"closed","sticky":false,"template":"","format":"standard","meta":{"_monsterinsights_skip_tracking":false,"_monsterinsights_sitenote_active":false,"_monsterinsights_sitenote_note":"","_monsterinsights_sitenote_category":0,"footnotes":""},"categories":[1],"tags":[],"class_list":["post-50019","post","type-post","status-publish","format-standard","has-post-thumbnail","hentry","category-vendi"],"_links":{"self":[{"href":"https:\/\/radiojehona.mk\/index.php?rest_route=\/wp\/v2\/posts\/50019","targetHints":{"allow":["GET"]}}],"collection":[{"href":"https:\/\/radiojehona.mk\/index.php?rest_route=\/wp\/v2\/posts"}],"about":[{"href":"https:\/\/radiojehona.mk\/index.php?rest_route=\/wp\/v2\/types\/post"}],"author":[{"embeddable":true,"href":"https:\/\/radiojehona.mk\/index.php?rest_route=\/wp\/v2\/users\/2"}],"replies":[{"embeddable":true,"href":"https:\/\/radiojehona.mk\/index.php?rest_route=%2Fwp%2Fv2%2Fcomments&post=50019"}],"version-history":[{"count":1,"href":"https:\/\/radiojehona.mk\/index.php?rest_route=\/wp\/v2\/posts\/50019\/revisions"}],"predecessor-version":[{"id":50021,"href":"https:\/\/radiojehona.mk\/index.php?rest_route=\/wp\/v2\/posts\/50019\/revisions\/50021"}],"wp:featuredmedia":[{"embeddable":true,"href":"https:\/\/radiojehona.mk\/index.php?rest_route=\/wp\/v2\/media\/50020"}],"wp:attachment":[{"href":"https:\/\/radiojehona.mk\/index.php?rest_route=%2Fwp%2Fv2%2Fmedia&parent=50019"}],"wp:term":[{"taxonomy":"category","embeddable":true,"href":"https:\/\/radiojehona.mk\/index.php?rest_route=%2Fwp%2Fv2%2Fcategories&post=50019"},{"taxonomy":"post_tag","embeddable":true,"href":"https:\/\/radiojehona.mk\/index.php?rest_route=%2Fwp%2Fv2%2Ftags&post=50019"}],"curies":[{"name":"wp","href":"https:\/\/api.w.org\/{rel}","templated":true}]}}