{"id":50016,"date":"2026-04-30T10:42:01","date_gmt":"2026-04-30T10:42:01","guid":{"rendered":"https:\/\/radiojehona.mk\/?p=50016"},"modified":"2026-04-30T10:42:02","modified_gmt":"2026-04-30T10:42:02","slug":"maqedonet-kane-probleme-mes-vete-hasani-duan-te-na-e-lene-kopilin-te-dera","status":"publish","type":"post","link":"https:\/\/radiojehona.mk\/?p=50016","title":{"rendered":"\u201cMaqedon\u00ebt kan\u00eb probleme mes vete\u201d, Hasani: Duan t\u00eb na e l\u00ebn\u00eb kopilin te dera!"},"content":{"rendered":"\n<figure class=\"wp-block-image size-full\"><img fetchpriority=\"high\" decoding=\"async\" width=\"750\" height=\"835\" src=\"https:\/\/radiojehona.mk\/wp-content\/uploads\/2026\/04\/IMG_1611.jpeg\" alt=\"\" class=\"wp-image-50017\" srcset=\"https:\/\/radiojehona.mk\/wp-content\/uploads\/2026\/04\/IMG_1611.jpeg 750w, https:\/\/radiojehona.mk\/wp-content\/uploads\/2026\/04\/IMG_1611-269x300.jpeg 269w\" sizes=\"(max-width: 750px) 100vw, 750px\" \/><\/figure>\n\n\n\n<p>I ftuar n\u00eb emisionin debativ Click Plus, n\u00eb Tv21, deputeti i BDI-s\u00eb. Ilir Hsani aadresoi kritika ndaj pal\u00ebs maqdonase p\u00ebr \u00e7\u00ebshtjen e shtet\u00ebsis\u00eb. Ai tha mes tjerash se shum\u00eb njer\u00ebz kan\u00eb shtet\u00ebsi t\u00eb dyfisht\u00eb, t\u00eb t\u00eb gjitha nacionaliteteve n\u00eb t\u00eb gjitha pjes\u00ebt e Maqedonis\u00eb q\u00eb kufizohen me vendet fqinje.<\/p>\n\n\n\n<p>Sipas Hsanit partit\u00eb maqedone kan\u00eb probleme mes vete dhe si\u00e7 u shpreh ai, duan t\u00eb na e l\u00ebn\u00eb kopilin te dera.<\/p>\n\n\n\n<p>T\u00eb diskriminohen tan\u00eb ky num\u00ebr i qytetar\u00ebve q\u00eb duan t\u00eb kontribuojn\u00eb p\u00ebr t\u00eb mir\u00ebn e k\u00ebtij vendi \u00ebsht\u00eb e papar\u00eb. Maqedon\u00ebt mes vete kan\u00eb hy n\u00eb konflikt neve kopilin te dera duan me na e l\u00ebn\u00eb, po nuk shkon ashtu\u201d, shpreh Ilir Hasani.<\/p>\n","protected":false},"excerpt":{"rendered":"<p>I ftuar n&euml; emisionin debativ Click Plus, n&euml; Tv21, deputeti i BDI-s&euml;. Ilir Hsani aadresoi kritika ndaj pal&euml;s maqdonase p&euml;r &ccedil;&euml;shtjen e shtet&euml;sis&euml;. Ai tha mes tjerash se shum&euml; njer&euml;z kan&euml; shtet&euml;si t&euml; dyfisht&euml;, t&euml; t&euml; gjitha nacionaliteteve n&euml; t&euml; gjitha pjes&euml;t e Maqedonis&euml; q&euml; kufizohen me vendet fqinje. Sipas Hsanit partit&euml; maqedone kan&euml; probleme [&hellip;]<\/p>\n","protected":false},"author":2,"featured_media":50017,"comment_status":"open","ping_status":"closed","sticky":false,"template":"","format":"standard","meta":{"_monsterinsights_skip_tracking":false,"_monsterinsights_sitenote_active":false,"_monsterinsights_sitenote_note":"","_monsterinsights_sitenote_category":0,"footnotes":""},"categories":[1],"tags":[],"class_list":["post-50016","post","type-post","status-publish","format-standard","has-post-thumbnail","hentry","category-vendi"],"_links":{"self":[{"href":"https:\/\/radiojehona.mk\/index.php?rest_route=\/wp\/v2\/posts\/50016","targetHints":{"allow":["GET"]}}],"collection":[{"href":"https:\/\/radiojehona.mk\/index.php?rest_route=\/wp\/v2\/posts"}],"about":[{"href":"https:\/\/radiojehona.mk\/index.php?rest_route=\/wp\/v2\/types\/post"}],"author":[{"embeddable":true,"href":"https:\/\/radiojehona.mk\/index.php?rest_route=\/wp\/v2\/users\/2"}],"replies":[{"embeddable":true,"href":"https:\/\/radiojehona.mk\/index.php?rest_route=%2Fwp%2Fv2%2Fcomments&post=50016"}],"version-history":[{"count":1,"href":"https:\/\/radiojehona.mk\/index.php?rest_route=\/wp\/v2\/posts\/50016\/revisions"}],"predecessor-version":[{"id":50018,"href":"https:\/\/radiojehona.mk\/index.php?rest_route=\/wp\/v2\/posts\/50016\/revisions\/50018"}],"wp:featuredmedia":[{"embeddable":true,"href":"https:\/\/radiojehona.mk\/index.php?rest_route=\/wp\/v2\/media\/50017"}],"wp:attachment":[{"href":"https:\/\/radiojehona.mk\/index.php?rest_route=%2Fwp%2Fv2%2Fmedia&parent=50016"}],"wp:term":[{"taxonomy":"category","embeddable":true,"href":"https:\/\/radiojehona.mk\/index.php?rest_route=%2Fwp%2Fv2%2Fcategories&post=50016"},{"taxonomy":"post_tag","embeddable":true,"href":"https:\/\/radiojehona.mk\/index.php?rest_route=%2Fwp%2Fv2%2Ftags&post=50016"}],"curies":[{"name":"wp","href":"https:\/\/api.w.org\/{rel}","templated":true}]}}