{"id":50013,"date":"2026-04-30T10:41:05","date_gmt":"2026-04-30T10:41:05","guid":{"rendered":"https:\/\/radiojehona.mk\/?p=50013"},"modified":"2026-04-30T10:41:06","modified_gmt":"2026-04-30T10:41:06","slug":"e-sulmuan-policine-me-sharre-arrestohen-2-veta-ne-dollnen","status":"publish","type":"post","link":"https:\/\/radiojehona.mk\/?p=50013","title":{"rendered":"E sulmuan policin\u00eb me sharr\u00eb, arrestohen 2 veta n\u00eb Dollnen"},"content":{"rendered":"\n<figure class=\"wp-block-image size-full\"><img fetchpriority=\"high\" decoding=\"async\" width=\"757\" height=\"448\" src=\"https:\/\/radiojehona.mk\/wp-content\/uploads\/2026\/04\/drunj.jpeg\" alt=\"\" class=\"wp-image-50014\" srcset=\"https:\/\/radiojehona.mk\/wp-content\/uploads\/2026\/04\/drunj.jpeg 757w, https:\/\/radiojehona.mk\/wp-content\/uploads\/2026\/04\/drunj-300x178.jpeg 300w\" sizes=\"(max-width: 757px) 100vw, 757px\" \/><\/figure>\n\n\n\n<p>M\u00eb 29.04.2026 n\u00eb or\u00ebn 21:30 n\u00eb fshatin C\u00ebrnilishte, komuna e Dolnenit, oficer\u00ebt e policis\u00eb nga Stacioni Policor i Ropotov\u00ebs privuan nga liria T.T. (33) dhe J.T. (59), t\u00eb dy nga fshati C\u00ebrnilishte. M\u00eb par\u00eb, t\u00eb nj\u00ebjt\u00ebn dit\u00eb rreth or\u00ebs 12:30, n\u00eb zon\u00ebn e fshatit Strovija, komuna e Dolnenit, oficer\u00ebt e policis\u00eb pyjore t\u00eb Prilepit i gjet\u00ebn t\u00eb dy duke prer\u00eb dru zjarri n\u00eb m\u00ebnyr\u00eb t\u00eb paligjshme, gjat\u00eb s\u00eb cil\u00ebs u soll\u00ebn n\u00eb m\u00ebnyr\u00eb agresive ndaj oficer\u00ebve t\u00eb policis\u00eb, dhe J.T. sulmoi nj\u00ebrin prej oficer\u00ebve t\u00eb policis\u00eb me sharr\u00eb elektrike, pas s\u00eb cil\u00ebs ata ik\u00ebn me vrap.<\/p>\n\n\n\n<p>Pas marrjes s\u00eb masave, T.T. dhe J.T. u privuan nga liria dhe pas dokumentimit t\u00eb incidentit, kund\u00ebr tyre do t\u00eb ngrihet nj\u00eb padi p\u00ebrkat\u00ebse.<\/p>\n","protected":false},"excerpt":{"rendered":"<p>M&euml; 29.04.2026 n&euml; or&euml;n 21:30 n&euml; fshatin C&euml;rnilishte, komuna e Dolnenit, oficer&euml;t e policis&euml; nga Stacioni Policor i Ropotov&euml;s privuan nga liria T.T. (33) dhe J.T. (59), t&euml; dy nga fshati C&euml;rnilishte. M&euml; par&euml;, t&euml; nj&euml;jt&euml;n dit&euml; rreth or&euml;s 12:30, n&euml; zon&euml;n e fshatit Strovija, komuna e Dolnenit, oficer&euml;t e policis&euml; pyjore t&euml; Prilepit i [&hellip;]<\/p>\n","protected":false},"author":2,"featured_media":50014,"comment_status":"open","ping_status":"closed","sticky":false,"template":"","format":"standard","meta":{"_monsterinsights_skip_tracking":false,"_monsterinsights_sitenote_active":false,"_monsterinsights_sitenote_note":"","_monsterinsights_sitenote_category":0,"footnotes":""},"categories":[1],"tags":[],"class_list":["post-50013","post","type-post","status-publish","format-standard","has-post-thumbnail","hentry","category-vendi"],"_links":{"self":[{"href":"https:\/\/radiojehona.mk\/index.php?rest_route=\/wp\/v2\/posts\/50013","targetHints":{"allow":["GET"]}}],"collection":[{"href":"https:\/\/radiojehona.mk\/index.php?rest_route=\/wp\/v2\/posts"}],"about":[{"href":"https:\/\/radiojehona.mk\/index.php?rest_route=\/wp\/v2\/types\/post"}],"author":[{"embeddable":true,"href":"https:\/\/radiojehona.mk\/index.php?rest_route=\/wp\/v2\/users\/2"}],"replies":[{"embeddable":true,"href":"https:\/\/radiojehona.mk\/index.php?rest_route=%2Fwp%2Fv2%2Fcomments&post=50013"}],"version-history":[{"count":1,"href":"https:\/\/radiojehona.mk\/index.php?rest_route=\/wp\/v2\/posts\/50013\/revisions"}],"predecessor-version":[{"id":50015,"href":"https:\/\/radiojehona.mk\/index.php?rest_route=\/wp\/v2\/posts\/50013\/revisions\/50015"}],"wp:featuredmedia":[{"embeddable":true,"href":"https:\/\/radiojehona.mk\/index.php?rest_route=\/wp\/v2\/media\/50014"}],"wp:attachment":[{"href":"https:\/\/radiojehona.mk\/index.php?rest_route=%2Fwp%2Fv2%2Fmedia&parent=50013"}],"wp:term":[{"taxonomy":"category","embeddable":true,"href":"https:\/\/radiojehona.mk\/index.php?rest_route=%2Fwp%2Fv2%2Fcategories&post=50013"},{"taxonomy":"post_tag","embeddable":true,"href":"https:\/\/radiojehona.mk\/index.php?rest_route=%2Fwp%2Fv2%2Ftags&post=50013"}],"curies":[{"name":"wp","href":"https:\/\/api.w.org\/{rel}","templated":true}]}}