{"id":50010,"date":"2026-04-30T10:39:35","date_gmt":"2026-04-30T10:39:35","guid":{"rendered":"https:\/\/radiojehona.mk\/?p=50010"},"modified":"2026-04-30T10:39:36","modified_gmt":"2026-04-30T10:39:36","slug":"vandalizem-ne-shkolle-fillore-nderpritet-mesimi-per-mbi-1100-nxenes","status":"publish","type":"post","link":"https:\/\/radiojehona.mk\/?p=50010","title":{"rendered":"Vandaliz\u00ebm n\u00eb shkoll\u00eb fillore, nd\u00ebrpritet m\u00ebsimi p\u00ebr mbi 1100 nx\u00ebn\u00ebs"},"content":{"rendered":"\n<figure class=\"wp-block-image size-full\"><img fetchpriority=\"high\" decoding=\"async\" width=\"960\" height=\"633\" src=\"https:\/\/radiojehona.mk\/wp-content\/uploads\/2026\/04\/klasa-1.jpg\" alt=\"\" class=\"wp-image-50011\" srcset=\"https:\/\/radiojehona.mk\/wp-content\/uploads\/2026\/04\/klasa-1.jpg 960w, https:\/\/radiojehona.mk\/wp-content\/uploads\/2026\/04\/klasa-1-300x198.jpg 300w, https:\/\/radiojehona.mk\/wp-content\/uploads\/2026\/04\/klasa-1-768x506.jpg 768w\" sizes=\"(max-width: 960px) 100vw, 960px\" \/><\/figure>\n\n\n\n<p>Nj\u00eb akt vandal n\u00eb Shkoll\u00ebn Fillore \u201cVan\u00e7o P\u00ebrqe\u201d t\u00eb Shtipit ka qen\u00eb arsyeja pse nuk ka m\u00ebsim t\u00eb rregullt p\u00ebr mbi 1.100 nx\u00ebn\u00ebs n\u00eb k\u00ebt\u00eb shkoll\u00eb e cila ndodhet n\u00eb zon\u00ebn qendrore t\u00eb qytetit t\u00eb Shtipit, konfirmoi n\u00eb nj\u00eb deklarat\u00eb p\u00ebr mediat drejtori i shkoll\u00ebs \u201cVan\u00e7o P\u00ebrqe\u201d Kokan Radev.<\/p>\n\n\n\n<p>Jan\u00eb shkat\u00ebrruar tabela inteligjente, tabela, inventari, kompjuter\u00ebt. Vandalisti ka p\u00ebrdorur sprej dhe mjet t\u00eb mpreht\u00eb p\u00ebr t\u00eb shkaktuar d\u00ebme n\u00eb t\u00eb gjith\u00eb shkoll\u00ebn, nd\u00ebrsa n\u00eb muret me sprej ka shkruar mesazhe t\u00eb pahijshme.<\/p>\n\n\n\n<p>Radev ka th\u00ebn\u00eb se d\u00ebme t\u00eb m\u00ebdha materiale jan\u00eb shkaktuar n\u00eb klasat p\u00ebr m\u00ebsimin l\u00ebndor. Vandalisti nuk ka arritur t\u00eb futet vet\u00ebm n\u00eb kabinetin e kimis\u00eb, sepse ka qen\u00eb e mbyllur. Radev thot\u00eb se sipas kamerave t\u00eb instaluara n\u00eb shkoll\u00eb, sulmuesi ka hyr\u00eb rreth mesnat\u00ebs.<\/p>\n\n\n\n<p>Ai konfirmon se akti vandal \u00ebsht\u00eb kryer nga nj\u00eb person, sipas asaj q\u00eb kan\u00eb regjistruar kamerat e siguris\u00eb s\u00eb shkoll\u00ebs. Ka theksuar se d\u00ebmet jan\u00eb shkaktuar n\u00eb dyshemet\u00eb ku zhvillohen or\u00ebt e m\u00ebsimit p\u00ebr nx\u00ebn\u00ebsit nga klasa e pest\u00eb deri n\u00eb t\u00eb n\u00ebnt\u00ebn.<\/p>\n","protected":false},"excerpt":{"rendered":"<p>Nj&euml; akt vandal n&euml; Shkoll&euml;n Fillore &ldquo;Van&ccedil;o P&euml;rqe&rdquo; t&euml; Shtipit ka qen&euml; arsyeja pse nuk ka m&euml;sim t&euml; rregullt p&euml;r mbi 1.100 nx&euml;n&euml;s n&euml; k&euml;t&euml; shkoll&euml; e cila ndodhet n&euml; zon&euml;n qendrore t&euml; qytetit t&euml; Shtipit, konfirmoi n&euml; nj&euml; deklarat&euml; p&euml;r mediat drejtori i shkoll&euml;s &ldquo;Van&ccedil;o P&euml;rqe&rdquo; Kokan Radev. Jan&euml; shkat&euml;rruar tabela inteligjente, tabela, inventari, [&hellip;]<\/p>\n","protected":false},"author":2,"featured_media":50011,"comment_status":"open","ping_status":"closed","sticky":false,"template":"","format":"standard","meta":{"_monsterinsights_skip_tracking":false,"_monsterinsights_sitenote_active":false,"_monsterinsights_sitenote_note":"","_monsterinsights_sitenote_category":0,"footnotes":""},"categories":[1],"tags":[],"class_list":["post-50010","post","type-post","status-publish","format-standard","has-post-thumbnail","hentry","category-vendi"],"_links":{"self":[{"href":"https:\/\/radiojehona.mk\/index.php?rest_route=\/wp\/v2\/posts\/50010","targetHints":{"allow":["GET"]}}],"collection":[{"href":"https:\/\/radiojehona.mk\/index.php?rest_route=\/wp\/v2\/posts"}],"about":[{"href":"https:\/\/radiojehona.mk\/index.php?rest_route=\/wp\/v2\/types\/post"}],"author":[{"embeddable":true,"href":"https:\/\/radiojehona.mk\/index.php?rest_route=\/wp\/v2\/users\/2"}],"replies":[{"embeddable":true,"href":"https:\/\/radiojehona.mk\/index.php?rest_route=%2Fwp%2Fv2%2Fcomments&post=50010"}],"version-history":[{"count":1,"href":"https:\/\/radiojehona.mk\/index.php?rest_route=\/wp\/v2\/posts\/50010\/revisions"}],"predecessor-version":[{"id":50012,"href":"https:\/\/radiojehona.mk\/index.php?rest_route=\/wp\/v2\/posts\/50010\/revisions\/50012"}],"wp:featuredmedia":[{"embeddable":true,"href":"https:\/\/radiojehona.mk\/index.php?rest_route=\/wp\/v2\/media\/50011"}],"wp:attachment":[{"href":"https:\/\/radiojehona.mk\/index.php?rest_route=%2Fwp%2Fv2%2Fmedia&parent=50010"}],"wp:term":[{"taxonomy":"category","embeddable":true,"href":"https:\/\/radiojehona.mk\/index.php?rest_route=%2Fwp%2Fv2%2Fcategories&post=50010"},{"taxonomy":"post_tag","embeddable":true,"href":"https:\/\/radiojehona.mk\/index.php?rest_route=%2Fwp%2Fv2%2Ftags&post=50010"}],"curies":[{"name":"wp","href":"https:\/\/api.w.org\/{rel}","templated":true}]}}