{"id":50007,"date":"2026-04-30T10:38:15","date_gmt":"2026-04-30T10:38:15","guid":{"rendered":"https:\/\/radiojehona.mk\/?p=50007"},"modified":"2026-04-30T10:38:16","modified_gmt":"2026-04-30T10:38:16","slug":"gjykata-e-shkupit-denon-me-tre-muaj-burg-nje-te-akuzuar-ka-keqperdorur-mjetet-e-fondit-per-sigurim-shendetesor","status":"publish","type":"post","link":"https:\/\/radiojehona.mk\/?p=50007","title":{"rendered":"Gjykata e Shkupit d\u00ebnon me tre muaj burg nj\u00eb t\u00eb akuzuar, ka keqp\u00ebrdorur mjetet e Fondit p\u00ebr Sigurim Sh\u00ebndet\u00ebsor"},"content":{"rendered":"\n<figure class=\"wp-block-image size-full\"><img fetchpriority=\"high\" decoding=\"async\" width=\"696\" height=\"391\" src=\"https:\/\/radiojehona.mk\/wp-content\/uploads\/2026\/04\/2016-04-fsshm-jpg-696x391-1.webp\" alt=\"\" class=\"wp-image-50008\" srcset=\"https:\/\/radiojehona.mk\/wp-content\/uploads\/2026\/04\/2016-04-fsshm-jpg-696x391-1.webp 696w, https:\/\/radiojehona.mk\/wp-content\/uploads\/2026\/04\/2016-04-fsshm-jpg-696x391-1-300x169.webp 300w\" sizes=\"(max-width: 696px) 100vw, 696px\" \/><\/figure>\n\n\n\n<p>Gjykata Themelore Penale n\u00eb Shkup ka l\u00ebshuar nj\u00eb vendim t\u00eb shkall\u00ebs s\u00eb par\u00eb me t\u00eb cilin e shpall fajtor t\u00eb akuzuar\u00ebn p\u00ebr vepr\u00ebn penale \u201cpastrimit t\u00eb parave dhe t\u00eb ardhurave t\u00eb tjera nga aktiviteti kriminal\u201d.<\/p>\n\n\n\n<p>Rasti ka t\u00eb b\u00ebj\u00eb me nj\u00eb skem\u00eb t\u00eb pun\u00ebsimit fiktiv, p\u00ebrmes s\u00eb cil\u00ebs jan\u00eb krijuar kushte formale p\u00ebr pages\u00ebn e p\u00ebrfitimeve n\u00eb baz\u00eb t\u00eb shtatz\u00ebnis\u00eb, lindjes dhe am\u00ebsis\u00eb. Sipas gjetjeve t\u00eb procedur\u00ebs, pun\u00ebsimi \u00ebsht\u00eb paraqitur si i rregullt, por pa kryerje reale t\u00eb detyrave t\u00eb pun\u00ebs, p\u00ebrcjell \u201cSloboden Pe\u00e7at\u201d.<\/p>\n\n\n\n<p>N\u00eb k\u00ebt\u00eb m\u00ebnyr\u00eb, n\u00ebp\u00ebrmjet paraqitjes s\u00eb rreme t\u00eb pagave dhe kontributeve, jan\u00eb b\u00ebr\u00eb pagesa t\u00eb paligjshme nga Fondi i Sigurimeve Sh\u00ebndet\u00ebsore. Mjetet m\u00eb pas jan\u00eb t\u00ebrhequr, transferuar dhe ri-l\u00ebshuar n\u00eb qarkullim, me q\u00ebllim fshehjen e origjin\u00ebs s\u00eb tyre t\u00eb paligjshme.<\/p>\n\n\n\n<p>N\u00eb rastin konkret, e akuzuara ka qen\u00eb formalisht e pun\u00ebsuar. Mjetet jan\u00eb paguar n\u00eb llogarin\u00eb e saj n\u00eb baz\u00eb t\u00eb pag\u00ebs dhe p\u00ebrfitimeve, pas s\u00eb cil\u00ebs nj\u00eb pjes\u00eb e fondeve \u00ebsht\u00eb t\u00ebrhequr ose transferuar nga nj\u00eb person tjet\u00ebr. Gjykata ka p\u00ebrcaktuar se e akuzuara ka l\u00ebshuar n\u00eb qarkullim 122.806 denar\u00eb, megjith\u00ebse e ka ditur ose duhet ta ket\u00eb ditur se fondet kan\u00eb origjin\u00ebn nga nj\u00eb vep\u00ebr penale.<\/p>\n\n\n\n<p>Me vendimin gjyq\u00ebsor, gjykata e ka d\u00ebnuar t\u00eb akuzuar\u00ebn me d\u00ebnim me kusht, me nj\u00eb d\u00ebnim t\u00eb caktuar me burg prej 3 muajsh, i cili nuk do t\u00eb ekzekutohet n\u00ebse ajo nuk kryen nj\u00eb vep\u00ebr t\u00eb re penale brenda 2 viteve. E akuzuara \u00ebsht\u00eb e detyruar t\u00eb paguaj\u00eb shpenzimet gjyq\u00ebsore dhe t\u00eb kompensoj\u00eb d\u00ebmin prej 122,806 denar\u00ebsh n\u00eb buxhetin e Maqedonis\u00eb s\u00eb Veriut.<\/p>\n","protected":false},"excerpt":{"rendered":"<p>Gjykata Themelore Penale n&euml; Shkup ka l&euml;shuar nj&euml; vendim t&euml; shkall&euml;s s&euml; par&euml; me t&euml; cilin e shpall fajtor t&euml; akuzuar&euml;n p&euml;r vepr&euml;n penale &ldquo;pastrimit t&euml; parave dhe t&euml; ardhurave t&euml; tjera nga aktiviteti kriminal&rdquo;. Rasti ka t&euml; b&euml;j&euml; me nj&euml; skem&euml; t&euml; pun&euml;simit fiktiv, p&euml;rmes s&euml; cil&euml;s jan&euml; krijuar kushte formale p&euml;r pages&euml;n e [&hellip;]<\/p>\n","protected":false},"author":2,"featured_media":50008,"comment_status":"open","ping_status":"closed","sticky":false,"template":"","format":"standard","meta":{"_monsterinsights_skip_tracking":false,"_monsterinsights_sitenote_active":false,"_monsterinsights_sitenote_note":"","_monsterinsights_sitenote_category":0,"footnotes":""},"categories":[1],"tags":[],"class_list":["post-50007","post","type-post","status-publish","format-standard","has-post-thumbnail","hentry","category-vendi"],"_links":{"self":[{"href":"https:\/\/radiojehona.mk\/index.php?rest_route=\/wp\/v2\/posts\/50007","targetHints":{"allow":["GET"]}}],"collection":[{"href":"https:\/\/radiojehona.mk\/index.php?rest_route=\/wp\/v2\/posts"}],"about":[{"href":"https:\/\/radiojehona.mk\/index.php?rest_route=\/wp\/v2\/types\/post"}],"author":[{"embeddable":true,"href":"https:\/\/radiojehona.mk\/index.php?rest_route=\/wp\/v2\/users\/2"}],"replies":[{"embeddable":true,"href":"https:\/\/radiojehona.mk\/index.php?rest_route=%2Fwp%2Fv2%2Fcomments&post=50007"}],"version-history":[{"count":1,"href":"https:\/\/radiojehona.mk\/index.php?rest_route=\/wp\/v2\/posts\/50007\/revisions"}],"predecessor-version":[{"id":50009,"href":"https:\/\/radiojehona.mk\/index.php?rest_route=\/wp\/v2\/posts\/50007\/revisions\/50009"}],"wp:featuredmedia":[{"embeddable":true,"href":"https:\/\/radiojehona.mk\/index.php?rest_route=\/wp\/v2\/media\/50008"}],"wp:attachment":[{"href":"https:\/\/radiojehona.mk\/index.php?rest_route=%2Fwp%2Fv2%2Fmedia&parent=50007"}],"wp:term":[{"taxonomy":"category","embeddable":true,"href":"https:\/\/radiojehona.mk\/index.php?rest_route=%2Fwp%2Fv2%2Fcategories&post=50007"},{"taxonomy":"post_tag","embeddable":true,"href":"https:\/\/radiojehona.mk\/index.php?rest_route=%2Fwp%2Fv2%2Ftags&post=50007"}],"curies":[{"name":"wp","href":"https:\/\/api.w.org\/{rel}","templated":true}]}}