{"id":50004,"date":"2026-04-30T10:37:16","date_gmt":"2026-04-30T10:37:16","guid":{"rendered":"https:\/\/radiojehona.mk\/?p=50004"},"modified":"2026-04-30T10:37:16","modified_gmt":"2026-04-30T10:37:16","slug":"pergjigjet-vlen-i-bdi-dhe-nefiu-qendrojne-pas-keqperdorimeve-milioneshe-ne-mepso","status":"publish","type":"post","link":"https:\/\/radiojehona.mk\/?p=50004","title":{"rendered":"P\u00ebrgjigjet VLEN-i: BDI dhe Nefiu q\u00ebndrojn\u00eb pas keqp\u00ebrdorimeve milion\u00ebshe n\u00eb MEPSO!"},"content":{"rendered":"\n<figure class=\"wp-block-image size-large\"><img fetchpriority=\"high\" decoding=\"async\" width=\"1024\" height=\"1024\" src=\"https:\/\/radiojehona.mk\/wp-content\/uploads\/2026\/04\/VLENi-1024x1024.jpg\" alt=\"\" class=\"wp-image-50005\" srcset=\"https:\/\/radiojehona.mk\/wp-content\/uploads\/2026\/04\/VLENi-1024x1024.jpg 1024w, https:\/\/radiojehona.mk\/wp-content\/uploads\/2026\/04\/VLENi-300x300.jpg 300w, https:\/\/radiojehona.mk\/wp-content\/uploads\/2026\/04\/VLENi-150x150.jpg 150w, https:\/\/radiojehona.mk\/wp-content\/uploads\/2026\/04\/VLENi-768x768.jpg 768w, https:\/\/radiojehona.mk\/wp-content\/uploads\/2026\/04\/VLENi-250x250.jpg 250w, https:\/\/radiojehona.mk\/wp-content\/uploads\/2026\/04\/VLENi.jpg 1080w\" sizes=\"(max-width: 1024px) 100vw, 1024px\" \/><\/figure>\n\n\n\n<p>Koalicioni VLEN ka hedhur posht\u00eb akuzat e BDI-s\u00eb p\u00ebr keqmenaxhim n\u00eb MEPSO, konkretishf p\u00ebr projektin energjetik t\u00eb lidhjes me Shqip\u00ebrin\u00eb, nd\u00ebrsa ka k\u00ebrkuar llogaridh\u00ebnie penale p\u00ebr qeverin\u00eb e kaluar<\/p>\n\n\n\n<p>Sipas reagimit t\u00eb VLEN-it, projekti ky\u00e7 energjetik p\u00ebr lidhjen e Maqedonis\u00eb s\u00eb Veriut me Shqip\u00ebrin\u00eb ishte praktikisht i ngrir\u00eb kur VLEN mori drejtimin e MEPSO-s.<\/p>\n\n\n\n<p>\u201cN\u00eb vend q\u00eb t\u00eb shpjegoj\u00eb pse projekti ky\u00e7 energjetik p\u00ebr lidhjen me Shqip\u00ebrin\u00eb ishte i bllokuar p\u00ebr vite, BDI s\u00ebrish zgjedh t\u00eb p\u00ebrhap\u00eb dezinformata dhe konstruksione politike. E v\u00ebrteta \u00ebsht\u00eb shum\u00eb m\u00eb e thjesht\u00eb dhe shum\u00eb m\u00eb e pak\u00ebndshme p\u00ebr ta. Projekti q\u00eb sot e sulmojn\u00eb ishte n\u00eb nj\u00eb gjendje pothuajse t\u00ebr\u00ebsisht t\u00eb bllokuar, me realizim prej vet\u00ebm 4% n\u00eb nj\u00eb periudh\u00eb kat\u00ebrvje\u00e7are.<\/p>\n\n\n\n<p>VLEN akuzon se nj\u00eb an\u00ebtar i BDI-s\u00eb, Nefiu nga Ohri, ka qen\u00eb n\u00ebnkontraktues kryesor n\u00eb projekt, nd\u00ebrsa bgre dyshime se&nbsp; pajisjet e projektit ndodheshin n\u00eb depot e tij dhe fitimet nga projekti mund t\u00eb ken\u00eb p\u00ebrfunduar tek zyrtar\u00eb t\u00eb lart\u00eb t\u00eb BDI-s\u00eb, duke p\u00ebrmendur drejtp\u00ebrdrejt emrat e Ali Ahmetit dhe Bujar Osmanit.<\/p>\n\n\n\n<p>\u201cBDI do t\u00eb duhet t\u00eb p\u00ebrgjigjet pse an\u00ebtari i tyre partiak Nefi nga Ohri ishte n\u00ebnkontraktues kryesor n\u00eb projekt q\u00eb sh\u00ebrbente vet\u00ebm p\u00ebr vjelje parash nga MEPSO. BDI do t\u00eb duhet t\u00eb p\u00ebrgjigjet si \u00ebsht\u00eb e mundur q\u00eb pajisjet p\u00ebr k\u00ebt\u00eb projekt ndodheshin n\u00eb depot e Nefiut nga Ohri\u201d, thuhet n\u00eb reagim.<\/p>\n\n\n\n<p>Nd\u00ebrkoh\u00eb, vijon VLEN-i, shteti ka paguar interesa p\u00ebr kredi q\u00eb nga viti 2015, pa p\u00ebrparim t\u00eb projektit. \u201cSipas analizave t\u00eb brendshme dhe studimit t\u00eb fizibilitetit t\u00eb MEPSO, p\u00ebr \u00e7do vit t\u00eb mosp\u00ebrfundimit t\u00eb projektit, gjeneron humbje rreth 5 milion\u00eb euro. Kjo do t\u00eb thot\u00eb se d\u00ebmi i v\u00ebrtet\u00eb nuk \u00ebsht\u00eb ai q\u00eb sot BDI e p\u00ebrdor n\u00eb retorik\u00eb, por d\u00ebmi q\u00eb \u00ebsht\u00eb krijuar p\u00ebr vite p\u00ebr shkak t\u00eb paaft\u00ebsis\u00eb dhe vendimeve t\u00eb gabuara t\u00eb tyre\u201d.<\/p>\n\n\n\n<p>Sipas VLEN-it, nd\u00ebrprerja e kontrat\u00ebs me kontraktorin e m\u00ebparsh\u00ebm \u00ebsht\u00eb vendim institucional, i mb\u00ebshtetur nga Banka Evropiane p\u00ebr Rind\u00ebrtim dhe Zhvillim, dhe jo vendim politik.<\/p>\n\n\n\n<p>\u201cKontraktori i ri i zgjedhur \u00ebsht\u00eb kompania kroate Dalekovod d.d., pjes\u00eb e grupit industrial KON\u010cAR, e cila realizon projekte n\u00eb mbi 80 shtete dhe bashk\u00ebpunon me operator\u00eb skandinav\u00eb si Statnett dhe TenneT\u201d.<\/p>\n","protected":false},"excerpt":{"rendered":"<p>Koalicioni VLEN ka hedhur posht&euml; akuzat e BDI-s&euml; p&euml;r keqmenaxhim n&euml; MEPSO, konkretishf p&euml;r projektin energjetik t&euml; lidhjes me Shqip&euml;rin&euml;, nd&euml;rsa ka k&euml;rkuar llogaridh&euml;nie penale p&euml;r qeverin&euml; e kaluar Sipas reagimit t&euml; VLEN-it, projekti ky&ccedil; energjetik p&euml;r lidhjen e Maqedonis&euml; s&euml; Veriut me Shqip&euml;rin&euml; ishte praktikisht i ngrir&euml; kur VLEN mori drejtimin e MEPSO-s. &ldquo;N&euml; [&hellip;]<\/p>\n","protected":false},"author":2,"featured_media":50005,"comment_status":"open","ping_status":"closed","sticky":false,"template":"","format":"standard","meta":{"_monsterinsights_skip_tracking":false,"_monsterinsights_sitenote_active":false,"_monsterinsights_sitenote_note":"","_monsterinsights_sitenote_category":0,"footnotes":""},"categories":[1],"tags":[],"class_list":["post-50004","post","type-post","status-publish","format-standard","has-post-thumbnail","hentry","category-vendi"],"_links":{"self":[{"href":"https:\/\/radiojehona.mk\/index.php?rest_route=\/wp\/v2\/posts\/50004","targetHints":{"allow":["GET"]}}],"collection":[{"href":"https:\/\/radiojehona.mk\/index.php?rest_route=\/wp\/v2\/posts"}],"about":[{"href":"https:\/\/radiojehona.mk\/index.php?rest_route=\/wp\/v2\/types\/post"}],"author":[{"embeddable":true,"href":"https:\/\/radiojehona.mk\/index.php?rest_route=\/wp\/v2\/users\/2"}],"replies":[{"embeddable":true,"href":"https:\/\/radiojehona.mk\/index.php?rest_route=%2Fwp%2Fv2%2Fcomments&post=50004"}],"version-history":[{"count":1,"href":"https:\/\/radiojehona.mk\/index.php?rest_route=\/wp\/v2\/posts\/50004\/revisions"}],"predecessor-version":[{"id":50006,"href":"https:\/\/radiojehona.mk\/index.php?rest_route=\/wp\/v2\/posts\/50004\/revisions\/50006"}],"wp:featuredmedia":[{"embeddable":true,"href":"https:\/\/radiojehona.mk\/index.php?rest_route=\/wp\/v2\/media\/50005"}],"wp:attachment":[{"href":"https:\/\/radiojehona.mk\/index.php?rest_route=%2Fwp%2Fv2%2Fmedia&parent=50004"}],"wp:term":[{"taxonomy":"category","embeddable":true,"href":"https:\/\/radiojehona.mk\/index.php?rest_route=%2Fwp%2Fv2%2Fcategories&post=50004"},{"taxonomy":"post_tag","embeddable":true,"href":"https:\/\/radiojehona.mk\/index.php?rest_route=%2Fwp%2Fv2%2Ftags&post=50004"}],"curies":[{"name":"wp","href":"https:\/\/api.w.org\/{rel}","templated":true}]}}