{"id":50001,"date":"2026-04-30T10:36:34","date_gmt":"2026-04-30T10:36:34","guid":{"rendered":"https:\/\/radiojehona.mk\/?p=50001"},"modified":"2026-04-30T10:36:34","modified_gmt":"2026-04-30T10:36:34","slug":"bdi-kerkojme-te-hetohet-burim-latifi-shkaktoi-dem-prej-6-milione-euro-ne-mepso","status":"publish","type":"post","link":"https:\/\/radiojehona.mk\/?p=50001","title":{"rendered":"BDI: K\u00ebrkojm\u00eb t\u00eb hetohet Burim Latifi, shkaktoi d\u00ebm prej 6 milion\u00eb euro n\u00eb MEPSO"},"content":{"rendered":"\n<figure class=\"wp-block-image size-full\"><img fetchpriority=\"high\" decoding=\"async\" width=\"820\" height=\"545\" src=\"https:\/\/radiojehona.mk\/wp-content\/uploads\/2026\/04\/bdi.jpg\" alt=\"\" class=\"wp-image-50002\" srcset=\"https:\/\/radiojehona.mk\/wp-content\/uploads\/2026\/04\/bdi.jpg 820w, https:\/\/radiojehona.mk\/wp-content\/uploads\/2026\/04\/bdi-300x199.jpg 300w, https:\/\/radiojehona.mk\/wp-content\/uploads\/2026\/04\/bdi-768x510.jpg 768w\" sizes=\"(max-width: 820px) 100vw, 820px\" \/><\/figure>\n\n\n\n<p>&nbsp;Bashkimi Demokratik p\u00ebr Integrim ka k\u00ebrkuar hetim t\u00eb menj\u00ebhersh\u00ebm ndaj Burim Latifi, drejtor i MEPSO-s dhe kush\u00ebri i par\u00eb i Izet Mexhitit, pas vendimit nd\u00ebrkomb\u00ebtar q\u00eb d\u00ebnon shtetin t\u00eb paguaj\u00eb 6 milion\u00eb euro d\u00ebmshp\u00ebrblim, pasoj\u00eb e drejtp\u00ebrdrejt\u00eb e vendimeve t\u00eb tij, raporton KOHA.<\/p>\n\n\n\n<p>N\u00eb nj\u00eb reagim drejtuar mediave, BDI thot\u00eb se Burim Latifi ka anuluar kontrat\u00ebn ekzistuese me kompanin\u00eb Energoinvest nga Sarajeva dhe e ka z\u00ebvend\u00ebsuar me ELNOS BL DOO\u0415L nga Banja Luka, kompani e lidhur ngusht\u00eb me rrjetin e interesave t\u00eb Milorad Dodikut.<\/p>\n\n\n\n<p>\u201cTribunali nd\u00ebrkomb\u00ebtar DAB, q\u00eb vepron sipas rregullave FIDIC, i ka rr\u00ebzuar t\u00eb gjitha kund\u00ebrk\u00ebrkesat e MEPSO-s prej 19.3 milion\u00eb eurosh dhe i ka njohur Energoinvestit t\u00eb drejt\u00ebn n\u00eb 6 milion\u00eb euro, q\u00eb do t\u00eb dalin nga buxheti i shtetit nga xhepat e qytetar\u00ebve\u201d.<\/p>\n\n\n\n<p>BDI, n\u00eb reagim konstaton se Burim Latifi, i em\u00ebruar n\u00eb krye t\u00eb nj\u00eb nd\u00ebrmarrjeje strategjike shtet\u00ebrore mbi baza familjare dhe politike, ka marr\u00eb vendime q\u00eb kan\u00eb d\u00ebmtuar drejtp\u00ebrdrejt interesin publik dhe kan\u00eb futur nj\u00eb kompani t\u00eb lidhur me Dodikun n\u00eb infrastruktur\u00ebn kritike energjetike t\u00eb nj\u00eb shteti an\u00ebtar t\u00eb NATO-s.<\/p>\n\n\n\n<p>\u201cBDI i k\u00ebrkon Prokuroris\u00eb Publike fillimin e menj\u00ebhersh\u00ebm t\u00eb hetimeve penale ndaj Burim Latifi p\u00ebr keqp\u00ebrdorim t\u00eb detyr\u00ebs zyrtare dhe d\u00ebmtim t\u00eb buxhetit shtet\u00ebror, k\u00ebrkon auditim t\u00eb plot\u00eb t\u00eb t\u00eb gjitha kontratave t\u00eb n\u00ebnshkruara gjat\u00eb mandatit t\u00eb tij dhe pezullimin e menj\u00ebhersh\u00ebm t\u00eb marr\u00ebveshjes me ELNOS BL deri n\u00eb sqarimin e plot\u00eb t\u00eb rrethanave. Gjasht\u00eb milion\u00eb euro nga buxheti i shtetit jan\u00eb \u00e7mimi i em\u00ebrimeve politike dhe i lidhjeve me Dodikun. Burim Latifi duhet t\u00eb jap\u00eb llogari\u201d.&nbsp;<strong>(koha.mk)<\/strong><\/p>\n\n\n\n<figure class=\"wp-block-image\"><img decoding=\"async\" src=\"https:\/\/koha.mk\/wp-content\/uploads\/2026\/04\/IMG-20260430-WA0001-576x1024.jpg\" alt=\"\" class=\"wp-image-909043\"\/><\/figure>\n\n\n\n<figure class=\"wp-block-image\"><img decoding=\"async\" src=\"https:\/\/koha.mk\/wp-content\/uploads\/2026\/04\/IMG-20260430-WA0002-576x1024.jpg\" alt=\"\" class=\"wp-image-909044\"\/><\/figure>\n","protected":false},"excerpt":{"rendered":"<p>&nbsp;Bashkimi Demokratik p&euml;r Integrim ka k&euml;rkuar hetim t&euml; menj&euml;hersh&euml;m ndaj Burim Latifi, drejtor i MEPSO-s dhe kush&euml;ri i par&euml; i Izet Mexhitit, pas vendimit nd&euml;rkomb&euml;tar q&euml; d&euml;non shtetin t&euml; paguaj&euml; 6 milion&euml; euro d&euml;mshp&euml;rblim, pasoj&euml; e drejtp&euml;rdrejt&euml; e vendimeve t&euml; tij, raporton KOHA. N&euml; nj&euml; reagim drejtuar mediave, BDI thot&euml; se Burim Latifi ka anuluar [&hellip;]<\/p>\n","protected":false},"author":2,"featured_media":50002,"comment_status":"open","ping_status":"closed","sticky":false,"template":"","format":"standard","meta":{"_monsterinsights_skip_tracking":false,"_monsterinsights_sitenote_active":false,"_monsterinsights_sitenote_note":"","_monsterinsights_sitenote_category":0,"footnotes":""},"categories":[1],"tags":[],"class_list":["post-50001","post","type-post","status-publish","format-standard","has-post-thumbnail","hentry","category-vendi"],"_links":{"self":[{"href":"https:\/\/radiojehona.mk\/index.php?rest_route=\/wp\/v2\/posts\/50001","targetHints":{"allow":["GET"]}}],"collection":[{"href":"https:\/\/radiojehona.mk\/index.php?rest_route=\/wp\/v2\/posts"}],"about":[{"href":"https:\/\/radiojehona.mk\/index.php?rest_route=\/wp\/v2\/types\/post"}],"author":[{"embeddable":true,"href":"https:\/\/radiojehona.mk\/index.php?rest_route=\/wp\/v2\/users\/2"}],"replies":[{"embeddable":true,"href":"https:\/\/radiojehona.mk\/index.php?rest_route=%2Fwp%2Fv2%2Fcomments&post=50001"}],"version-history":[{"count":1,"href":"https:\/\/radiojehona.mk\/index.php?rest_route=\/wp\/v2\/posts\/50001\/revisions"}],"predecessor-version":[{"id":50003,"href":"https:\/\/radiojehona.mk\/index.php?rest_route=\/wp\/v2\/posts\/50001\/revisions\/50003"}],"wp:featuredmedia":[{"embeddable":true,"href":"https:\/\/radiojehona.mk\/index.php?rest_route=\/wp\/v2\/media\/50002"}],"wp:attachment":[{"href":"https:\/\/radiojehona.mk\/index.php?rest_route=%2Fwp%2Fv2%2Fmedia&parent=50001"}],"wp:term":[{"taxonomy":"category","embeddable":true,"href":"https:\/\/radiojehona.mk\/index.php?rest_route=%2Fwp%2Fv2%2Fcategories&post=50001"},{"taxonomy":"post_tag","embeddable":true,"href":"https:\/\/radiojehona.mk\/index.php?rest_route=%2Fwp%2Fv2%2Ftags&post=50001"}],"curies":[{"name":"wp","href":"https:\/\/api.w.org\/{rel}","templated":true}]}}