{"id":49998,"date":"2026-04-30T10:35:18","date_gmt":"2026-04-30T10:35:18","guid":{"rendered":"https:\/\/radiojehona.mk\/?p=49998"},"modified":"2026-04-30T10:35:19","modified_gmt":"2026-04-30T10:35:19","slug":"vlen-pese-subjekte-politike-behen-nje","status":"publish","type":"post","link":"https:\/\/radiojehona.mk\/?p=49998","title":{"rendered":"VLEN: Pes\u00eb subjekte politike b\u00ebhen nj\u00eb."},"content":{"rendered":"\n<figure class=\"wp-block-image size-large\"><img fetchpriority=\"high\" decoding=\"async\" width=\"1024\" height=\"576\" src=\"https:\/\/radiojehona.mk\/wp-content\/uploads\/2026\/04\/vlen-1024x576.webp\" alt=\"\" class=\"wp-image-49999\" srcset=\"https:\/\/radiojehona.mk\/wp-content\/uploads\/2026\/04\/vlen-1024x576.webp 1024w, https:\/\/radiojehona.mk\/wp-content\/uploads\/2026\/04\/vlen-300x169.webp 300w, https:\/\/radiojehona.mk\/wp-content\/uploads\/2026\/04\/vlen-768x432.webp 768w, https:\/\/radiojehona.mk\/wp-content\/uploads\/2026\/04\/vlen-800x450.webp 800w, https:\/\/radiojehona.mk\/wp-content\/uploads\/2026\/04\/vlen.webp 1245w\" sizes=\"(max-width: 1024px) 100vw, 1024px\" \/><\/figure>\n\n\n\n<p>Ka p\u00ebrfunduar koha kur politika shqiptare trajtohej si pron\u00eb private e nj\u00eb klike t\u00eb korruptuar. Ka p\u00ebrfunduar koha kur disa individ\u00eb vendosnin n\u00eb em\u00ebr t\u00eb t\u00eb gjith\u00eb shqiptar\u00ebve, nd\u00ebrsa populli paguante \u00e7mimin e arroganc\u00ebs, lakmis\u00eb dhe unit t\u00eb tyre p\u00ebr pushtet, thuhet n\u00eb kumtes\u00ebn e sotme t\u00eb VLEN-it.<\/p>\n\n\n\n<p>\u201cVLEN po bashkohet n\u00eb nj\u00eb trup t\u00eb vet\u00ebm politik. Sepse vet\u00ebm nj\u00eb trup i organizuar, i disiplinuar dhe i bashkuar mund ta mbroj\u00eb z\u00ebrin e shqiptar\u00ebve dhe ta mbyll\u00eb nj\u00ebher\u00eb e p\u00ebrgjithmon\u00eb epok\u00ebn e fragmentimeve, shantazheve dhe loj\u00ebrave prapasken\u00ebs.<br>Pes\u00eb subjekte politike b\u00ebhen nj\u00eb. VLEN NJ\u00cb!<br>VLEN si forc\u00eb e bashkuar politike do t\u00eb thot\u00eb sundim i ligjit, zero toleranc\u00eb ndaj korrupsionit, gjyq\u00ebsor i pavarur, rrug\u00eb evropiane, partneritet me NATO-n dhe mbrojtje t\u00eb familjes, tradit\u00ebs, kultur\u00ebs dhe identitetit\u201d, thon\u00eb nga VLEN.<\/p>\n","protected":false},"excerpt":{"rendered":"<p>Ka p&euml;rfunduar koha kur politika shqiptare trajtohej si pron&euml; private e nj&euml; klike t&euml; korruptuar. Ka p&euml;rfunduar koha kur disa individ&euml; vendosnin n&euml; em&euml;r t&euml; t&euml; gjith&euml; shqiptar&euml;ve, nd&euml;rsa populli paguante &ccedil;mimin e arroganc&euml;s, lakmis&euml; dhe unit t&euml; tyre p&euml;r pushtet, thuhet n&euml; kumtes&euml;n e sotme t&euml; VLEN-it. &ldquo;VLEN po bashkohet n&euml; nj&euml; trup t&euml; [&hellip;]<\/p>\n","protected":false},"author":2,"featured_media":49999,"comment_status":"open","ping_status":"closed","sticky":false,"template":"","format":"standard","meta":{"_monsterinsights_skip_tracking":false,"_monsterinsights_sitenote_active":false,"_monsterinsights_sitenote_note":"","_monsterinsights_sitenote_category":0,"footnotes":""},"categories":[1],"tags":[],"class_list":["post-49998","post","type-post","status-publish","format-standard","has-post-thumbnail","hentry","category-vendi"],"_links":{"self":[{"href":"https:\/\/radiojehona.mk\/index.php?rest_route=\/wp\/v2\/posts\/49998","targetHints":{"allow":["GET"]}}],"collection":[{"href":"https:\/\/radiojehona.mk\/index.php?rest_route=\/wp\/v2\/posts"}],"about":[{"href":"https:\/\/radiojehona.mk\/index.php?rest_route=\/wp\/v2\/types\/post"}],"author":[{"embeddable":true,"href":"https:\/\/radiojehona.mk\/index.php?rest_route=\/wp\/v2\/users\/2"}],"replies":[{"embeddable":true,"href":"https:\/\/radiojehona.mk\/index.php?rest_route=%2Fwp%2Fv2%2Fcomments&post=49998"}],"version-history":[{"count":1,"href":"https:\/\/radiojehona.mk\/index.php?rest_route=\/wp\/v2\/posts\/49998\/revisions"}],"predecessor-version":[{"id":50000,"href":"https:\/\/radiojehona.mk\/index.php?rest_route=\/wp\/v2\/posts\/49998\/revisions\/50000"}],"wp:featuredmedia":[{"embeddable":true,"href":"https:\/\/radiojehona.mk\/index.php?rest_route=\/wp\/v2\/media\/49999"}],"wp:attachment":[{"href":"https:\/\/radiojehona.mk\/index.php?rest_route=%2Fwp%2Fv2%2Fmedia&parent=49998"}],"wp:term":[{"taxonomy":"category","embeddable":true,"href":"https:\/\/radiojehona.mk\/index.php?rest_route=%2Fwp%2Fv2%2Fcategories&post=49998"},{"taxonomy":"post_tag","embeddable":true,"href":"https:\/\/radiojehona.mk\/index.php?rest_route=%2Fwp%2Fv2%2Ftags&post=49998"}],"curies":[{"name":"wp","href":"https:\/\/api.w.org\/{rel}","templated":true}]}}