{"id":49995,"date":"2026-04-29T21:15:18","date_gmt":"2026-04-29T21:15:18","guid":{"rendered":"https:\/\/radiojehona.mk\/?p=49995"},"modified":"2026-04-29T21:15:18","modified_gmt":"2026-04-29T21:15:18","slug":"per-vedat-bajramin-presidentet-e-ardhshme-jane-keto-dy-figura","status":"publish","type":"post","link":"https:\/\/radiojehona.mk\/?p=49995","title":{"rendered":"P\u00ebr Vedat Bajramin \u201cpresidentet e ardhshme\u201d, jan\u00eb k\u00ebto dy figura"},"content":{"rendered":"\n<figure class=\"wp-block-image size-full\"><img fetchpriority=\"high\" decoding=\"async\" width=\"480\" height=\"640\" src=\"https:\/\/radiojehona.mk\/wp-content\/uploads\/2026\/04\/images.webp\" alt=\"\" class=\"wp-image-49996\" srcset=\"https:\/\/radiojehona.mk\/wp-content\/uploads\/2026\/04\/images.webp 480w, https:\/\/radiojehona.mk\/wp-content\/uploads\/2026\/04\/images-225x300.webp 225w\" sizes=\"(max-width: 480px) 100vw, 480px\" \/><\/figure>\n\n\n\n<p><strong>Aktori i humorit, Vedat Bajrami ka b\u00ebr\u00eb paraqitjen e radh\u00ebs n\u00eb rrjetet sociale.<\/strong><\/p>\n\n\n\n<p>K\u00ebt\u00eb her\u00eb, ai ka ironizuar me situat\u00ebn politike, m\u00eb konkretisht d\u00ebshtimin p\u00ebr zgjedhjen e presidentit dhe shkuarjen n\u00eb zgjedhje t\u00eb reja, shkruan IndeksOnline.<\/p>\n\n\n\n<p>Ai ka publikuar nj\u00eb fotografi t\u00eb p\u00ebrbashk\u00ebt me aktorin Osman Azemi, t\u00eb realizuar vite m\u00eb par\u00eb.<\/p>\n\n\n\n<p>\u201cPresidentet e ardhshme\u201d, ka shkruar ai krahas k\u00ebsaj fotografie.<\/p>\n\n\n\n<p>Vlen t\u00eb kujtojm\u00eb se, qytetar\u00ebt e Kosov\u00ebs do t\u00eb detyrohen t\u2019u drejtohen kutive t\u00eb votimit s\u00ebrish. M\u00eb s\u00eb largu m\u00eb 7 qershor, pritet t\u00eb mbahen zgjedhjet e reja parlamentare. Kjo meq\u00eb kuvendi ka d\u00ebshtuar ta zgjedh\u00eb presidentin e ri edhe pas afatit 34-ditor t\u00eb Gjykat\u00ebs Kushtetuese q\u00eb p\u00ebrfundoi mbr\u00ebm\u00eb n\u00eb mesnat\u00eb.<\/p>\n\n\n\n<figure class=\"wp-block-image\"><img decoding=\"async\" src=\"https:\/\/www.kosovarja-ks.com\/wp-content\/uploads\/2026\/04\/2f7cadda-0cb1-43ce-a71d-61d635f2c413-1.jpg\" alt=\"\" class=\"wp-image-739486\"\/><\/figure>\n","protected":false},"excerpt":{"rendered":"<p>Aktori i humorit, Vedat Bajrami ka b&euml;r&euml; paraqitjen e radh&euml;s n&euml; rrjetet sociale. K&euml;t&euml; her&euml;, ai ka ironizuar me situat&euml;n politike, m&euml; konkretisht d&euml;shtimin p&euml;r zgjedhjen e presidentit dhe shkuarjen n&euml; zgjedhje t&euml; reja, shkruan IndeksOnline. Ai ka publikuar nj&euml; fotografi t&euml; p&euml;rbashk&euml;t me aktorin Osman Azemi, t&euml; realizuar vite m&euml; par&euml;. &ldquo;Presidentet e ardhshme&rdquo;, [&hellip;]<\/p>\n","protected":false},"author":2,"featured_media":49996,"comment_status":"open","ping_status":"closed","sticky":false,"template":"","format":"standard","meta":{"_monsterinsights_skip_tracking":false,"_monsterinsights_sitenote_active":false,"_monsterinsights_sitenote_note":"","_monsterinsights_sitenote_category":0,"footnotes":""},"categories":[7],"tags":[],"class_list":["post-49995","post","type-post","status-publish","format-standard","has-post-thumbnail","hentry","category-showbizz"],"_links":{"self":[{"href":"https:\/\/radiojehona.mk\/index.php?rest_route=\/wp\/v2\/posts\/49995","targetHints":{"allow":["GET"]}}],"collection":[{"href":"https:\/\/radiojehona.mk\/index.php?rest_route=\/wp\/v2\/posts"}],"about":[{"href":"https:\/\/radiojehona.mk\/index.php?rest_route=\/wp\/v2\/types\/post"}],"author":[{"embeddable":true,"href":"https:\/\/radiojehona.mk\/index.php?rest_route=\/wp\/v2\/users\/2"}],"replies":[{"embeddable":true,"href":"https:\/\/radiojehona.mk\/index.php?rest_route=%2Fwp%2Fv2%2Fcomments&post=49995"}],"version-history":[{"count":1,"href":"https:\/\/radiojehona.mk\/index.php?rest_route=\/wp\/v2\/posts\/49995\/revisions"}],"predecessor-version":[{"id":49997,"href":"https:\/\/radiojehona.mk\/index.php?rest_route=\/wp\/v2\/posts\/49995\/revisions\/49997"}],"wp:featuredmedia":[{"embeddable":true,"href":"https:\/\/radiojehona.mk\/index.php?rest_route=\/wp\/v2\/media\/49996"}],"wp:attachment":[{"href":"https:\/\/radiojehona.mk\/index.php?rest_route=%2Fwp%2Fv2%2Fmedia&parent=49995"}],"wp:term":[{"taxonomy":"category","embeddable":true,"href":"https:\/\/radiojehona.mk\/index.php?rest_route=%2Fwp%2Fv2%2Fcategories&post=49995"},{"taxonomy":"post_tag","embeddable":true,"href":"https:\/\/radiojehona.mk\/index.php?rest_route=%2Fwp%2Fv2%2Ftags&post=49995"}],"curies":[{"name":"wp","href":"https:\/\/api.w.org\/{rel}","templated":true}]}}