{"id":49989,"date":"2026-04-29T21:11:15","date_gmt":"2026-04-29T21:11:15","guid":{"rendered":"https:\/\/radiojehona.mk\/?p=49989"},"modified":"2026-04-29T21:11:16","modified_gmt":"2026-04-29T21:11:16","slug":"te-dhena-alarmante-te-abuzimit-seksual-te-femijeve-ne-maqedoni-508-raste-per-kater-vite","status":"publish","type":"post","link":"https:\/\/radiojehona.mk\/?p=49989","title":{"rendered":"T\u00eb dh\u00ebna alarmante t\u00eb abuzimit seksual t\u00eb f\u00ebmij\u00ebve n\u00eb Maqedoni, 508 raste p\u00ebr kat\u00ebr vite"},"content":{"rendered":"\n<figure class=\"wp-block-image size-full\"><img fetchpriority=\"high\" decoding=\"async\" width=\"750\" height=\"430\" src=\"https:\/\/radiojehona.mk\/wp-content\/uploads\/2026\/04\/image-3-1068x651-1-750x430-1.jpg\" alt=\"\" class=\"wp-image-49990\" srcset=\"https:\/\/radiojehona.mk\/wp-content\/uploads\/2026\/04\/image-3-1068x651-1-750x430-1.jpg 750w, https:\/\/radiojehona.mk\/wp-content\/uploads\/2026\/04\/image-3-1068x651-1-750x430-1-300x172.jpg 300w\" sizes=\"(max-width: 750px) 100vw, 750px\" \/><\/figure>\n\n\n\n<p>\u201cN\u00eb periudh\u00ebn nga viti 2020 deri n\u00eb vitin 2024, n\u00eb vend u regjistruan 508 raste t\u00eb abuzimit seksual t\u00eb f\u00ebmij\u00ebve, ku sistemi i mbrojtjes s\u00eb viktimave reagoi n\u00eb m\u00ebnyr\u00eb t\u00eb fragmentuar, duke mos ofruar mb\u00ebshtetje n\u00eb koh\u00eb dhe shpesh duke shkaktuar viktimizim dyt\u00ebsor\u201d, thuhet n\u00eb gjetjet e analiz\u00ebs s\u00eb fundit nga Avokati i Popullit.<\/p>\n\n\n\n<p>Sipas t\u00eb dh\u00ebnave q\u00eb i prezantoi sot zv.Avokatja e Popullit, Vaska Bajramovska-Mustafa, nga numri i p\u00ebrgjithsh\u00ebm i viktimave n\u00eb periudh\u00ebn pes\u00ebvje\u00e7are t\u00eb analizuar, 455 ishin vajza dhe 53 ishin djem. Ajo theksoi se shumica e rasteve kan\u00eb t\u00eb b\u00ebjn\u00eb me krime t\u00eb r\u00ebnda, p\u00ebrkat\u00ebsisht 186 raste t\u00eb p\u00ebrdhunimit t\u00eb nj\u00eb f\u00ebmije n\u00ebn mosh\u00ebn 15 vje\u00e7, 99 raste t\u00eb sulmit seksual dhe p\u00ebrdhunimit, si dhe 196 raste t\u00eb jet\u00ebs jasht\u00ebmartesore me nj\u00eb t\u00eb mitur.<\/p>\n\n\n\n<p>\u201cTrendi alarmues vazhdon n\u00eb vitin 2025 kur u regjistruan 96 f\u00ebmij\u00eb t\u00eb rinj, viktima t\u00eb krimeve kund\u00ebr liris\u00eb seksuale dhe moralit, nga t\u00eb cil\u00ebt 88 ishin vajza dhe tet\u00eb ishin djem. Mbi 57 p\u00ebrqind e viktimave jan\u00eb midis mosh\u00ebs 11 dhe 15 vje\u00e7, por, jan\u00eb regjistruar edhe viktima n\u00ebn mosh\u00ebn 10 vje\u00e7 dhe madje edhe n\u00ebn tre vje\u00e7\u201d.<\/p>\n\n\n\n<p>\u201cP\u00ebrfundimi i p\u00ebrgjithsh\u00ebm \u00ebsht\u00eb se pavar\u00ebsisht ekzistenc\u00ebs s\u00eb nj\u00eb kuadri formal ligjor dhe strategjik, sistemi p\u00ebr mbrojtjen e f\u00ebmij\u00ebve viktima nuk ofron mb\u00ebshtetje t\u00eb q\u00ebndrueshme, n\u00eb koh\u00eb dhe t\u00eb p\u00ebrshtatur n\u00eb respekt t\u00eb parimit t\u00eb interesit m\u00eb t\u00eb mir\u00eb t\u00eb f\u00ebmij\u00ebs. Se abuzimi seksual i f\u00ebmij\u00ebve \u00ebsht\u00eb nj\u00eb problem i vazhduesh\u00ebm dhe sistemik konfirmohet nga t\u00eb dh\u00ebnat e ofruara nga autoritetet kompetente\u201d, theksoi Bajramovska-Mustafa.<\/p>\n","protected":false},"excerpt":{"rendered":"<p>&ldquo;N&euml; periudh&euml;n nga viti 2020 deri n&euml; vitin 2024, n&euml; vend u regjistruan 508 raste t&euml; abuzimit seksual t&euml; f&euml;mij&euml;ve, ku sistemi i mbrojtjes s&euml; viktimave reagoi n&euml; m&euml;nyr&euml; t&euml; fragmentuar, duke mos ofruar mb&euml;shtetje n&euml; koh&euml; dhe shpesh duke shkaktuar viktimizim dyt&euml;sor&rdquo;, thuhet n&euml; gjetjet e analiz&euml;s s&euml; fundit nga Avokati i Popullit. Sipas [&hellip;]<\/p>\n","protected":false},"author":2,"featured_media":49990,"comment_status":"open","ping_status":"closed","sticky":false,"template":"","format":"standard","meta":{"_monsterinsights_skip_tracking":false,"_monsterinsights_sitenote_active":false,"_monsterinsights_sitenote_note":"","_monsterinsights_sitenote_category":0,"footnotes":""},"categories":[1],"tags":[],"class_list":["post-49989","post","type-post","status-publish","format-standard","has-post-thumbnail","hentry","category-vendi"],"_links":{"self":[{"href":"https:\/\/radiojehona.mk\/index.php?rest_route=\/wp\/v2\/posts\/49989","targetHints":{"allow":["GET"]}}],"collection":[{"href":"https:\/\/radiojehona.mk\/index.php?rest_route=\/wp\/v2\/posts"}],"about":[{"href":"https:\/\/radiojehona.mk\/index.php?rest_route=\/wp\/v2\/types\/post"}],"author":[{"embeddable":true,"href":"https:\/\/radiojehona.mk\/index.php?rest_route=\/wp\/v2\/users\/2"}],"replies":[{"embeddable":true,"href":"https:\/\/radiojehona.mk\/index.php?rest_route=%2Fwp%2Fv2%2Fcomments&post=49989"}],"version-history":[{"count":1,"href":"https:\/\/radiojehona.mk\/index.php?rest_route=\/wp\/v2\/posts\/49989\/revisions"}],"predecessor-version":[{"id":49991,"href":"https:\/\/radiojehona.mk\/index.php?rest_route=\/wp\/v2\/posts\/49989\/revisions\/49991"}],"wp:featuredmedia":[{"embeddable":true,"href":"https:\/\/radiojehona.mk\/index.php?rest_route=\/wp\/v2\/media\/49990"}],"wp:attachment":[{"href":"https:\/\/radiojehona.mk\/index.php?rest_route=%2Fwp%2Fv2%2Fmedia&parent=49989"}],"wp:term":[{"taxonomy":"category","embeddable":true,"href":"https:\/\/radiojehona.mk\/index.php?rest_route=%2Fwp%2Fv2%2Fcategories&post=49989"},{"taxonomy":"post_tag","embeddable":true,"href":"https:\/\/radiojehona.mk\/index.php?rest_route=%2Fwp%2Fv2%2Ftags&post=49989"}],"curies":[{"name":"wp","href":"https:\/\/api.w.org\/{rel}","templated":true}]}}