{"id":49986,"date":"2026-04-29T21:01:44","date_gmt":"2026-04-29T21:01:44","guid":{"rendered":"https:\/\/radiojehona.mk\/?p=49986"},"modified":"2026-04-29T21:03:22","modified_gmt":"2026-04-29T21:03:22","slug":"unt-nderoi-me-cmim-profesorin-dhe-pishtarin-e-arsimit-etem-xheladini","status":"publish","type":"post","link":"https:\/\/radiojehona.mk\/?p=49986","title":{"rendered":"UNT nderoi me \u00e7mim profesorin dhe pishtarin e arsimit Etem Xheladini"},"content":{"rendered":"\n<figure class=\"wp-block-image size-full\"><img fetchpriority=\"high\" decoding=\"async\" width=\"512\" height=\"640\" src=\"https:\/\/radiojehona.mk\/wp-content\/uploads\/2026\/04\/682485649_1032826865974881_2752241211354574817_n.jpg\" alt=\"\" class=\"wp-image-49987\" srcset=\"https:\/\/radiojehona.mk\/wp-content\/uploads\/2026\/04\/682485649_1032826865974881_2752241211354574817_n.jpg 512w, https:\/\/radiojehona.mk\/wp-content\/uploads\/2026\/04\/682485649_1032826865974881_2752241211354574817_n-240x300.jpg 240w\" sizes=\"(max-width: 512px) 100vw, 512px\" \/><\/figure>\n\n\n\n<p>Sot n\u00eb vigjile t\u00eb fest\u00ebs s\u00eb 1 Majit, Sindikati i t\u00eb Pun\u00ebsuar\u00ebve t\u00eb Universitetit \u201cN\u00ebn\u00eb Tereza\u201d, nderoi me certifikat\u00eb vler\u00ebsimi profesorin, arsimdash\u00ebsin dhe pishtarin e arsimit Etem Xheladini.<\/p>\n\n\n\n<p>P\u00ebndryshe, Etem Xheladini \u00ebsht\u00eb em\u00ebr i njohur p\u00ebr kontributin e tij t\u00eb madh n\u00eb fush\u00ebn e arsimit fillor, t\u00eb mes\u00ebm dhe sip\u00ebror te shqiptar\u00ebt n\u00eb Maqedonin\u00eb e Veriut.<\/p>\n\n\n\n<p>P\u00ebrve\u00e7 n\u00eb arsim, kontributi i tij komb\u00ebtar shtrihet edhe n\u00eb fush\u00ebn e humanizmit dhe solidaritetit n\u00eb shoqatat humanitare \u201cN\u00ebn\u00eb Tereza\u201d, \u201cEl Hilal\u201d etj., n\u00eb ve\u00e7anti gjat\u00eb luft\u00ebs s\u00eb Kosov\u00ebs dhe at\u00eb t\u00eb 2001-shit n\u00eb Maqedoni.<br>Etem Xheladini \u00ebsht\u00eb shp\u00ebrblyer me qindra mir\u00ebnjohje nga institucione t\u00eb ndryshme, por ky \u00ebsht\u00eb \u00e7mimi m\u00eb i madh q\u00eb i jep nj\u00eb institucion i lart\u00eb arsimor.<\/p>\n\n\n\n<p><\/p>\n","protected":false},"excerpt":{"rendered":"<p>Sot n&euml; vigjile t&euml; fest&euml;s s&euml; 1 Majit, Sindikati i t&euml; Pun&euml;suar&euml;ve t&euml; Universitetit &ldquo;N&euml;n&euml; Tereza&rdquo;, nderoi me certifikat&euml; vler&euml;simi profesorin, arsimdash&euml;sin dhe pishtarin e arsimit Etem Xheladini. P&euml;ndryshe, Etem Xheladini &euml;sht&euml; em&euml;r i njohur p&euml;r kontributin e tij t&euml; madh n&euml; fush&euml;n e arsimit fillor, t&euml; mes&euml;m dhe sip&euml;ror te shqiptar&euml;t n&euml; Maqedonin&euml; e [&hellip;]<\/p>\n","protected":false},"author":2,"featured_media":49987,"comment_status":"open","ping_status":"closed","sticky":false,"template":"","format":"standard","meta":{"_monsterinsights_skip_tracking":false,"_monsterinsights_sitenote_active":false,"_monsterinsights_sitenote_note":"","_monsterinsights_sitenote_category":0,"footnotes":""},"categories":[1],"tags":[],"class_list":["post-49986","post","type-post","status-publish","format-standard","has-post-thumbnail","hentry","category-vendi"],"_links":{"self":[{"href":"https:\/\/radiojehona.mk\/index.php?rest_route=\/wp\/v2\/posts\/49986","targetHints":{"allow":["GET"]}}],"collection":[{"href":"https:\/\/radiojehona.mk\/index.php?rest_route=\/wp\/v2\/posts"}],"about":[{"href":"https:\/\/radiojehona.mk\/index.php?rest_route=\/wp\/v2\/types\/post"}],"author":[{"embeddable":true,"href":"https:\/\/radiojehona.mk\/index.php?rest_route=\/wp\/v2\/users\/2"}],"replies":[{"embeddable":true,"href":"https:\/\/radiojehona.mk\/index.php?rest_route=%2Fwp%2Fv2%2Fcomments&post=49986"}],"version-history":[{"count":1,"href":"https:\/\/radiojehona.mk\/index.php?rest_route=\/wp\/v2\/posts\/49986\/revisions"}],"predecessor-version":[{"id":49988,"href":"https:\/\/radiojehona.mk\/index.php?rest_route=\/wp\/v2\/posts\/49986\/revisions\/49988"}],"wp:featuredmedia":[{"embeddable":true,"href":"https:\/\/radiojehona.mk\/index.php?rest_route=\/wp\/v2\/media\/49987"}],"wp:attachment":[{"href":"https:\/\/radiojehona.mk\/index.php?rest_route=%2Fwp%2Fv2%2Fmedia&parent=49986"}],"wp:term":[{"taxonomy":"category","embeddable":true,"href":"https:\/\/radiojehona.mk\/index.php?rest_route=%2Fwp%2Fv2%2Fcategories&post=49986"},{"taxonomy":"post_tag","embeddable":true,"href":"https:\/\/radiojehona.mk\/index.php?rest_route=%2Fwp%2Fv2%2Ftags&post=49986"}],"curies":[{"name":"wp","href":"https:\/\/api.w.org\/{rel}","templated":true}]}}