{"id":49983,"date":"2026-04-29T18:18:04","date_gmt":"2026-04-29T18:18:04","guid":{"rendered":"https:\/\/radiojehona.mk\/?p=49983"},"modified":"2026-04-29T18:18:05","modified_gmt":"2026-04-29T18:18:05","slug":"drejtori-i-azgj-se-bashkeorganizator-i-konferences-se-8-te-nderkombetare-ne-durres-nenshkruhet-memorandum-bashkepunimi","status":"publish","type":"post","link":"https:\/\/radiojehona.mk\/?p=49983","title":{"rendered":"Drejtori i AZGj-s\u00eb bashk\u00eborganizator i Konferenc\u00ebs s\u00eb 8-t\u00eb Nd\u00ebrkomb\u00ebtare n\u00eb Durr\u00ebs; n\u00ebnshkruhet memorandum bashk\u00ebpunimi"},"content":{"rendered":"\n<figure class=\"wp-block-image size-large\"><img fetchpriority=\"high\" decoding=\"async\" width=\"1024\" height=\"683\" src=\"https:\/\/radiojehona.mk\/wp-content\/uploads\/2026\/04\/FB_IMG_1777474867719-1536x1024-1-1024x683.jpg\" alt=\"\" class=\"wp-image-49984\" srcset=\"https:\/\/radiojehona.mk\/wp-content\/uploads\/2026\/04\/FB_IMG_1777474867719-1536x1024-1-1024x683.jpg 1024w, https:\/\/radiojehona.mk\/wp-content\/uploads\/2026\/04\/FB_IMG_1777474867719-1536x1024-1-300x200.jpg 300w, https:\/\/radiojehona.mk\/wp-content\/uploads\/2026\/04\/FB_IMG_1777474867719-1536x1024-1-768x512.jpg 768w, https:\/\/radiojehona.mk\/wp-content\/uploads\/2026\/04\/FB_IMG_1777474867719-1536x1024-1.jpg 1536w\" sizes=\"(max-width: 1024px) 100vw, 1024px\" \/><\/figure>\n\n\n\n<p>Drejtori i Agjencis\u00eb s\u00eb Zbatimit t\u00eb Gjuh\u00ebs, Granit Osmani, s\u00eb bashku me ndihm\u00ebsudh\u00ebheq\u00ebsen e Sektorit p\u00ebr mb\u00ebshtetje t\u00eb drejtorit Shpresa Zeqiri Ibrahimi dhe Liber Emini e Ubejd Ramani nga kabineti i drejtorit, mor\u00ebn pjes\u00eb n\u00eb Konferenc\u00ebn e 8-t\u00eb Nd\u00ebrkomb\u00ebtare me tem\u00eb \u201cForm\u00ebsimi i s\u00eb Ardhmes: Arsimi dhe Inovacioni n\u00eb Shoq\u00ebrin\u00eb Digjitale\u201d, ku AZGJ paraqitet n\u00eb cil\u00ebsin\u00eb e bashk\u00eborganizatorit.<\/p>\n\n\n\n<p>Konferenca, q\u00eb po mbahet m\u00eb 29 e 30 prill 2026 n\u00eb Universitetin \u201cAleksand\u00ebr Moisiu\u201d n\u00eb Durr\u00ebs, ka mbledhur studiues, profesor\u00eb dhe ekspert\u00eb nga vende t\u00eb ndryshme, duke trajtuar tema q\u00eb lidhen me arsimin, teknologjin\u00eb dhe sfidat e shoq\u00ebris\u00eb digjitale.<\/p>\n\n\n\n<p>N\u00eb kuad\u00ebr t\u00eb k\u00ebsaj ngjarjeje t\u00eb r\u00ebnd\u00ebsishme akademike, drejtori Granit Osmani zhvilloi takime t\u00eb r\u00ebnd\u00ebsishme institucionale. Delegacioni i AZGJ-s\u00eb u prit nga profesoresha Manjola Za\u00e7ellari dhe rektori i Universitetit \u201cAleksand\u00ebr Moisiu\u201d, prof. dr. Shk\u00eblqim Fortuzi, me \u00e7\u2019rast u n\u00ebnshkrua edhe Memorandum i Bashk\u00ebpunimit nd\u00ebrmjet Agjencis\u00eb s\u00eb Zbatimit t\u00eb Gjuh\u00ebs dhe Universitetit \u201cAleksand\u00ebr Moisiu\u201d n\u00eb Durr\u00ebs. N\u00ebnshkrimi i k\u00ebtij memorandumi synon thellimin e bashk\u00ebpunimit n\u00eb fush\u00ebn e gjuh\u00ebs, arsimit dhe projekteve t\u00eb p\u00ebrbashk\u00ebta shkencore.<\/p>\n\n\n\n<p>N\u00eb k\u00ebt\u00eb drejtim, ky memorandum pritet t\u00eb hap\u00eb rrug\u00eb p\u00ebr iniciativa t\u00eb reja akademike, shk\u00ebmbime profesionale dhe zhvillimin e projekteve q\u00eb kontribuojn\u00eb n\u00eb avancimin e p\u00ebrdorimit dhe standardizimit t\u00eb gjuh\u00ebs n\u00eb kontekstin e shoq\u00ebris\u00eb moderne digjitale.<\/p>\n\n\n\n<p>Pjes\u00ebmarrja e AZGJ-s\u00eb n\u00eb k\u00ebt\u00eb konferenc\u00eb dhe roli i saj si bashk\u00eborganizatore d\u00ebshmon p\u00ebrkushtimin institucional p\u00ebr t\u00eb qen\u00eb pjes\u00eb aktive e proceseve nd\u00ebrkomb\u00ebtare q\u00eb lidhen me arsimin dhe inovacionin.<\/p>\n\n\n\n<p>Durr\u00ebs, 29.4.2026<\/p>\n","protected":false},"excerpt":{"rendered":"<p>Drejtori i Agjencis&euml; s&euml; Zbatimit t&euml; Gjuh&euml;s, Granit Osmani, s&euml; bashku me ndihm&euml;sudh&euml;heq&euml;sen e Sektorit p&euml;r mb&euml;shtetje t&euml; drejtorit Shpresa Zeqiri Ibrahimi dhe Liber Emini e Ubejd Ramani nga kabineti i drejtorit, mor&euml;n pjes&euml; n&euml; Konferenc&euml;n e 8-t&euml; Nd&euml;rkomb&euml;tare me tem&euml; &ldquo;Form&euml;simi i s&euml; Ardhmes: Arsimi dhe Inovacioni n&euml; Shoq&euml;rin&euml; Digjitale&rdquo;, ku AZGJ paraqitet n&euml; [&hellip;]<\/p>\n","protected":false},"author":2,"featured_media":49984,"comment_status":"open","ping_status":"closed","sticky":false,"template":"","format":"standard","meta":{"_monsterinsights_skip_tracking":false,"_monsterinsights_sitenote_active":false,"_monsterinsights_sitenote_note":"","_monsterinsights_sitenote_category":0,"footnotes":""},"categories":[1],"tags":[],"class_list":["post-49983","post","type-post","status-publish","format-standard","has-post-thumbnail","hentry","category-vendi"],"_links":{"self":[{"href":"https:\/\/radiojehona.mk\/index.php?rest_route=\/wp\/v2\/posts\/49983","targetHints":{"allow":["GET"]}}],"collection":[{"href":"https:\/\/radiojehona.mk\/index.php?rest_route=\/wp\/v2\/posts"}],"about":[{"href":"https:\/\/radiojehona.mk\/index.php?rest_route=\/wp\/v2\/types\/post"}],"author":[{"embeddable":true,"href":"https:\/\/radiojehona.mk\/index.php?rest_route=\/wp\/v2\/users\/2"}],"replies":[{"embeddable":true,"href":"https:\/\/radiojehona.mk\/index.php?rest_route=%2Fwp%2Fv2%2Fcomments&post=49983"}],"version-history":[{"count":1,"href":"https:\/\/radiojehona.mk\/index.php?rest_route=\/wp\/v2\/posts\/49983\/revisions"}],"predecessor-version":[{"id":49985,"href":"https:\/\/radiojehona.mk\/index.php?rest_route=\/wp\/v2\/posts\/49983\/revisions\/49985"}],"wp:featuredmedia":[{"embeddable":true,"href":"https:\/\/radiojehona.mk\/index.php?rest_route=\/wp\/v2\/media\/49984"}],"wp:attachment":[{"href":"https:\/\/radiojehona.mk\/index.php?rest_route=%2Fwp%2Fv2%2Fmedia&parent=49983"}],"wp:term":[{"taxonomy":"category","embeddable":true,"href":"https:\/\/radiojehona.mk\/index.php?rest_route=%2Fwp%2Fv2%2Fcategories&post=49983"},{"taxonomy":"post_tag","embeddable":true,"href":"https:\/\/radiojehona.mk\/index.php?rest_route=%2Fwp%2Fv2%2Ftags&post=49983"}],"curies":[{"name":"wp","href":"https:\/\/api.w.org\/{rel}","templated":true}]}}