{"id":49977,"date":"2026-04-29T16:53:54","date_gmt":"2026-04-29T16:53:54","guid":{"rendered":"https:\/\/radiojehona.mk\/?p=49977"},"modified":"2026-04-29T16:53:55","modified_gmt":"2026-04-29T16:53:55","slug":"a-do-te-pranojne-ftesen-per-ne-qeveri-ja-cka-thone-nga-ash-sela","status":"publish","type":"post","link":"https:\/\/radiojehona.mk\/?p=49977","title":{"rendered":"A do t\u00eb pranojn\u00eb ftes\u00ebn p\u00ebr n\u00eb Qeveri? Ja \u00e7ka thon\u00eb nga ASH-Sela!"},"content":{"rendered":"\n<figure class=\"wp-block-image size-full\"><img fetchpriority=\"high\" decoding=\"async\" width=\"730\" height=\"517\" src=\"https:\/\/radiojehona.mk\/wp-content\/uploads\/2026\/04\/qeveria-2.webp\" alt=\"\" class=\"wp-image-49978\" srcset=\"https:\/\/radiojehona.mk\/wp-content\/uploads\/2026\/04\/qeveria-2.webp 730w, https:\/\/radiojehona.mk\/wp-content\/uploads\/2026\/04\/qeveria-2-300x212.webp 300w\" sizes=\"(max-width: 730px) 100vw, 730px\" \/><\/figure>\n\n\n\n<p>Lidhur me k\u00ebt\u00eb deklarat\u00eb t\u00eb Mexhitit jan\u00eb prononcuar p\u00ebr portalin Lideri.mk nga ASH-Sela.<br>Prej atje, as nuk e kan\u00eb mohuar e as nuk e kan\u00eb konfirmuar mund\u00ebsin\u00eb q\u00eb subjekti i udh\u00ebhequr nga Ziadin Sela t\u00eb b\u00ebhet pjes\u00eb e Qeveris\u00eb.<\/p>\n\n\n\n<p>\u201cP\u00ebr momentin merremi me kongresin e partis\u00eb\u201d, kan\u00eb deklaruar nga ASH Sela p\u00ebr portalin Lideri.mk.<\/p>\n\n\n\n<p>Ndryshe, n\u00eb nj\u00eb paraqitje n\u00eb \u201cTV24\u201d, Mexhiti tha se dera p\u00ebr Sel\u00ebn \u00ebsht\u00eb hapur dhe se po shqyrtohet mund\u00ebsia e p\u00ebrfshirjes s\u00eb tij t\u00eb mundshme n\u00eb shumic\u00ebn qeveritare.<\/p>\n\n\n\n<p>\u201cEkziston nj\u00eb mund\u00ebsi q\u00eb Ziadin Sela t\u00eb bashkohet me Qeverin\u00eb. Dera \u00ebsht\u00eb hapur, ne komunikojm\u00eb n\u00eb nivele t\u00eb ndryshme\u201d, tha ai.<\/p>\n","protected":false},"excerpt":{"rendered":"<p>Lidhur me k&euml;t&euml; deklarat&euml; t&euml; Mexhitit jan&euml; prononcuar p&euml;r portalin Lideri.mk nga ASH-Sela.Prej atje, as nuk e kan&euml; mohuar e as nuk e kan&euml; konfirmuar mund&euml;sin&euml; q&euml; subjekti i udh&euml;hequr nga Ziadin Sela t&euml; b&euml;het pjes&euml; e Qeveris&euml;. &ldquo;P&euml;r momentin merremi me kongresin e partis&euml;&rdquo;, kan&euml; deklaruar nga ASH Sela p&euml;r portalin Lideri.mk. Ndryshe, n&euml; [&hellip;]<\/p>\n","protected":false},"author":2,"featured_media":49978,"comment_status":"open","ping_status":"closed","sticky":false,"template":"","format":"standard","meta":{"_monsterinsights_skip_tracking":false,"_monsterinsights_sitenote_active":false,"_monsterinsights_sitenote_note":"","_monsterinsights_sitenote_category":0,"footnotes":""},"categories":[1],"tags":[],"class_list":["post-49977","post","type-post","status-publish","format-standard","has-post-thumbnail","hentry","category-vendi"],"_links":{"self":[{"href":"https:\/\/radiojehona.mk\/index.php?rest_route=\/wp\/v2\/posts\/49977","targetHints":{"allow":["GET"]}}],"collection":[{"href":"https:\/\/radiojehona.mk\/index.php?rest_route=\/wp\/v2\/posts"}],"about":[{"href":"https:\/\/radiojehona.mk\/index.php?rest_route=\/wp\/v2\/types\/post"}],"author":[{"embeddable":true,"href":"https:\/\/radiojehona.mk\/index.php?rest_route=\/wp\/v2\/users\/2"}],"replies":[{"embeddable":true,"href":"https:\/\/radiojehona.mk\/index.php?rest_route=%2Fwp%2Fv2%2Fcomments&post=49977"}],"version-history":[{"count":1,"href":"https:\/\/radiojehona.mk\/index.php?rest_route=\/wp\/v2\/posts\/49977\/revisions"}],"predecessor-version":[{"id":49979,"href":"https:\/\/radiojehona.mk\/index.php?rest_route=\/wp\/v2\/posts\/49977\/revisions\/49979"}],"wp:featuredmedia":[{"embeddable":true,"href":"https:\/\/radiojehona.mk\/index.php?rest_route=\/wp\/v2\/media\/49978"}],"wp:attachment":[{"href":"https:\/\/radiojehona.mk\/index.php?rest_route=%2Fwp%2Fv2%2Fmedia&parent=49977"}],"wp:term":[{"taxonomy":"category","embeddable":true,"href":"https:\/\/radiojehona.mk\/index.php?rest_route=%2Fwp%2Fv2%2Fcategories&post=49977"},{"taxonomy":"post_tag","embeddable":true,"href":"https:\/\/radiojehona.mk\/index.php?rest_route=%2Fwp%2Fv2%2Ftags&post=49977"}],"curies":[{"name":"wp","href":"https:\/\/api.w.org\/{rel}","templated":true}]}}