{"id":49974,"date":"2026-04-29T16:52:54","date_gmt":"2026-04-29T16:52:54","guid":{"rendered":"https:\/\/radiojehona.mk\/?p=49974"},"modified":"2026-04-29T16:52:55","modified_gmt":"2026-04-29T16:52:55","slug":"me-70-vota-per-kuvendi-shfuqizoi-qeverine-teknike","status":"publish","type":"post","link":"https:\/\/radiojehona.mk\/?p=49974","title":{"rendered":"Me 70 vota P\u00ebr, Kuvendi shfuqizoi Qeverin\u00eb teknike"},"content":{"rendered":"\n<figure class=\"wp-block-image size-full\"><img fetchpriority=\"high\" decoding=\"async\" width=\"730\" height=\"517\" src=\"https:\/\/radiojehona.mk\/wp-content\/uploads\/2026\/04\/qeveria-1.webp\" alt=\"\" class=\"wp-image-49975\" srcset=\"https:\/\/radiojehona.mk\/wp-content\/uploads\/2026\/04\/qeveria-1.webp 730w, https:\/\/radiojehona.mk\/wp-content\/uploads\/2026\/04\/qeveria-1-300x212.webp 300w\" sizes=\"(max-width: 730px) 100vw, 730px\" \/><\/figure>\n\n\n\n<p>N\u00eb Kuvendin e Maqedonis\u00eb s\u00eb Veriut jan\u00eb miratuar ndryshimet n\u00eb Ligjin p\u00ebr Qeveri, me t\u00eb cilin parashikohet shfuqizimi i konceptit t\u00eb Qeveris\u00eb teknike.<\/p>\n\n\n\n<p>Megjithat\u00eb ky ndryshim nuk do t\u00eb hyj\u00eb menj\u00ebher\u00eb n\u00eb fuqi, pra do t\u00eb vlej\u00eb edhe p\u00ebr zgjedhjet e ardhshme, nd\u00ebrsa m\u00eb pas nuk do t\u00eb ket\u00eb qeveri teknike.<\/p>\n\n\n\n<p>P\u00ebr k\u00ebto ndryshime votuan 70 deputet\u00eb, nd\u00ebrsa 11 ishin kund\u00ebr.<\/p>\n","protected":false},"excerpt":{"rendered":"<p>N&euml; Kuvendin e Maqedonis&euml; s&euml; Veriut jan&euml; miratuar ndryshimet n&euml; Ligjin p&euml;r Qeveri, me t&euml; cilin parashikohet shfuqizimi i konceptit t&euml; Qeveris&euml; teknike. Megjithat&euml; ky ndryshim nuk do t&euml; hyj&euml; menj&euml;her&euml; n&euml; fuqi, pra do t&euml; vlej&euml; edhe p&euml;r zgjedhjet e ardhshme, nd&euml;rsa m&euml; pas nuk do t&euml; ket&euml; qeveri teknike. P&euml;r k&euml;to ndryshime votuan [&hellip;]<\/p>\n","protected":false},"author":2,"featured_media":49975,"comment_status":"open","ping_status":"closed","sticky":false,"template":"","format":"standard","meta":{"_monsterinsights_skip_tracking":false,"_monsterinsights_sitenote_active":false,"_monsterinsights_sitenote_note":"","_monsterinsights_sitenote_category":0,"footnotes":""},"categories":[1],"tags":[],"class_list":["post-49974","post","type-post","status-publish","format-standard","has-post-thumbnail","hentry","category-vendi"],"_links":{"self":[{"href":"https:\/\/radiojehona.mk\/index.php?rest_route=\/wp\/v2\/posts\/49974","targetHints":{"allow":["GET"]}}],"collection":[{"href":"https:\/\/radiojehona.mk\/index.php?rest_route=\/wp\/v2\/posts"}],"about":[{"href":"https:\/\/radiojehona.mk\/index.php?rest_route=\/wp\/v2\/types\/post"}],"author":[{"embeddable":true,"href":"https:\/\/radiojehona.mk\/index.php?rest_route=\/wp\/v2\/users\/2"}],"replies":[{"embeddable":true,"href":"https:\/\/radiojehona.mk\/index.php?rest_route=%2Fwp%2Fv2%2Fcomments&post=49974"}],"version-history":[{"count":1,"href":"https:\/\/radiojehona.mk\/index.php?rest_route=\/wp\/v2\/posts\/49974\/revisions"}],"predecessor-version":[{"id":49976,"href":"https:\/\/radiojehona.mk\/index.php?rest_route=\/wp\/v2\/posts\/49974\/revisions\/49976"}],"wp:featuredmedia":[{"embeddable":true,"href":"https:\/\/radiojehona.mk\/index.php?rest_route=\/wp\/v2\/media\/49975"}],"wp:attachment":[{"href":"https:\/\/radiojehona.mk\/index.php?rest_route=%2Fwp%2Fv2%2Fmedia&parent=49974"}],"wp:term":[{"taxonomy":"category","embeddable":true,"href":"https:\/\/radiojehona.mk\/index.php?rest_route=%2Fwp%2Fv2%2Fcategories&post=49974"},{"taxonomy":"post_tag","embeddable":true,"href":"https:\/\/radiojehona.mk\/index.php?rest_route=%2Fwp%2Fv2%2Ftags&post=49974"}],"curies":[{"name":"wp","href":"https:\/\/api.w.org\/{rel}","templated":true}]}}