{"id":49964,"date":"2026-04-29T12:45:06","date_gmt":"2026-04-29T12:45:06","guid":{"rendered":"https:\/\/radiojehona.mk\/?p=49964"},"modified":"2026-04-29T13:02:23","modified_gmt":"2026-04-29T13:02:23","slug":"be-kritikon-platformen-meta-nuk-po-i-pengon-femijet-te-hyjne-ne-rrjetet-sociale","status":"publish","type":"post","link":"https:\/\/radiojehona.mk\/?p=49964","title":{"rendered":"BE kritikon platform\u00ebn: Meta nuk po i pengon f\u00ebmij\u00ebt t\u00eb hyjn\u00eb n\u00eb rrjetet sociale"},"content":{"rendered":"\n<figure class=\"wp-block-image size-full\"><img fetchpriority=\"high\" decoding=\"async\" width=\"800\" height=\"533\" src=\"https:\/\/radiojehona.mk\/wp-content\/uploads\/2026\/04\/800-0-343ab93e1fcca9902075bb4fc297547c.webp\" alt=\"\" class=\"wp-image-49965\" srcset=\"https:\/\/radiojehona.mk\/wp-content\/uploads\/2026\/04\/800-0-343ab93e1fcca9902075bb4fc297547c.webp 800w, https:\/\/radiojehona.mk\/wp-content\/uploads\/2026\/04\/800-0-343ab93e1fcca9902075bb4fc297547c-300x200.webp 300w, https:\/\/radiojehona.mk\/wp-content\/uploads\/2026\/04\/800-0-343ab93e1fcca9902075bb4fc297547c-768x512.webp 768w\" sizes=\"(max-width: 800px) 100vw, 800px\" \/><\/figure>\n\n\n\n<p>Meta po shkel ligjin e Bashkimit Evropian duke mos i penguar f\u00ebmij\u00ebt n\u00ebn 13 vje\u00e7 t\u00eb p\u00ebrdorin platformat e saj t\u00eb mediave sociale Instagram dhe Facebook, sipas nj\u00eb gjetjeje paraprake nga Komisioni Evropian, dhe potencialisht mund t\u00eb p\u00ebrballet me nj\u00eb gjob\u00eb t\u00eb madhe.<\/p>\n\n\n\n<p>\u201cKushtet e p\u00ebrgjithshme t\u00eb Met\u00ebs tregojn\u00eb se sh\u00ebrbimet e tyre nuk jan\u00eb t\u00eb destinuara p\u00ebr t\u00eb mitur n\u00ebn 13 vje\u00e7. Megjithat\u00eb, gjetjet tona paraprake tregojn\u00eb se Instagram dhe Facebook po b\u00ebjn\u00eb shum\u00eb pak p\u00ebr t\u00eb parandaluar f\u00ebmij\u00ebt n\u00ebn k\u00ebt\u00eb mosh\u00eb t\u00eb hyjn\u00eb n\u00eb sh\u00ebrbimet e tyre\u201d, tha sot z\u00ebvend\u00ebspresidentja e Komisionit Evropian, Henna Virkkunen.<\/p>\n\n\n\n<p>\u201dMasat q\u00eb jan\u00eb aktualisht n\u00eb fuqi p\u00ebr t\u00eb parandaluar t\u00eb miturit n\u00ebn mosh\u00ebn 13 vje\u00e7 t\u00eb hyjn\u00eb n\u00eb platforma, si dhe ato q\u00eb synojn\u00eb t\u00eb identifikojn\u00eb p\u00ebrdoruesit e mitur dhe t\u2019i largojn\u00eb ata, duket se jan\u00eb joefektive\u201d, tha komisioni.<\/p>\n\n\n\n<p>Gjiganti amerikan i teknologjis\u00eb tani mund t\u2019i p\u00ebrgjigjet akuzave t\u00eb komisionit dhe potencialisht t\u00eb prezantoj\u00eb ndryshime.<\/p>\n\n\n\n<p>N\u00ebse gjetjet e komisionit konfirmohen p\u00ebrfundimisht, Meta mund t\u00eb p\u00ebrballet me nj\u00eb gjob\u00eb deri n\u00eb 6% t\u00eb xhiros s\u00eb saj totale vjetore n\u00eb t\u00eb gjith\u00eb bot\u00ebn.<\/p>\n\n\n\n<p><a target=\"_blank\" rel=\"noreferrer noopener\" href=\"https:\/\/lifetechadviser.com\/emsense-en-c\"><\/a><\/p>\n","protected":false},"excerpt":{"rendered":"<p>Meta po shkel ligjin e Bashkimit Evropian duke mos i penguar f&euml;mij&euml;t n&euml;n 13 vje&ccedil; t&euml; p&euml;rdorin platformat e saj t&euml; mediave sociale Instagram dhe Facebook, sipas nj&euml; gjetjeje paraprake nga Komisioni Evropian, dhe potencialisht mund t&euml; p&euml;rballet me nj&euml; gjob&euml; t&euml; madhe. &ldquo;Kushtet e p&euml;rgjithshme t&euml; Met&euml;s tregojn&euml; se sh&euml;rbimet e tyre nuk jan&euml; [&hellip;]<\/p>\n","protected":false},"author":2,"featured_media":49965,"comment_status":"open","ping_status":"closed","sticky":false,"template":"","format":"standard","meta":{"_monsterinsights_skip_tracking":false,"_monsterinsights_sitenote_active":false,"_monsterinsights_sitenote_note":"","_monsterinsights_sitenote_category":0,"footnotes":""},"categories":[569],"tags":[],"class_list":["post-49964","post","type-post","status-publish","format-standard","has-post-thumbnail","hentry","category-bota"],"_links":{"self":[{"href":"https:\/\/radiojehona.mk\/index.php?rest_route=\/wp\/v2\/posts\/49964","targetHints":{"allow":["GET"]}}],"collection":[{"href":"https:\/\/radiojehona.mk\/index.php?rest_route=\/wp\/v2\/posts"}],"about":[{"href":"https:\/\/radiojehona.mk\/index.php?rest_route=\/wp\/v2\/types\/post"}],"author":[{"embeddable":true,"href":"https:\/\/radiojehona.mk\/index.php?rest_route=\/wp\/v2\/users\/2"}],"replies":[{"embeddable":true,"href":"https:\/\/radiojehona.mk\/index.php?rest_route=%2Fwp%2Fv2%2Fcomments&post=49964"}],"version-history":[{"count":1,"href":"https:\/\/radiojehona.mk\/index.php?rest_route=\/wp\/v2\/posts\/49964\/revisions"}],"predecessor-version":[{"id":49966,"href":"https:\/\/radiojehona.mk\/index.php?rest_route=\/wp\/v2\/posts\/49964\/revisions\/49966"}],"wp:featuredmedia":[{"embeddable":true,"href":"https:\/\/radiojehona.mk\/index.php?rest_route=\/wp\/v2\/media\/49965"}],"wp:attachment":[{"href":"https:\/\/radiojehona.mk\/index.php?rest_route=%2Fwp%2Fv2%2Fmedia&parent=49964"}],"wp:term":[{"taxonomy":"category","embeddable":true,"href":"https:\/\/radiojehona.mk\/index.php?rest_route=%2Fwp%2Fv2%2Fcategories&post=49964"},{"taxonomy":"post_tag","embeddable":true,"href":"https:\/\/radiojehona.mk\/index.php?rest_route=%2Fwp%2Fv2%2Ftags&post=49964"}],"curies":[{"name":"wp","href":"https:\/\/api.w.org\/{rel}","templated":true}]}}