{"id":49961,"date":"2026-04-29T12:34:16","date_gmt":"2026-04-29T12:34:16","guid":{"rendered":"https:\/\/radiojehona.mk\/?p=49961"},"modified":"2026-04-29T12:34:16","modified_gmt":"2026-04-29T12:34:16","slug":"kriza-e-karburanteve-cilat-kompani-jane-prekur-dhe-cfare-ka-ndodhur-me-cmimet-e-biletave","status":"publish","type":"post","link":"https:\/\/radiojehona.mk\/?p=49961","title":{"rendered":"Kriza e karburanteve, cilat kompani jan\u00eb prekur dhe \u00e7far\u00eb ka ndodhur me \u00e7mimet e biletave"},"content":{"rendered":"\n<figure class=\"wp-block-image size-large\"><img fetchpriority=\"high\" decoding=\"async\" width=\"1024\" height=\"538\" src=\"https:\/\/radiojehona.mk\/wp-content\/uploads\/2026\/04\/1200-630-avion-1024x538.jpg\" alt=\"\" class=\"wp-image-49962\" srcset=\"https:\/\/radiojehona.mk\/wp-content\/uploads\/2026\/04\/1200-630-avion-1024x538.jpg 1024w, https:\/\/radiojehona.mk\/wp-content\/uploads\/2026\/04\/1200-630-avion-300x158.jpg 300w, https:\/\/radiojehona.mk\/wp-content\/uploads\/2026\/04\/1200-630-avion-768x403.jpg 768w, https:\/\/radiojehona.mk\/wp-content\/uploads\/2026\/04\/1200-630-avion.jpg 1200w\" sizes=\"(max-width: 1024px) 100vw, 1024px\" \/><\/figure>\n\n\n\n<p>Sektori i aviacionit n\u00eb Europ\u00eb po p\u00ebrballet me nj\u00eb val\u00eb t\u00eb re tronditjeje p\u00ebr shkak t\u00eb rritjes drastike t\u00eb \u00e7mimeve t\u00eb karburantit ajror, e lidhur drejtp\u00ebrdrejt me tensionet n\u00eb Lindjen e Mesme.<\/p>\n\n\n\n<p>Kompanit\u00eb ajrore kan\u00eb nisur t\u00eb shkurtojn\u00eb oraret e fluturimeve dhe t\u00eb transferojn\u00eb kostot tek udh\u00ebtar\u00ebt, pik\u00ebrisht n\u00eb prag t\u00eb sezonit veror.<\/p>\n\n\n\n<p>Sipas International Air Transport Association (IATA), \u00e7mimet e karburantit p\u00ebr avion\u00eb n\u00eb Europ\u00eb jan\u00eb rritur me 105.7% krahasuar me nj\u00eb vit m\u00eb par\u00eb, duke v\u00ebn\u00eb n\u00eb pik\u00ebpyetje planet e udh\u00ebtimeve p\u00ebr ver\u00ebn.<\/p>\n\n\n\n<p>Kjo situat\u00eb ka detyruar disa nga kompanit\u00eb m\u00eb t\u00eb m\u00ebdha ajrore t\u00eb nd\u00ebrmarrin masa drastike. Transavia, pjes\u00eb e grupit Air France-KLM, ka nisur anulimin e nj\u00eb pjese t\u00eb fluturimeve p\u00ebr muajt maj dhe qershor.<\/p>\n\n\n\n<p>Pasagjer\u00ebve t\u00eb prekur po u ofrohet rimbursim i plot\u00eb, kupon ose rirezervim falas.<\/p>\n\n\n\n<p>N\u00eb t\u00eb nj\u00ebjt\u00ebn linj\u00eb, KLM ka konfirmuar anulimin e rreth 160 fluturimeve nga dhe drejt aeroportit Schiphol n\u00eb maj, duke argumentuar se kostot e larta t\u00eb karburantit i kan\u00eb b\u00ebr\u00eb k\u00ebto linja financiarisht t\u00eb paq\u00ebndrueshme.<\/p>\n\n\n\n<p>Edhe Turkish Airlines po redukton ndjesh\u00ebm operacionet, duke pezulluar 18 linja nd\u00ebrkomb\u00ebtare dhe duke ulur frekuencat n\u00eb shum\u00eb destinacione n\u00eb Europ\u00eb, Afrik\u00eb dhe Azi.<\/p>\n\n\n\n<p>Nd\u00ebr destinacionet e prekura p\u00ebrfshihen qytete si Hurghada, Leipzig, Havana dhe Luanda, nd\u00ebrsa disa linja jan\u00eb hequr plot\u00ebsisht nga programi i vitit 2027.<\/p>\n\n\n\n<p>Nd\u00ebrkoh\u00eb, kompania SunExpress, nj\u00eb bashk\u00ebpunim mes Turkish Airlines dhe Lufthansa, ka vendosur nj\u00eb tarif\u00eb shtes\u00eb prej 10 euro p\u00ebr \u00e7do pasagjer n\u00eb fluturimet nga Turqia drejt Europ\u00ebs, duke e justifikuar si \u201ctarif\u00eb e p\u00ebrkohshme karburanti\u201d.<\/p>\n\n\n\n<p>Vet\u00eb Lufthansa ka njoftuar m\u00eb her\u00ebt anulimin e rreth 20 mij\u00eb fluturimeve p\u00ebr t\u00eb p\u00ebrballuar kostot n\u00eb rritje, duke sinjalizuar p\u00ebrmasat e kriz\u00ebs q\u00eb po prek industrin\u00eb.<\/p>\n\n\n\n<p>Megjithat\u00eb, jo t\u00eb gjitha lajmet jan\u00eb negative p\u00ebr udh\u00ebtar\u00ebt.<\/p>\n\n\n\n<p>Grupi turistik TUI ka deklaruar se nuk do t\u00eb rris\u00eb \u00e7mimet p\u00ebr klient\u00ebt q\u00eb kan\u00eb rezervuar tashm\u00eb pushimet, duke garantuar se nuk do t\u00eb aplikohen tarifa shtes\u00eb p\u00ebr karburantin n\u00eb k\u00ebto raste.<\/p>\n\n\n\n<p>N\u00eb t\u00ebr\u00ebsi, zhvillimet e fundit tregojn\u00eb se kriza e karburantit po p\u00ebrkthehet drejtp\u00ebrdrejt n\u00eb m\u00eb pak fluturime dhe kosto m\u00eb t\u00eb larta p\u00ebr pasagjer\u00ebt, duke e b\u00ebr\u00eb sezonin veror m\u00eb t\u00eb pasigurt se zakonisht p\u00ebr tregun e udh\u00ebtimeve ajrore. <\/p>\n","protected":false},"excerpt":{"rendered":"<p>Sektori i aviacionit n&euml; Europ&euml; po p&euml;rballet me nj&euml; val&euml; t&euml; re tronditjeje p&euml;r shkak t&euml; rritjes drastike t&euml; &ccedil;mimeve t&euml; karburantit ajror, e lidhur drejtp&euml;rdrejt me tensionet n&euml; Lindjen e Mesme. Kompanit&euml; ajrore kan&euml; nisur t&euml; shkurtojn&euml; oraret e fluturimeve dhe t&euml; transferojn&euml; kostot tek udh&euml;tar&euml;t, pik&euml;risht n&euml; prag t&euml; sezonit veror. Sipas International [&hellip;]<\/p>\n","protected":false},"author":2,"featured_media":49962,"comment_status":"open","ping_status":"closed","sticky":false,"template":"","format":"standard","meta":{"_monsterinsights_skip_tracking":false,"_monsterinsights_sitenote_active":false,"_monsterinsights_sitenote_note":"","_monsterinsights_sitenote_category":0,"footnotes":""},"categories":[569],"tags":[],"class_list":["post-49961","post","type-post","status-publish","format-standard","has-post-thumbnail","hentry","category-bota"],"_links":{"self":[{"href":"https:\/\/radiojehona.mk\/index.php?rest_route=\/wp\/v2\/posts\/49961","targetHints":{"allow":["GET"]}}],"collection":[{"href":"https:\/\/radiojehona.mk\/index.php?rest_route=\/wp\/v2\/posts"}],"about":[{"href":"https:\/\/radiojehona.mk\/index.php?rest_route=\/wp\/v2\/types\/post"}],"author":[{"embeddable":true,"href":"https:\/\/radiojehona.mk\/index.php?rest_route=\/wp\/v2\/users\/2"}],"replies":[{"embeddable":true,"href":"https:\/\/radiojehona.mk\/index.php?rest_route=%2Fwp%2Fv2%2Fcomments&post=49961"}],"version-history":[{"count":1,"href":"https:\/\/radiojehona.mk\/index.php?rest_route=\/wp\/v2\/posts\/49961\/revisions"}],"predecessor-version":[{"id":49963,"href":"https:\/\/radiojehona.mk\/index.php?rest_route=\/wp\/v2\/posts\/49961\/revisions\/49963"}],"wp:featuredmedia":[{"embeddable":true,"href":"https:\/\/radiojehona.mk\/index.php?rest_route=\/wp\/v2\/media\/49962"}],"wp:attachment":[{"href":"https:\/\/radiojehona.mk\/index.php?rest_route=%2Fwp%2Fv2%2Fmedia&parent=49961"}],"wp:term":[{"taxonomy":"category","embeddable":true,"href":"https:\/\/radiojehona.mk\/index.php?rest_route=%2Fwp%2Fv2%2Fcategories&post=49961"},{"taxonomy":"post_tag","embeddable":true,"href":"https:\/\/radiojehona.mk\/index.php?rest_route=%2Fwp%2Fv2%2Ftags&post=49961"}],"curies":[{"name":"wp","href":"https:\/\/api.w.org\/{rel}","templated":true}]}}