{"id":49953,"date":"2026-04-29T12:26:24","date_gmt":"2026-04-29T12:26:24","guid":{"rendered":"https:\/\/radiojehona.mk\/?p=49953"},"modified":"2026-04-29T12:26:24","modified_gmt":"2026-04-29T12:26:24","slug":"kosova-pa-president-kur-do-te-mbahen-zgjedhjet-e-reja-te-parakohshme","status":"publish","type":"post","link":"https:\/\/radiojehona.mk\/?p=49953","title":{"rendered":"Kosova pa president! Kur do t\u00eb mbahen zgjedhjet e reja t\u00eb parakohshme?"},"content":{"rendered":"\n<figure class=\"wp-block-image size-full\"><img fetchpriority=\"high\" decoding=\"async\" width=\"952\" height=\"523\" src=\"https:\/\/radiojehona.mk\/wp-content\/uploads\/2026\/04\/1-13.jpg\" alt=\"\" class=\"wp-image-49954\" srcset=\"https:\/\/radiojehona.mk\/wp-content\/uploads\/2026\/04\/1-13.jpg 952w, https:\/\/radiojehona.mk\/wp-content\/uploads\/2026\/04\/1-13-300x165.jpg 300w, https:\/\/radiojehona.mk\/wp-content\/uploads\/2026\/04\/1-13-768x422.jpg 768w\" sizes=\"(max-width: 952px) 100vw, 952px\" \/><\/figure>\n\n\n\n<p>Komisioni Qendror i Zgjedhjeve n\u00eb Kosov\u00eb tani ka pak m\u00eb shum\u00eb se nj\u00eb muaj koh\u00eb p\u00ebr t\u2019i p\u00ebrgatitur dhe zhvilluar zgjedhjet e reja t\u00eb parakohshme parlamentare, t\u00eb tretat radhazi brenda rreth nj\u00eb vitit e gjysm\u00eb.<\/p>\n\n\n\n<p>Zgjedhjet e reja vijn\u00eb pasi Kuvendi d\u00ebshtoi ta zgjedh\u00eb nj\u00eb president t\u00eb ri brenda afatit, duke e zhytur vendin n\u00eb nj\u00eb kriz\u00eb t\u00eb re politike.<\/p>\n\n\n\n<p>Kuvendi kishte afat deri n\u00eb mesnat\u00ebn e s\u00eb mart\u00ebs p\u00ebr ta zgjedhur kreun e shtetit, pasi mandati i presidentes Vjosa Osmani p\u00ebrfundoi n\u00eb fillim t\u00eb prillit. Por, kryeministri Albin Kurti dhe partit\u00eb opozitare nuk arrit\u00ebn marr\u00ebveshje p\u00ebr zgjedhjen e presidentit t\u00eb ri.<\/p>\n\n\n\n<p>Cilat jan\u00eb data e mundshme p\u00ebr dit\u00ebn e zgjedhjeve?<\/p>\n\n\n\n<p>Jan\u00eb vet\u00ebm dy data t\u00eb mundshme p\u00ebr mbajtjen e zgjedhjeve t\u00eb reja t\u00eb parakohshme sipas procedurave ligjore: 31 maj dhe 7 qershor, sipas Melos Kolshit, hulumtues n\u00eb Institutin e Kosov\u00ebs p\u00ebr Drejt\u00ebsi (IKD).<\/p>\n\n\n\n<p>P\u00ebr shkak se presidenti nuk u zgjodh brenda afatit prej 34 dit\u00ebsh q\u00eb Gjykata Kushtetuese e kishte vendosur n\u00eb nj\u00eb aktgjykim n\u00eb mars, Kuvendi u shp\u00ebrnda automatikisht m\u00eb 28 prill, shpjegon Kolshi p\u00ebr Radion Evropa e Lir\u00eb (REL).<\/p>\n\n\n\n<p>P\u00ebrndarja e Kuvendit, sipas tij, n\u00ebnkupton nisjen e menj\u00ebhershme t\u00eb procesit drejt zgjedhjeve t\u00eb reja, t\u00eb cilat duhet t\u00eb mbahen brenda 45 dit\u00ebve t\u00eb ardhshme.<\/p>\n\n\n\n<p>\u201cN\u00eb k\u00ebt\u00eb m\u00ebnyr\u00eb, pas d\u00ebshtimit t\u00eb Kuvendit p\u00ebr t\u00eb zgjedhur presidentin, krijohet nj\u00eb rend i detyruesh\u00ebm veprimesh: s\u00eb pari, shp\u00ebrndarja automatike e Kuvendit si pasoj\u00eb kushtetuese; s\u00eb dyti, aktivizimi i kompetenc\u00ebs s\u00eb ushtrueses s\u00eb detyr\u00ebs s\u00eb presidentit p\u00ebr caktimin e dat\u00ebs s\u00eb zgjedhjeve; dhe s\u00eb treti, organizimi i zgjedhjeve t\u00eb parakohshme brenda afateve t\u00eb p\u00ebrcaktuara ligjore\u201d, thot\u00eb Kolshi p\u00ebr REL-in.<\/p>\n\n\n\n<p>Si caktohet data e zgjedhjeve?<\/p>\n\n\n\n<p>Ushtruesja e detyr\u00ebs s\u00eb presidentit, Albulena Haxhiu, duhet tani t\u2019i ftoj\u00eb partit\u00eb politike n\u00eb takim p\u00ebr t\u00eb biseduar p\u00ebr dat\u00ebn e parap\u00eblqyer p\u00ebr mbajt\u00ebn e zgjedhjeve.<\/p>\n\n\n\n<p>K\u00ebt\u00eb her\u00eb, ato do ta ken\u00eb m\u00eb t\u00eb leht\u00eb t\u00eb zgjedhin, sepse kan\u00eb vet\u00ebm dy opsione: 31 majin, ose 7 qershorin.<\/p>\n\n\n\n<p>Pas nj\u00eb takimi t\u00eb till\u00eb dhe pajtueshm\u00ebris\u00eb p\u00ebr dat\u00ebn e zgjedhjeve, Haxhiu duhet ta shpall\u00eb zyrtarisht dat\u00ebn e zgjedhjeve t\u00eb parakohshme dhe ajo ka koh\u00eb deri n\u00eb fund t\u00eb jav\u00ebs s\u00eb ardhshme p\u00ebr ta b\u00ebr\u00eb k\u00ebt\u00eb.<\/p>\n\n\n\n<p>\u201cKy vendim duhet t\u00eb merret brenda nj\u00eb afati prej 10 dit\u00ebsh nga dita e shp\u00ebrndarjes s\u00eb Kuvendit, nd\u00ebrsa data e zgjedhjeve duhet t\u00eb jet\u00eb n\u00eb p\u00ebrputhje me kufijt\u00eb kohor\u00eb t\u00eb p\u00ebrcaktuar me ligj, p\u00ebrkat\u00ebsisht zgjedhjet nuk mund t\u00eb mbahen m\u00eb her\u00ebt se tridhjet\u00eb (30) dit\u00eb dhe jo m\u00eb von\u00eb se dyzet e pes\u00eb (45) dit\u00eb nga dita e shp\u00ebrndarjes\u201d, tregon Kolshi.<\/p>\n\n\n\n<p>Pse vet\u00ebm dy data t\u00eb mundshme?<\/p>\n\n\n\n<p>Gjith\u00eb k\u00ebto zhvillime kan\u00eb b\u00ebr\u00eb q\u00eb t\u00eb mos ket\u00eb shum\u00eb opsione.<\/p>\n\n\n\n<p>P\u00ebrve\u00e7 afatit kohor prej 30 deri n\u00eb 45 dit\u00eb pas shp\u00ebrndarjes s\u00eb Kuvendit, ekziston edhe nj\u00eb praktik\u00eb zgjedhore n\u00eb vend q\u00eb l\u00eb kaq pak hap\u00ebsir\u00eb: mbajtja e zgjedhjeve n\u00eb nj\u00eb dit\u00eb fundjave.<\/p>\n\n\n\n<p>\u201cGjithashtu, ligji k\u00ebrkon q\u00eb zgjedhjet t\u00eb mbahen n\u00eb nj\u00eb dit\u00eb t\u00eb diel, duke respektuar praktik\u00ebn dhe standardet zgjedhore; n\u00eb k\u00ebt\u00eb rast konkret, duke pasur parasysh se data e shp\u00ebrndarjes s\u00eb Kuvendit \u00ebsht\u00eb 28 prill, datat e mundshme p\u00ebr mbajtjen e zgjedhjeve jan\u00eb 31 maj dhe 7 qershor\u201d, shpjegon Kolshi.<\/p>\n\n\n\n<p>Sipas Kolshit, ky zhvillim p\u00ebrfaq\u00ebson nj\u00eb shembull tipik t\u00eb m\u00ebnyr\u00ebs se si Gjykata Kushtetuese, p\u00ebrmes interpretimit t\u00eb saj, ka sakt\u00ebsuar dhe operacionalizuar normat kushtetuese, duke krijuar nj\u00eb mekaniz\u00ebm t\u00eb qart\u00eb dhe automatik p\u00ebr zgjidhjen e krizave institucionale.<\/p>\n\n\n\n<p>\u201cNj\u00ebkoh\u00ebsisht e ka kufizuar hap\u00ebsir\u00ebn p\u00ebr nd\u00ebrhyrje diskrecionale nga ana e ushtrueses s\u00eb presidentit n\u00eb k\u00ebt\u00eb rast, e po ashtu ka kufizuar mund\u00ebsit\u00eb p\u00ebr ndonj\u00eb abuzim eventual me t\u00eb drejtat e afatet nga ndonj\u00eb subjekt\u201d, p\u00ebrfundon ai.\/ REL<\/p>\n","protected":false},"excerpt":{"rendered":"<p>Komisioni Qendror i Zgjedhjeve n&euml; Kosov&euml; tani ka pak m&euml; shum&euml; se nj&euml; muaj koh&euml; p&euml;r t&rsquo;i p&euml;rgatitur dhe zhvilluar zgjedhjet e reja t&euml; parakohshme parlamentare, t&euml; tretat radhazi brenda rreth nj&euml; vitit e gjysm&euml;. Zgjedhjet e reja vijn&euml; pasi Kuvendi d&euml;shtoi ta zgjedh&euml; nj&euml; president t&euml; ri brenda afatit, duke e zhytur vendin n&euml; [&hellip;]<\/p>\n","protected":false},"author":2,"featured_media":49954,"comment_status":"open","ping_status":"closed","sticky":false,"template":"","format":"standard","meta":{"_monsterinsights_skip_tracking":false,"_monsterinsights_sitenote_active":false,"_monsterinsights_sitenote_note":"","_monsterinsights_sitenote_category":0,"footnotes":""},"categories":[576],"tags":[],"class_list":["post-49953","post","type-post","status-publish","format-standard","has-post-thumbnail","hentry","category-rajoni"],"_links":{"self":[{"href":"https:\/\/radiojehona.mk\/index.php?rest_route=\/wp\/v2\/posts\/49953","targetHints":{"allow":["GET"]}}],"collection":[{"href":"https:\/\/radiojehona.mk\/index.php?rest_route=\/wp\/v2\/posts"}],"about":[{"href":"https:\/\/radiojehona.mk\/index.php?rest_route=\/wp\/v2\/types\/post"}],"author":[{"embeddable":true,"href":"https:\/\/radiojehona.mk\/index.php?rest_route=\/wp\/v2\/users\/2"}],"replies":[{"embeddable":true,"href":"https:\/\/radiojehona.mk\/index.php?rest_route=%2Fwp%2Fv2%2Fcomments&post=49953"}],"version-history":[{"count":1,"href":"https:\/\/radiojehona.mk\/index.php?rest_route=\/wp\/v2\/posts\/49953\/revisions"}],"predecessor-version":[{"id":49955,"href":"https:\/\/radiojehona.mk\/index.php?rest_route=\/wp\/v2\/posts\/49953\/revisions\/49955"}],"wp:featuredmedia":[{"embeddable":true,"href":"https:\/\/radiojehona.mk\/index.php?rest_route=\/wp\/v2\/media\/49954"}],"wp:attachment":[{"href":"https:\/\/radiojehona.mk\/index.php?rest_route=%2Fwp%2Fv2%2Fmedia&parent=49953"}],"wp:term":[{"taxonomy":"category","embeddable":true,"href":"https:\/\/radiojehona.mk\/index.php?rest_route=%2Fwp%2Fv2%2Fcategories&post=49953"},{"taxonomy":"post_tag","embeddable":true,"href":"https:\/\/radiojehona.mk\/index.php?rest_route=%2Fwp%2Fv2%2Ftags&post=49953"}],"curies":[{"name":"wp","href":"https:\/\/api.w.org\/{rel}","templated":true}]}}