{"id":49950,"date":"2026-04-29T12:24:48","date_gmt":"2026-04-29T12:24:48","guid":{"rendered":"https:\/\/radiojehona.mk\/?p=49950"},"modified":"2026-04-29T12:24:48","modified_gmt":"2026-04-29T12:24:48","slug":"parku-kombetar-mali-sharr-pjese-e-projektit-evropian-per-mbrojtjen-e-ariut-te-murrme","status":"publish","type":"post","link":"https:\/\/radiojehona.mk\/?p=49950","title":{"rendered":"Parku Komb\u00ebtar \u201cMali Sharr\u201d, pjes\u00eb e projektit evropian p\u00ebr mbrojtjen e ariut t\u00eb murrm\u00eb"},"content":{"rendered":"\n<figure class=\"wp-block-image size-large\"><img fetchpriority=\"high\" decoding=\"async\" width=\"1024\" height=\"682\" src=\"https:\/\/radiojehona.mk\/wp-content\/uploads\/2026\/04\/BearWildSwedensmall-1024x682.webp\" alt=\"\" class=\"wp-image-49951\" srcset=\"https:\/\/radiojehona.mk\/wp-content\/uploads\/2026\/04\/BearWildSwedensmall-1024x682.webp 1024w, https:\/\/radiojehona.mk\/wp-content\/uploads\/2026\/04\/BearWildSwedensmall-300x200.webp 300w, https:\/\/radiojehona.mk\/wp-content\/uploads\/2026\/04\/BearWildSwedensmall-768x511.webp 768w, https:\/\/radiojehona.mk\/wp-content\/uploads\/2026\/04\/BearWildSwedensmall.webp 1200w\" sizes=\"(max-width: 1024px) 100vw, 1024px\" \/><\/figure>\n\n\n\n<p>Parku Komb\u00ebtar \u201cMali Sharr\u201d tashm\u00eb \u00ebsht\u00eb pjes\u00eb e projektin evropian LIFE DinPin Bear, i cili do t\u00eb zbatohet deri n\u00eb vitin 2031 n\u00eb n\u00ebnt\u00eb shtete me q\u00ebllim mbrojtjen e popullat\u00ebs dino-pindike t\u00eb ariut t\u00eb murrm\u00eb.<\/p>\n\n\n\n<p>Sipas njoftimit t\u00eb k\u00ebtij institucioni, parku do t\u00eb kontribuoj\u00eb n\u00eb monitorimin e terrenit p\u00ebrmes kamerave \u201ckurth\u201d, k\u00ebrkimeve shkencore dhe mbledhjes s\u00eb t\u00eb dh\u00ebnave p\u00ebr shp\u00ebrndarjen dhe l\u00ebvizjen e arinjve.<\/p>\n\n\n\n<p>Nga monitorimi i vitit 2025, raportohet p\u00ebr popullat\u00eb stabile, rritje t\u00eb numrit t\u00eb k\u00eblysh\u00ebve, si dhe sfida t\u00eb lidhura me mbeturinat dhe shqet\u00ebsimet njer\u00ebzore, me disa raste t\u00eb d\u00ebmeve materiale.<a href=\"https:\/\/www.ora24.tv\/parku-kombetar-mali-sharr-pjese-e-projektit-evropian-per-mbrojtjen-e-ariut-te-murrme\/#\"><\/a><\/p>\n\n\n\n<p>Autoritetet apelojn\u00eb p\u00ebr kujdes nga vizitor\u00ebt dhe banor\u00ebt lokal\u00eb, ve\u00e7an\u00ebrisht n\u00eb menaxhimin e mbeturinave, p\u00ebr t\u00eb shmangur konfliktet mes njer\u00ebzve dhe kafsh\u00ebve t\u00eb egra.<\/p>\n\n\n\n<p><\/p>\n","protected":false},"excerpt":{"rendered":"<p>Parku Komb&euml;tar &ldquo;Mali Sharr&rdquo; tashm&euml; &euml;sht&euml; pjes&euml; e projektin evropian LIFE DinPin Bear, i cili do t&euml; zbatohet deri n&euml; vitin 2031 n&euml; n&euml;nt&euml; shtete me q&euml;llim mbrojtjen e popullat&euml;s dino-pindike t&euml; ariut t&euml; murrm&euml;. Sipas njoftimit t&euml; k&euml;tij institucioni, parku do t&euml; kontribuoj&euml; n&euml; monitorimin e terrenit p&euml;rmes kamerave &ldquo;kurth&rdquo;, k&euml;rkimeve shkencore dhe mbledhjes [&hellip;]<\/p>\n","protected":false},"author":2,"featured_media":49951,"comment_status":"open","ping_status":"closed","sticky":false,"template":"","format":"standard","meta":{"_monsterinsights_skip_tracking":false,"_monsterinsights_sitenote_active":false,"_monsterinsights_sitenote_note":"","_monsterinsights_sitenote_category":0,"footnotes":""},"categories":[1],"tags":[],"class_list":["post-49950","post","type-post","status-publish","format-standard","has-post-thumbnail","hentry","category-vendi"],"_links":{"self":[{"href":"https:\/\/radiojehona.mk\/index.php?rest_route=\/wp\/v2\/posts\/49950","targetHints":{"allow":["GET"]}}],"collection":[{"href":"https:\/\/radiojehona.mk\/index.php?rest_route=\/wp\/v2\/posts"}],"about":[{"href":"https:\/\/radiojehona.mk\/index.php?rest_route=\/wp\/v2\/types\/post"}],"author":[{"embeddable":true,"href":"https:\/\/radiojehona.mk\/index.php?rest_route=\/wp\/v2\/users\/2"}],"replies":[{"embeddable":true,"href":"https:\/\/radiojehona.mk\/index.php?rest_route=%2Fwp%2Fv2%2Fcomments&post=49950"}],"version-history":[{"count":1,"href":"https:\/\/radiojehona.mk\/index.php?rest_route=\/wp\/v2\/posts\/49950\/revisions"}],"predecessor-version":[{"id":49952,"href":"https:\/\/radiojehona.mk\/index.php?rest_route=\/wp\/v2\/posts\/49950\/revisions\/49952"}],"wp:featuredmedia":[{"embeddable":true,"href":"https:\/\/radiojehona.mk\/index.php?rest_route=\/wp\/v2\/media\/49951"}],"wp:attachment":[{"href":"https:\/\/radiojehona.mk\/index.php?rest_route=%2Fwp%2Fv2%2Fmedia&parent=49950"}],"wp:term":[{"taxonomy":"category","embeddable":true,"href":"https:\/\/radiojehona.mk\/index.php?rest_route=%2Fwp%2Fv2%2Fcategories&post=49950"},{"taxonomy":"post_tag","embeddable":true,"href":"https:\/\/radiojehona.mk\/index.php?rest_route=%2Fwp%2Fv2%2Ftags&post=49950"}],"curies":[{"name":"wp","href":"https:\/\/api.w.org\/{rel}","templated":true}]}}