{"id":49947,"date":"2026-04-29T12:22:21","date_gmt":"2026-04-29T12:22:21","guid":{"rendered":"https:\/\/radiojehona.mk\/?p=49947"},"modified":"2026-04-29T12:22:22","modified_gmt":"2026-04-29T12:22:22","slug":"mbi-600-abuzime-me-femije-per-6-vjet-viktima-me-e-vogel-3-vjece","status":"publish","type":"post","link":"https:\/\/radiojehona.mk\/?p=49947","title":{"rendered":"Mbi 600 abuzime me f\u00ebmij\u00eb p\u00ebr 6 vjet, viktima m\u00eb e vog\u00ebl 3-vje\u00e7e"},"content":{"rendered":"\n<figure class=\"wp-block-image size-full\"><img fetchpriority=\"high\" decoding=\"async\" width=\"847\" height=\"558\" src=\"https:\/\/radiojehona.mk\/wp-content\/uploads\/2026\/04\/1b7b9f33-5307-4d80-87da-fe4857c374e8.jpg\" alt=\"\" class=\"wp-image-49948\" srcset=\"https:\/\/radiojehona.mk\/wp-content\/uploads\/2026\/04\/1b7b9f33-5307-4d80-87da-fe4857c374e8.jpg 847w, https:\/\/radiojehona.mk\/wp-content\/uploads\/2026\/04\/1b7b9f33-5307-4d80-87da-fe4857c374e8-300x198.jpg 300w, https:\/\/radiojehona.mk\/wp-content\/uploads\/2026\/04\/1b7b9f33-5307-4d80-87da-fe4857c374e8-768x506.jpg 768w\" sizes=\"(max-width: 847px) 100vw, 847px\" \/><\/figure>\n\n\n\n<p>&nbsp;Zyra e Avokatit t\u00eb Popullit ngre shqet\u00ebsimin p\u00ebr gjendjen alarmante me rastet e abuzimit seksual t\u00eb f\u00ebmij\u00ebve n\u00eb Maqedoni. Statistikat jan\u00eb trondit\u00ebse. Sipas analiz\u00ebs, prej vitit 2020 deri n\u00eb fund t\u00eb vitit 2025 institucionet kan\u00eb regjistruar 604 raste t\u00eb abuzimit seksual t\u00eb f\u00ebmij\u00ebve, nd\u00ebrsa shumica e viktimave jan\u00eb t\u00eb gjinis\u00eb fem\u00ebrore. Pjesa m\u00eb e madhe e rasteve kan\u00eb t\u00eb b\u00ebjn\u00eb me vepra t\u00eb r\u00ebnda penale si p\u00ebrdhunim i f\u00ebmij\u00ebs n\u00ebn 18-vje\u00e7, sulm gjinor dhe p\u00ebrdhunim dhe jetes\u00eb jasht\u00ebmartesore t\u00eb personave t\u00eb rritur me f\u00ebmij\u00eb.<\/p>\n\n\n\n<p>\u201cMbi 57% e viktimave jan\u00eb f\u00ebmij\u00eb n\u00eb mosh\u00eb prej 11 deri n\u00eb 15-vje\u00e7. Rreth 90% e viktimave jan\u00eb vajza, nd\u00ebrsa sipas p\u00ebrkat\u00ebsis\u00eb etnike t\u00eb viktimave numri m\u00eb i madh jan\u00eb maqedonas, nd\u00ebrsa t\u00eb dyt\u00eb jan\u00eb f\u00ebmij\u00ebt rom\u00eb mbi 28% prej viktimave, q\u00eb tregon edhe lidhjen mes abuzimit seksual dhe faktor\u00ebt varf\u00ebri, p\u00ebrjashtim social dhe qasje e kufizuar n\u00eb mbrojtjen institucionale. P\u00ebr fat t\u00eb keq jan\u00eb evidentuar raste t\u00eb abuzimit seksual edhe te f\u00ebmij\u00ebt nd\u00ebr 10-vje\u00e7, p\u00ebrfshir\u00eb dhe nj\u00eb f\u00ebmij\u00eb t\u00eb mosh\u00ebs deri n\u00eb mosh\u00ebn 3-vje\u00e7are\u201d, tha Vaska Bajramovska Mustafa, K\u00ebshilltare Shtet\u00ebrore n\u00eb Zyr\u00ebn e Avokatit t\u00eb Popullit .<\/p>\n\n\n\n<p>Situata b\u00ebhet edhe m\u00eb shqet\u00ebsuese duke e pasur parasysh se viktimat nuk kan\u00eb besim n\u00eb institucionet t\u00eb cilat, edhe ashtu veprojn\u00eb n\u00eb m\u00ebnyr\u00eb t\u00eb pakoordinuar dhe n\u00eb munges\u00eb t\u00eb kapaciteteve profesionale. \u201cAnaliza tregon p\u00ebr ekzistenc\u00ebn e stigmatizimit, frik\u00ebs dhe mosbesimit te viktimat dhe familjet e tyre, t\u00eb cilat shpesh refuzojn\u00eb t\u00eb bashk\u00ebpunojn\u00eb p\u00ebr shkak turpit. Heshtja e viktimave urdh\u00ebron n\u00eb domosdoshm\u00ebrin\u00eb p\u00ebr num\u00ebr m\u00eb t\u00eb madh t\u00eb mekanizmave t\u00eb besueshme p\u00ebr paraqitjen e rasteve t\u00eb k\u00ebtilla. P\u00ebrve\u00e7 k\u00ebsaj, analiza tregon n\u00eb dob\u00ebsi serioze n\u00eb veprimin e institucioneve. N\u00eb fakt, kur rastet do t\u00eb arrijn\u00eb tek institucionet, sistemi shpesh reagon n\u00eb m\u00ebnyr\u00eb t\u00eb fragmentuar, pa koordinim t\u00eb mjaftuesh\u00ebm dhe pa qasje t\u00eb p\u00ebrshtatur ndaj f\u00ebmij\u00ebs\u201d, tha Bajramovska Mustafa. (alsat-m)<\/p>\n\n\n\n<p><\/p>\n","protected":false},"excerpt":{"rendered":"<p>&nbsp;Zyra e Avokatit t&euml; Popullit ngre shqet&euml;simin p&euml;r gjendjen alarmante me rastet e abuzimit seksual t&euml; f&euml;mij&euml;ve n&euml; Maqedoni. Statistikat jan&euml; trondit&euml;se. Sipas analiz&euml;s, prej vitit 2020 deri n&euml; fund t&euml; vitit 2025 institucionet kan&euml; regjistruar 604 raste t&euml; abuzimit seksual t&euml; f&euml;mij&euml;ve, nd&euml;rsa shumica e viktimave jan&euml; t&euml; gjinis&euml; fem&euml;rore. Pjesa m&euml; e madhe [&hellip;]<\/p>\n","protected":false},"author":2,"featured_media":49948,"comment_status":"open","ping_status":"closed","sticky":false,"template":"","format":"standard","meta":{"_monsterinsights_skip_tracking":false,"_monsterinsights_sitenote_active":false,"_monsterinsights_sitenote_note":"","_monsterinsights_sitenote_category":0,"footnotes":""},"categories":[1],"tags":[],"class_list":["post-49947","post","type-post","status-publish","format-standard","has-post-thumbnail","hentry","category-vendi"],"_links":{"self":[{"href":"https:\/\/radiojehona.mk\/index.php?rest_route=\/wp\/v2\/posts\/49947","targetHints":{"allow":["GET"]}}],"collection":[{"href":"https:\/\/radiojehona.mk\/index.php?rest_route=\/wp\/v2\/posts"}],"about":[{"href":"https:\/\/radiojehona.mk\/index.php?rest_route=\/wp\/v2\/types\/post"}],"author":[{"embeddable":true,"href":"https:\/\/radiojehona.mk\/index.php?rest_route=\/wp\/v2\/users\/2"}],"replies":[{"embeddable":true,"href":"https:\/\/radiojehona.mk\/index.php?rest_route=%2Fwp%2Fv2%2Fcomments&post=49947"}],"version-history":[{"count":1,"href":"https:\/\/radiojehona.mk\/index.php?rest_route=\/wp\/v2\/posts\/49947\/revisions"}],"predecessor-version":[{"id":49949,"href":"https:\/\/radiojehona.mk\/index.php?rest_route=\/wp\/v2\/posts\/49947\/revisions\/49949"}],"wp:featuredmedia":[{"embeddable":true,"href":"https:\/\/radiojehona.mk\/index.php?rest_route=\/wp\/v2\/media\/49948"}],"wp:attachment":[{"href":"https:\/\/radiojehona.mk\/index.php?rest_route=%2Fwp%2Fv2%2Fmedia&parent=49947"}],"wp:term":[{"taxonomy":"category","embeddable":true,"href":"https:\/\/radiojehona.mk\/index.php?rest_route=%2Fwp%2Fv2%2Fcategories&post=49947"},{"taxonomy":"post_tag","embeddable":true,"href":"https:\/\/radiojehona.mk\/index.php?rest_route=%2Fwp%2Fv2%2Ftags&post=49947"}],"curies":[{"name":"wp","href":"https:\/\/api.w.org\/{rel}","templated":true}]}}