{"id":49944,"date":"2026-04-29T12:21:20","date_gmt":"2026-04-29T12:21:20","guid":{"rendered":"https:\/\/radiojehona.mk\/?p=49944"},"modified":"2026-04-29T12:21:20","modified_gmt":"2026-04-29T12:21:20","slug":"bastisje-ne-tetove-sekuestrohet-droge-arrestohet-26-vjecari","status":"publish","type":"post","link":"https:\/\/radiojehona.mk\/?p=49944","title":{"rendered":"Bastisje n\u00eb Tetov\u00eb: Sekuestrohet drog\u00eb, arrestohet 26-vje\u00e7ari!"},"content":{"rendered":"\n<figure class=\"wp-block-image size-full\"><img fetchpriority=\"high\" decoding=\"async\" width=\"696\" height=\"419\" src=\"https:\/\/radiojehona.mk\/wp-content\/uploads\/2026\/04\/2-1-696x419-1.jpg\" alt=\"\" class=\"wp-image-49945\" srcset=\"https:\/\/radiojehona.mk\/wp-content\/uploads\/2026\/04\/2-1-696x419-1.jpg 696w, https:\/\/radiojehona.mk\/wp-content\/uploads\/2026\/04\/2-1-696x419-1-300x181.jpg 300w\" sizes=\"(max-width: 696px) 100vw, 696px\" \/><\/figure>\n\n\n\n<p>MPB Maqedoni njofton se dje (28.04.2026) n\u00eb or\u00ebn 20:10, oficer\u00ebt e SPB Tetov\u00eb e privuan nga liria S.S. (26) nga fshati Re\u00e7ic\u00eb e Vog\u00ebl, rajoni i Tetov\u00ebs.<\/p>\n\n\n\n<p>\u201cGjat\u00eb nj\u00eb bastisje n\u00eb sht\u00ebpin\u00eb e tij n\u00eb Tetov\u00eb, ku ai po q\u00ebndronte, t\u00eb kryer me urdh\u00ebr gjykate, \u00ebsht\u00eb gjetur dhe konfiskuar marihuan\u00eb\u201d.<\/p>\n\n\n\n<p>\u201cAi po mbahet n\u00eb stacionin policor dhe pas dokumentimit t\u00eb rastit, kund\u00ebr tij do t\u00eb ngrihen kall\u00ebzime p\u00ebrkat\u00ebse\u201d, thon\u00eb nga MPB.<\/p>\n\n\n\n<p><\/p>\n","protected":false},"excerpt":{"rendered":"<p>MPB Maqedoni njofton se dje (28.04.2026) n&euml; or&euml;n 20:10, oficer&euml;t e SPB Tetov&euml; e privuan nga liria S.S. (26) nga fshati Re&ccedil;ic&euml; e Vog&euml;l, rajoni i Tetov&euml;s. &ldquo;Gjat&euml; nj&euml; bastisje n&euml; sht&euml;pin&euml; e tij n&euml; Tetov&euml;, ku ai po q&euml;ndronte, t&euml; kryer me urdh&euml;r gjykate, &euml;sht&euml; gjetur dhe konfiskuar marihuan&euml;&rdquo;. &ldquo;Ai po mbahet n&euml; stacionin [&hellip;]<\/p>\n","protected":false},"author":2,"featured_media":49945,"comment_status":"open","ping_status":"closed","sticky":false,"template":"","format":"standard","meta":{"_monsterinsights_skip_tracking":false,"_monsterinsights_sitenote_active":false,"_monsterinsights_sitenote_note":"","_monsterinsights_sitenote_category":0,"footnotes":""},"categories":[1],"tags":[],"class_list":["post-49944","post","type-post","status-publish","format-standard","has-post-thumbnail","hentry","category-vendi"],"_links":{"self":[{"href":"https:\/\/radiojehona.mk\/index.php?rest_route=\/wp\/v2\/posts\/49944","targetHints":{"allow":["GET"]}}],"collection":[{"href":"https:\/\/radiojehona.mk\/index.php?rest_route=\/wp\/v2\/posts"}],"about":[{"href":"https:\/\/radiojehona.mk\/index.php?rest_route=\/wp\/v2\/types\/post"}],"author":[{"embeddable":true,"href":"https:\/\/radiojehona.mk\/index.php?rest_route=\/wp\/v2\/users\/2"}],"replies":[{"embeddable":true,"href":"https:\/\/radiojehona.mk\/index.php?rest_route=%2Fwp%2Fv2%2Fcomments&post=49944"}],"version-history":[{"count":1,"href":"https:\/\/radiojehona.mk\/index.php?rest_route=\/wp\/v2\/posts\/49944\/revisions"}],"predecessor-version":[{"id":49946,"href":"https:\/\/radiojehona.mk\/index.php?rest_route=\/wp\/v2\/posts\/49944\/revisions\/49946"}],"wp:featuredmedia":[{"embeddable":true,"href":"https:\/\/radiojehona.mk\/index.php?rest_route=\/wp\/v2\/media\/49945"}],"wp:attachment":[{"href":"https:\/\/radiojehona.mk\/index.php?rest_route=%2Fwp%2Fv2%2Fmedia&parent=49944"}],"wp:term":[{"taxonomy":"category","embeddable":true,"href":"https:\/\/radiojehona.mk\/index.php?rest_route=%2Fwp%2Fv2%2Fcategories&post=49944"},{"taxonomy":"post_tag","embeddable":true,"href":"https:\/\/radiojehona.mk\/index.php?rest_route=%2Fwp%2Fv2%2Ftags&post=49944"}],"curies":[{"name":"wp","href":"https:\/\/api.w.org\/{rel}","templated":true}]}}