{"id":49938,"date":"2026-04-29T12:18:27","date_gmt":"2026-04-29T12:18:27","guid":{"rendered":"https:\/\/radiojehona.mk\/?p=49938"},"modified":"2026-04-29T12:18:27","modified_gmt":"2026-04-29T12:18:27","slug":"aliu-ligji-per-mbrojtje-nga-duhani-pas-dy-javesh-ne-kuvend","status":"publish","type":"post","link":"https:\/\/radiojehona.mk\/?p=49938","title":{"rendered":"Aliu: Ligji p\u00ebr Mbrojtje nga Duhani, pas dy jav\u00ebsh n\u00eb Kuvend"},"content":{"rendered":"\n<figure class=\"wp-block-image size-large\"><img fetchpriority=\"high\" decoding=\"async\" width=\"1024\" height=\"576\" src=\"https:\/\/radiojehona.mk\/wp-content\/uploads\/2026\/04\/azir-aliu-1024x576.webp\" alt=\"\" class=\"wp-image-49939\" srcset=\"https:\/\/radiojehona.mk\/wp-content\/uploads\/2026\/04\/azir-aliu-1024x576.webp 1024w, https:\/\/radiojehona.mk\/wp-content\/uploads\/2026\/04\/azir-aliu-300x169.webp 300w, https:\/\/radiojehona.mk\/wp-content\/uploads\/2026\/04\/azir-aliu-768x432.webp 768w, https:\/\/radiojehona.mk\/wp-content\/uploads\/2026\/04\/azir-aliu-800x450.webp 800w, https:\/\/radiojehona.mk\/wp-content\/uploads\/2026\/04\/azir-aliu.webp 1245w\" sizes=\"(max-width: 1024px) 100vw, 1024px\" \/><\/figure>\n\n\n\n<p>Ministri i Sh\u00ebndet\u00ebsis\u00eb,&nbsp;Azir Aliu, njoftoi se teksti i Ligjit p\u00ebr Mbrojtje nga Duhani \u00ebsht\u00eb finalizuar dhe pritet q\u00eb brenda dy jav\u00ebsh t\u00eb hyj\u00eb n\u00eb procedur\u00eb kuvendore.<\/p>\n\n\n\n<p>Ai b\u00ebri t\u00eb ditur se jav\u00ebn e ardhshme do t\u00eb mbahet takimi p\u00ebrfundimtar me pal\u00ebt e interesuara, pas t\u00eb cilit dokumenti do t\u00eb kaloj\u00eb n\u00eb procedurat administrative n\u00eb nivel qeverie, p\u00ebr t\u2019u proceduar m\u00eb pas n\u00eb Kuvend.<\/p>\n\n\n\n<p>\u201cKemi tekstin p\u00ebrfundimtar. T\u00eb m\u00ebrkur\u00ebn tjet\u00ebr kemi takimin p\u00ebrfundimtar me t\u00eb gjith\u00eb stakeholder-\u00ebt, pas k\u00ebtij takimi do t\u00eb vazhdoj\u00eb procedura administrative n\u00eb nivel t\u00eb qeveris\u00eb, me iden\u00eb q\u00eb p\u00ebr dy jav\u00eb t\u00eb jet\u00eb pjes\u00eb procedurale n\u00eb Parlament\u201d, deklaroi Aliu.<\/p>\n\n\n\n<p>Gjat\u00eb nj\u00eb vizite n\u00eb&nbsp;Gostivar, ministri theksoi gjithashtu se jan\u00eb siguruar pajisje moderne mjek\u00ebsore p\u00ebr kat\u00ebr spitale rajonale, n\u00eb partneritet me&nbsp;Project HOPE.<\/p>\n\n\n\n<p>Sipas tij, p\u00ebrmes projektit PeriMAC jan\u00eb siguruar pajisje n\u00eb vler\u00eb prej rreth gjysm\u00eb milioni dollar\u00ebsh, t\u00eb destinuara p\u00ebr spitalet n\u00eb Gostivar, Veles, Strumic\u00eb dhe Strug\u00eb. Vet\u00ebm p\u00ebr Spitalin e P\u00ebrgjithsh\u00ebm n\u00eb Gostivar, vlera e pajisjeve arrin rreth 130 mij\u00eb dollar\u00eb.<\/p>\n\n\n\n<p>Aliu theksoi se k\u00ebto investime synojn\u00eb p\u00ebrmir\u00ebsimin e kujdesit p\u00ebr n\u00ebnat, t\u00eb porsalindurit dhe pacient\u00ebt q\u00eb kan\u00eb m\u00eb shum\u00eb nevoj\u00eb p\u00ebr trajtim n\u00eb k\u00ebto institucione sh\u00ebndet\u00ebsore.<\/p>\n","protected":false},"excerpt":{"rendered":"<p>Ministri i Sh&euml;ndet&euml;sis&euml;,&nbsp;Azir Aliu, njoftoi se teksti i Ligjit p&euml;r Mbrojtje nga Duhani &euml;sht&euml; finalizuar dhe pritet q&euml; brenda dy jav&euml;sh t&euml; hyj&euml; n&euml; procedur&euml; kuvendore. Ai b&euml;ri t&euml; ditur se jav&euml;n e ardhshme do t&euml; mbahet takimi p&euml;rfundimtar me pal&euml;t e interesuara, pas t&euml; cilit dokumenti do t&euml; kaloj&euml; n&euml; procedurat administrative n&euml; nivel [&hellip;]<\/p>\n","protected":false},"author":2,"featured_media":49939,"comment_status":"open","ping_status":"closed","sticky":false,"template":"","format":"standard","meta":{"_monsterinsights_skip_tracking":false,"_monsterinsights_sitenote_active":false,"_monsterinsights_sitenote_note":"","_monsterinsights_sitenote_category":0,"footnotes":""},"categories":[1],"tags":[],"class_list":["post-49938","post","type-post","status-publish","format-standard","has-post-thumbnail","hentry","category-vendi"],"_links":{"self":[{"href":"https:\/\/radiojehona.mk\/index.php?rest_route=\/wp\/v2\/posts\/49938","targetHints":{"allow":["GET"]}}],"collection":[{"href":"https:\/\/radiojehona.mk\/index.php?rest_route=\/wp\/v2\/posts"}],"about":[{"href":"https:\/\/radiojehona.mk\/index.php?rest_route=\/wp\/v2\/types\/post"}],"author":[{"embeddable":true,"href":"https:\/\/radiojehona.mk\/index.php?rest_route=\/wp\/v2\/users\/2"}],"replies":[{"embeddable":true,"href":"https:\/\/radiojehona.mk\/index.php?rest_route=%2Fwp%2Fv2%2Fcomments&post=49938"}],"version-history":[{"count":1,"href":"https:\/\/radiojehona.mk\/index.php?rest_route=\/wp\/v2\/posts\/49938\/revisions"}],"predecessor-version":[{"id":49940,"href":"https:\/\/radiojehona.mk\/index.php?rest_route=\/wp\/v2\/posts\/49938\/revisions\/49940"}],"wp:featuredmedia":[{"embeddable":true,"href":"https:\/\/radiojehona.mk\/index.php?rest_route=\/wp\/v2\/media\/49939"}],"wp:attachment":[{"href":"https:\/\/radiojehona.mk\/index.php?rest_route=%2Fwp%2Fv2%2Fmedia&parent=49938"}],"wp:term":[{"taxonomy":"category","embeddable":true,"href":"https:\/\/radiojehona.mk\/index.php?rest_route=%2Fwp%2Fv2%2Fcategories&post=49938"},{"taxonomy":"post_tag","embeddable":true,"href":"https:\/\/radiojehona.mk\/index.php?rest_route=%2Fwp%2Fv2%2Ftags&post=49938"}],"curies":[{"name":"wp","href":"https:\/\/api.w.org\/{rel}","templated":true}]}}