{"id":49935,"date":"2026-04-29T12:17:35","date_gmt":"2026-04-29T12:17:35","guid":{"rendered":"https:\/\/radiojehona.mk\/?p=49935"},"modified":"2026-04-29T12:17:36","modified_gmt":"2026-04-29T12:17:36","slug":"mexhiti-dera-per-selen-eshte-hapur-po-shqyrtohet-mundesia-e-perfshirjes-ne-qeveri","status":"publish","type":"post","link":"https:\/\/radiojehona.mk\/?p=49935","title":{"rendered":"Mexhiti: Dera p\u00ebr Sel\u00ebn \u00ebsht\u00eb hapur, po shqyrtohet mund\u00ebsia e p\u00ebrfshirjes n\u00eb qeveri"},"content":{"rendered":"\n<figure class=\"wp-block-image size-full\"><img fetchpriority=\"high\" decoding=\"async\" width=\"696\" height=\"500\" src=\"https:\/\/radiojehona.mk\/wp-content\/uploads\/2026\/04\/mexhiti-696x500-1.jpg.webp\" alt=\"\" class=\"wp-image-49936\" srcset=\"https:\/\/radiojehona.mk\/wp-content\/uploads\/2026\/04\/mexhiti-696x500-1.jpg.webp 696w, https:\/\/radiojehona.mk\/wp-content\/uploads\/2026\/04\/mexhiti-696x500-1.jpg-300x216.webp 300w\" sizes=\"(max-width: 696px) 100vw, 696px\" \/><\/figure>\n\n\n\n<p>Kryetari i Komun\u00ebs s\u00eb \u00c7airit dhe nj\u00eb nga udh\u00ebheq\u00ebsit e koalicionit VLEN, Izet Mexhiti, deklaroi se ekziston mund\u00ebsia q\u00eb udh\u00ebheq\u00ebsi i Aleanc\u00ebs p\u00ebr Shqiptar\u00ebt, Ziadin Sela, t\u00eb bashkohet me qeverin\u00eb dhe shtoi se komunikimi p\u00ebr k\u00ebt\u00eb \u00e7\u00ebshtje po zhvillohet n\u00eb nivele t\u00eb shum\u00ebfishta.<\/p>\n\n\n\n<p>N\u00eb nj\u00eb paraqitje t\u00eb ftuar n\u00eb \u201cTV24\u201d, Mexhiti tha se dera p\u00ebr Sel\u00ebn \u00ebsht\u00eb hapur dhe se po shqyrtohet mund\u00ebsia e p\u00ebrfshirjes s\u00eb tij t\u00eb mundshme n\u00eb shumic\u00ebn qeveritare.<\/p>\n\n\n\n<p>\u201cEkziston nj\u00eb mund\u00ebsi q\u00eb Ziadin Sela t\u00eb bashkohet me Qeverin\u00eb. Dera \u00ebsht\u00eb hapur, ne komunikojm\u00eb n\u00eb nivele t\u00eb ndryshme\u201d, tha ai.<br>Ai njoftoi se n\u00eb kuad\u00ebr t\u00eb rikonstruimit t\u00eb ardhsh\u00ebm t\u00eb Qeveris\u00eb, priten ndryshime n\u00eb departamente, si dhe rotacione t\u00eb personelit.<br>Lidhur me zgjidhjet e mundshme t\u00eb personelit, Mexhiti tha se koalicioni VLEN nuk ka kund\u00ebrshtim q\u00eb zv. kryeministri p\u00ebrgjegj\u00ebs p\u00ebr qeverisjen t\u00eb mir\u00eb, Arben Fetai t\u00eb mbetet pjes\u00eb e strukturave qeveritare.<\/p>\n\n\n\n<p>Mexhiti tregoi gjithashtu se n\u00eb kuad\u00ebr t\u00eb rikonstuimit t\u00eb qeveris\u00eb, do t\u00eb kishte edhe njer\u00ebz q\u00eb nuk do t\u00eb ishin pjes\u00eb e qeveris\u00eb s\u00eb re.<br>Mexhiti gjithashtu iu kund\u00ebp\u00ebrgjigj akuzave t\u00eb BDI-s\u00eb p\u00ebr pretendimet e nd\u00ebrtimeve ilegale. Ai tha se n\u00ebse BDI ka prova p\u00ebr nj\u00eb tender t\u00eb paligjsh\u00ebm n\u00eb pazarin e vjet\u00ebr, le t\u00eb ngrej\u00eb nj\u00eb ankes\u00eb.<\/p>\n\n\n\n<p>\u201cProjekti \u00ebsht\u00eb gjysm\u00eb milioni euro dhe kompania \u00ebsht\u00eb zgjedhur n\u00eb nj\u00eb tender n\u00eb m\u00ebnyr\u00ebn m\u00eb legjitime\u201d, tha Mexhiti, kryetar i komun\u00ebs s\u00eb \u00c7airit dhe nj\u00eb nga udh\u00ebheq\u00ebsit e VLEN-it.<\/p>\n\n\n\n<p>\u201cNd\u00ebrtesat e paligjshme po shemben n\u00eb \u00c7air, nd\u00ebrsa Danella Arsovska vet\u00ebm b\u00ebnte fushat\u00eb,\u201d tha Mexhiti.<\/p>\n","protected":false},"excerpt":{"rendered":"<p>Kryetari i Komun&euml;s s&euml; &Ccedil;airit dhe nj&euml; nga udh&euml;heq&euml;sit e koalicionit VLEN, Izet Mexhiti, deklaroi se ekziston mund&euml;sia q&euml; udh&euml;heq&euml;si i Aleanc&euml;s p&euml;r Shqiptar&euml;t, Ziadin Sela, t&euml; bashkohet me qeverin&euml; dhe shtoi se komunikimi p&euml;r k&euml;t&euml; &ccedil;&euml;shtje po zhvillohet n&euml; nivele t&euml; shum&euml;fishta. N&euml; nj&euml; paraqitje t&euml; ftuar n&euml; &ldquo;TV24&rdquo;, Mexhiti tha se dera p&euml;r [&hellip;]<\/p>\n","protected":false},"author":2,"featured_media":49936,"comment_status":"open","ping_status":"closed","sticky":false,"template":"","format":"standard","meta":{"_monsterinsights_skip_tracking":false,"_monsterinsights_sitenote_active":false,"_monsterinsights_sitenote_note":"","_monsterinsights_sitenote_category":0,"footnotes":""},"categories":[1],"tags":[],"class_list":["post-49935","post","type-post","status-publish","format-standard","has-post-thumbnail","hentry","category-vendi"],"_links":{"self":[{"href":"https:\/\/radiojehona.mk\/index.php?rest_route=\/wp\/v2\/posts\/49935","targetHints":{"allow":["GET"]}}],"collection":[{"href":"https:\/\/radiojehona.mk\/index.php?rest_route=\/wp\/v2\/posts"}],"about":[{"href":"https:\/\/radiojehona.mk\/index.php?rest_route=\/wp\/v2\/types\/post"}],"author":[{"embeddable":true,"href":"https:\/\/radiojehona.mk\/index.php?rest_route=\/wp\/v2\/users\/2"}],"replies":[{"embeddable":true,"href":"https:\/\/radiojehona.mk\/index.php?rest_route=%2Fwp%2Fv2%2Fcomments&post=49935"}],"version-history":[{"count":1,"href":"https:\/\/radiojehona.mk\/index.php?rest_route=\/wp\/v2\/posts\/49935\/revisions"}],"predecessor-version":[{"id":49937,"href":"https:\/\/radiojehona.mk\/index.php?rest_route=\/wp\/v2\/posts\/49935\/revisions\/49937"}],"wp:featuredmedia":[{"embeddable":true,"href":"https:\/\/radiojehona.mk\/index.php?rest_route=\/wp\/v2\/media\/49936"}],"wp:attachment":[{"href":"https:\/\/radiojehona.mk\/index.php?rest_route=%2Fwp%2Fv2%2Fmedia&parent=49935"}],"wp:term":[{"taxonomy":"category","embeddable":true,"href":"https:\/\/radiojehona.mk\/index.php?rest_route=%2Fwp%2Fv2%2Fcategories&post=49935"},{"taxonomy":"post_tag","embeddable":true,"href":"https:\/\/radiojehona.mk\/index.php?rest_route=%2Fwp%2Fv2%2Ftags&post=49935"}],"curies":[{"name":"wp","href":"https:\/\/api.w.org\/{rel}","templated":true}]}}