{"id":49932,"date":"2026-04-29T12:16:33","date_gmt":"2026-04-29T12:16:33","guid":{"rendered":"https:\/\/radiojehona.mk\/?p=49932"},"modified":"2026-04-29T12:16:34","modified_gmt":"2026-04-29T12:16:34","slug":"vellai-14-vjecar-e-perdhunonte-motren-13-vjece","status":"publish","type":"post","link":"https:\/\/radiojehona.mk\/?p=49932","title":{"rendered":"V\u00ebllai 14 vje\u00e7ar e p\u00ebrdhunonte motr\u00ebn 13 vje\u00e7e"},"content":{"rendered":"\n<figure class=\"wp-block-image size-full\"><img fetchpriority=\"high\" decoding=\"async\" width=\"670\" height=\"447\" src=\"https:\/\/radiojehona.mk\/wp-content\/uploads\/2026\/04\/ee54b131-f24b-4853-8dbb-4867c1b99037.jpg\" alt=\"\" class=\"wp-image-49933\" srcset=\"https:\/\/radiojehona.mk\/wp-content\/uploads\/2026\/04\/ee54b131-f24b-4853-8dbb-4867c1b99037.jpg 670w, https:\/\/radiojehona.mk\/wp-content\/uploads\/2026\/04\/ee54b131-f24b-4853-8dbb-4867c1b99037-300x200.jpg 300w\" sizes=\"(max-width: 670px) 100vw, 670px\" \/><\/figure>\n\n\n\n<p>E detyronte t\u00eb kryenin marr\u00ebdh\u00ebnie seksuale kur prind\u00ebrit e saj nuk ishin n\u00eb sht\u00ebpi<\/p>\n\n\n\n<p>V\u00ebllai i mitur i d\u00ebrgoi viktim\u00ebs mesazhe me p\u00ebrmbajtje t\u00eb pahijshme dhe eksplicite, p\u00ebr nj\u00eb periudh\u00eb t\u00eb gjat\u00eb kohore, dhe n\u00eb dy raste, e detyroi t\u00eb kryente marr\u00ebdh\u00ebnie seksuale kund\u00ebr vullnetit t\u00eb saj, ka njoftuar Prokuroria Publike (PP).<\/p>\n\n\n\n<p>Prokurori publik nga Prokuroria Themelore Publike n\u00eb Gostivar, paraqiti k\u00ebrkes\u00eb p\u00ebr fillimin e nj\u00eb procedur\u00eb p\u00ebrgatitore me nj\u00eb propozim p\u00ebr t\u00eb p\u00ebrcaktuar nj\u00eb mas\u00eb paraburgimi p\u00ebr nj\u00eb f\u00ebmij\u00eb 14-vje\u00e7ar, sepse ekziston dyshimi i bazuar se ai ka kryer nj\u00eb krim t\u00eb vazhduesh\u00ebm \u2013 incest, t\u00eb parashikuar n\u00eb nenin 194, paragrafi 2 n\u00eb lidhje me paragrafin 1 dhe n\u00eb lidhje me nenin 45 t\u00eb Kodit Penal, njoftoi Prokuroria.<br>\u2013 F\u00ebmija, n\u00eb kundrshtim me ligjin, n\u00eb shkurt 2026, n\u00eb dy raste, shfryt\u00ebzoi munges\u00ebn e prind\u00ebrve t\u00eb tij dhe kreu shkelje ligjore ndaj motr\u00ebs s\u00eb tij 13-vje\u00e7are.<\/p>\n\n\n\n<p>V\u00ebllai i mitur i d\u00ebrgoi viktim\u00ebs mesazhe me p\u00ebrmbajtje t\u00eb turpshme dhe eksplicite p\u00ebr nj\u00eb periudh\u00eb t\u00eb zgjatur kohore, dhe n\u00eb dy raste e detyroi at\u00eb t\u00eb kryente marr\u00ebdh\u00ebnie seksuale kund\u00ebr vullnetit t\u00eb saj \u2013 thuhet n\u00eb deklarat\u00ebn e Prokurorise.<\/p>\n\n\n\n<p>Duke marr\u00eb parasysh bazat ligjore dhe ve\u00e7an\u00ebrisht nevoj\u00ebn p\u00ebr t\u00eb mbrojtur viktim\u00ebn, prokurori publik paraqiti nj\u00eb propozim t\u00eb ve\u00e7ant\u00eb p\u00ebr p\u00ebrcaktimin e mas\u00ebs s\u00eb paraburgimit p\u00ebr f\u00ebmij\u00ebn n\u00eb konflikt me ligjin.<br>Ministria e Brendshme informoi se m\u00eb 28.04.2026 n\u00eb or\u00ebn 09:20 n\u00eb Gostivar, inspektor\u00ebt e policis\u00eb nga Departamenti i Policis\u00eb s\u00eb Gostivarit, n\u00eb prani t\u00eb nj\u00eb punonj\u00ebsi social, privuan nga liria nj\u00eb t\u00eb mitur, duke vepruar n\u00eb baz\u00eb t\u00eb nj\u00eb raporti t\u00eb m\u00ebparsh\u00ebm se ai kishte ngacmuar seksualisht dhe kishte kryer akte seksuale ndaj motr\u00ebs s\u00eb tij t\u00eb mitur.<\/p>\n","protected":false},"excerpt":{"rendered":"<p>E detyronte t&euml; kryenin marr&euml;dh&euml;nie seksuale kur prind&euml;rit e saj nuk ishin n&euml; sht&euml;pi V&euml;llai i mitur i d&euml;rgoi viktim&euml;s mesazhe me p&euml;rmbajtje t&euml; pahijshme dhe eksplicite, p&euml;r nj&euml; periudh&euml; t&euml; gjat&euml; kohore, dhe n&euml; dy raste, e detyroi t&euml; kryente marr&euml;dh&euml;nie seksuale kund&euml;r vullnetit t&euml; saj, ka njoftuar Prokuroria Publike (PP). Prokurori publik nga [&hellip;]<\/p>\n","protected":false},"author":2,"featured_media":49933,"comment_status":"open","ping_status":"closed","sticky":false,"template":"","format":"standard","meta":{"_monsterinsights_skip_tracking":false,"_monsterinsights_sitenote_active":false,"_monsterinsights_sitenote_note":"","_monsterinsights_sitenote_category":0,"footnotes":""},"categories":[1],"tags":[],"class_list":["post-49932","post","type-post","status-publish","format-standard","has-post-thumbnail","hentry","category-vendi"],"_links":{"self":[{"href":"https:\/\/radiojehona.mk\/index.php?rest_route=\/wp\/v2\/posts\/49932","targetHints":{"allow":["GET"]}}],"collection":[{"href":"https:\/\/radiojehona.mk\/index.php?rest_route=\/wp\/v2\/posts"}],"about":[{"href":"https:\/\/radiojehona.mk\/index.php?rest_route=\/wp\/v2\/types\/post"}],"author":[{"embeddable":true,"href":"https:\/\/radiojehona.mk\/index.php?rest_route=\/wp\/v2\/users\/2"}],"replies":[{"embeddable":true,"href":"https:\/\/radiojehona.mk\/index.php?rest_route=%2Fwp%2Fv2%2Fcomments&post=49932"}],"version-history":[{"count":1,"href":"https:\/\/radiojehona.mk\/index.php?rest_route=\/wp\/v2\/posts\/49932\/revisions"}],"predecessor-version":[{"id":49934,"href":"https:\/\/radiojehona.mk\/index.php?rest_route=\/wp\/v2\/posts\/49932\/revisions\/49934"}],"wp:featuredmedia":[{"embeddable":true,"href":"https:\/\/radiojehona.mk\/index.php?rest_route=\/wp\/v2\/media\/49933"}],"wp:attachment":[{"href":"https:\/\/radiojehona.mk\/index.php?rest_route=%2Fwp%2Fv2%2Fmedia&parent=49932"}],"wp:term":[{"taxonomy":"category","embeddable":true,"href":"https:\/\/radiojehona.mk\/index.php?rest_route=%2Fwp%2Fv2%2Fcategories&post=49932"},{"taxonomy":"post_tag","embeddable":true,"href":"https:\/\/radiojehona.mk\/index.php?rest_route=%2Fwp%2Fv2%2Ftags&post=49932"}],"curies":[{"name":"wp","href":"https:\/\/api.w.org\/{rel}","templated":true}]}}