{"id":49929,"date":"2026-04-29T10:04:33","date_gmt":"2026-04-29T10:04:33","guid":{"rendered":"https:\/\/radiojehona.mk\/?p=49929"},"modified":"2026-04-29T10:04:34","modified_gmt":"2026-04-29T10:04:34","slug":"kater-kompanive-te-menaxhimit-te-ndertesave-u-jane-hequr-licencat","status":"publish","type":"post","link":"https:\/\/radiojehona.mk\/?p=49929","title":{"rendered":"Kat\u00ebr kompanive t\u00eb menaxhimit t\u00eb nd\u00ebrtesave u jan\u00eb hequr licencat"},"content":{"rendered":"\n<figure class=\"wp-block-image size-full\"><img fetchpriority=\"high\" decoding=\"async\" width=\"640\" height=\"426\" src=\"https:\/\/radiojehona.mk\/wp-content\/uploads\/2026\/04\/ekonomi-nertime_crane_silhouette-e1451144614812.jpg\" alt=\"\" class=\"wp-image-49930\" srcset=\"https:\/\/radiojehona.mk\/wp-content\/uploads\/2026\/04\/ekonomi-nertime_crane_silhouette-e1451144614812.jpg 640w, https:\/\/radiojehona.mk\/wp-content\/uploads\/2026\/04\/ekonomi-nertime_crane_silhouette-e1451144614812-300x200.jpg 300w\" sizes=\"(max-width: 640px) 100vw, 640px\" \/><\/figure>\n\n\n\n<p>Komisioni Rregullator i Strehimit (KRB) ka njoftuar se ka revokuar licencat e kat\u00ebr personave juridik\u00eb \u2013 menaxher\u00eb t\u00eb nd\u00ebrtesave t\u00eb banimit, gjat\u00eb nj\u00eb inspektimi t\u00eb jasht\u00ebzakonsh\u00ebm periodik t\u00eb p\u00ebrmbushjes s\u00eb kushteve n\u00eb baz\u00eb t\u00eb t\u00eb cilave \u00ebsht\u00eb l\u00ebshuar licenca, me nj\u00eb k\u00ebrkes\u00eb p\u00ebr t\u00eb dh\u00ebna.<\/p>\n\n\n\n<p>Q\u00ebllimi i inspektimit t\u00eb jasht\u00ebzakonsh\u00ebm periodik, si\u00e7 informoi sot Inspektorati i Strehimit dhe i Strehimit, ishte marrja e t\u00eb dh\u00ebnave p\u00ebr veprim n\u00eb p\u00ebrputhje me nenin 42 t\u00eb Ligjit p\u00ebr ndryshimet n\u00eb Ligjin e Strehimit (\u201cGazeta Zyrtare e Republik\u00ebs s\u00eb Maqedonis\u00eb\u201d nr. 160\/2025), sipas t\u00eb cilit menaxher\u00ebt e nd\u00ebrtesave t\u00eb banimit ishin t\u00eb detyruar t\u00eb harmonizonin operacionet e tyre n\u00eb p\u00ebrputhje me dispozitat e tij jo m\u00eb von\u00eb se gjasht\u00eb muaj nga data e hyrjes n\u00eb fuqi t\u00eb k\u00ebtij ligji.<\/p>\n\n\n\n<p>Inspektimi p\u00ebrfshiu persona juridik\u00eb \u2013 menaxher\u00eb t\u00eb nd\u00ebrtesave t\u00eb banimit me seli n\u00eb disa qytete t\u00eb vendit, duke p\u00ebrfshir\u00eb Shkupin, Ohrin, Prilepin, Tetov\u00ebn, Gostivarin, Strumic\u00ebn, Shtipin, Manastirin, K\u00ebr\u00e7ov\u00ebn, Velesin, Kumanov\u00ebn, Ko\u00e7anin dhe Kavadarin.<\/p>\n\n\n\n<p>Inspektimi zbuloi se 62 subjekte juridike kan\u00eb harmonizuar operacionet e tyre.<\/p>\n\n\n\n<p>\u2013Tek 4 menaxher\u00eb, 3 prej t\u00eb cil\u00ebve jan\u00eb me seli n\u00eb Shkup dhe nj\u00eb n\u00eb Strumic\u00eb, u gjet\u00ebn parregullsi, t\u00eb dh\u00ebna t\u00eb pad\u00ebrguara ose mosp\u00ebrmbushje t\u00eb detyrimeve t\u00eb p\u00ebrcaktuara me ligj. Nj\u00eb nga menaxher\u00ebt me licenca t\u00eb revokuara nuk ka kryer aktivitete mbi t\u00eb cilat ne si komision kemi juridiksion p\u00ebr m\u00eb shum\u00eb se 6 muaj dhe k\u00ebshtu me vet\u00ebdije kan\u00eb hequr dor\u00eb nga menaxhimi. Dy nga personat juridik\u00eb-menaxher\u00ebt, pas revokimit t\u00eb licencave t\u00eb tyre, i kan\u00eb p\u00ebrfunduar plot\u00ebsisht detyrimet e tyre n\u00eb p\u00ebrputhje me Ligjin p\u00ebr Strehim, n\u00eb aspektin e kthimit t\u00eb mjeteve nga fondi rezerv\u00eb dhe p\u00ebrgatitjes s\u00eb raporteve p\u00ebrfundimtare financiare, tha Nikola Zaturoski, Kryetar i Komisionit Rregullator t\u00eb Strehimit.<\/p>\n\n\n\n<p>Sipas t\u00eb dh\u00ebnave t\u00eb fundit nga RKD, gjithsej 8,053 nd\u00ebrtesa banimi n\u00eb vend menaxhohen nga nj\u00eb menaxher ose nj\u00eb bashk\u00ebsi pronar\u00ebsh. Ekzistojn\u00eb 5,600 nd\u00ebrtesa me menaxher\u00eb t\u00eb licencuar, me kontrata p\u00ebr ofrimin e sh\u00ebrbimeve t\u00eb menaxhimit p\u00ebr gjithsej 135,338 pjes\u00eb t\u00eb ndara, d.m.th. apartamente dhe ambiente biznesi. Megjithat\u00eb, t\u00eb dh\u00ebnat nga Regjistri Qendror tregojn\u00eb se deri n\u00eb mesin e dhjetorit t\u00eb vitit t\u00eb kaluar kishte 2,453 Bashk\u00ebsi Pronar\u00ebsh t\u00eb regjistruara aktive.<\/p>\n","protected":false},"excerpt":{"rendered":"<p>Komisioni Rregullator i Strehimit (KRB) ka njoftuar se ka revokuar licencat e kat&euml;r personave juridik&euml; &ndash; menaxher&euml; t&euml; nd&euml;rtesave t&euml; banimit, gjat&euml; nj&euml; inspektimi t&euml; jasht&euml;zakonsh&euml;m periodik t&euml; p&euml;rmbushjes s&euml; kushteve n&euml; baz&euml; t&euml; t&euml; cilave &euml;sht&euml; l&euml;shuar licenca, me nj&euml; k&euml;rkes&euml; p&euml;r t&euml; dh&euml;na. Q&euml;llimi i inspektimit t&euml; jasht&euml;zakonsh&euml;m periodik, si&ccedil; informoi sot Inspektorati [&hellip;]<\/p>\n","protected":false},"author":2,"featured_media":49930,"comment_status":"open","ping_status":"closed","sticky":false,"template":"","format":"standard","meta":{"_monsterinsights_skip_tracking":false,"_monsterinsights_sitenote_active":false,"_monsterinsights_sitenote_note":"","_monsterinsights_sitenote_category":0,"footnotes":""},"categories":[1],"tags":[],"class_list":["post-49929","post","type-post","status-publish","format-standard","has-post-thumbnail","hentry","category-vendi"],"_links":{"self":[{"href":"https:\/\/radiojehona.mk\/index.php?rest_route=\/wp\/v2\/posts\/49929","targetHints":{"allow":["GET"]}}],"collection":[{"href":"https:\/\/radiojehona.mk\/index.php?rest_route=\/wp\/v2\/posts"}],"about":[{"href":"https:\/\/radiojehona.mk\/index.php?rest_route=\/wp\/v2\/types\/post"}],"author":[{"embeddable":true,"href":"https:\/\/radiojehona.mk\/index.php?rest_route=\/wp\/v2\/users\/2"}],"replies":[{"embeddable":true,"href":"https:\/\/radiojehona.mk\/index.php?rest_route=%2Fwp%2Fv2%2Fcomments&post=49929"}],"version-history":[{"count":1,"href":"https:\/\/radiojehona.mk\/index.php?rest_route=\/wp\/v2\/posts\/49929\/revisions"}],"predecessor-version":[{"id":49931,"href":"https:\/\/radiojehona.mk\/index.php?rest_route=\/wp\/v2\/posts\/49929\/revisions\/49931"}],"wp:featuredmedia":[{"embeddable":true,"href":"https:\/\/radiojehona.mk\/index.php?rest_route=\/wp\/v2\/media\/49930"}],"wp:attachment":[{"href":"https:\/\/radiojehona.mk\/index.php?rest_route=%2Fwp%2Fv2%2Fmedia&parent=49929"}],"wp:term":[{"taxonomy":"category","embeddable":true,"href":"https:\/\/radiojehona.mk\/index.php?rest_route=%2Fwp%2Fv2%2Fcategories&post=49929"},{"taxonomy":"post_tag","embeddable":true,"href":"https:\/\/radiojehona.mk\/index.php?rest_route=%2Fwp%2Fv2%2Ftags&post=49929"}],"curies":[{"name":"wp","href":"https:\/\/api.w.org\/{rel}","templated":true}]}}