{"id":49926,"date":"2026-04-29T09:58:38","date_gmt":"2026-04-29T09:58:38","guid":{"rendered":"https:\/\/radiojehona.mk\/?p=49926"},"modified":"2026-04-29T09:58:39","modified_gmt":"2026-04-29T09:58:39","slug":"nje-maqedonase-qe-e-dashuron-shqipen-gjuha-si-ure-jo-si-pengese","status":"publish","type":"post","link":"https:\/\/radiojehona.mk\/?p=49926","title":{"rendered":"Nj\u00eb maqedonase q\u00eb e dashuron shqipen: gjuha si ur\u00eb, jo si penges\u00eb"},"content":{"rendered":"\n<figure class=\"wp-block-image size-full\"><img fetchpriority=\"high\" decoding=\"async\" width=\"696\" height=\"488\" src=\"https:\/\/radiojehona.mk\/wp-content\/uploads\/2026\/04\/Screenshot_20260428_230143_Facebook-696x488-1.jpg\" alt=\"\" class=\"wp-image-49927\" srcset=\"https:\/\/radiojehona.mk\/wp-content\/uploads\/2026\/04\/Screenshot_20260428_230143_Facebook-696x488-1.jpg 696w, https:\/\/radiojehona.mk\/wp-content\/uploads\/2026\/04\/Screenshot_20260428_230143_Facebook-696x488-1-300x210.jpg 300w\" sizes=\"(max-width: 696px) 100vw, 696px\" \/><\/figure>\n\n\n\n<p>N\u00eb nj\u00eb shoq\u00ebri multietnike si Maqedonia e Veriut, m\u00ebsimi i gjuh\u00ebs s\u00eb \u201ctjetrit\u201d mbetet nj\u00eb nga rrug\u00ebt m\u00eb t\u00eb sigurta drejt mir\u00ebkuptimit dhe bashk\u00ebjetes\u00ebs. Sanja Kamberska Pejovi\u00e7, e diplomuar n\u00eb gjuh\u00ebn shqipe dhe p\u00ebrkthyese e autorizuar, ndan p\u00ebrvoj\u00ebn e saj mbi r\u00ebnd\u00ebsin\u00eb e gjuh\u00ebve si pasuri personale dhe shoq\u00ebrore.N\u00eb intervist\u00ebn p\u00ebr agjencin\u00eb e lajmeve INA, ajo thot\u00eb se, e adhuron gjuh\u00ebn shqipe.<\/p>\n\n\n\n<p>INA: \u00c7far\u00eb ju motivoi fillimisht ta m\u00ebsoni gjuh\u00ebn shqipe dhe si ka ndryshuar perceptimi juaj p\u00ebr kultur\u00ebn shqiptare gjat\u00eb k\u00ebtij procesi?<\/p>\n\n\n\n<p>Motivimi im fillestar ishte praktik \u2013 komunikimi me njer\u00ebzit e p\u00ebrditshm\u00ebris\u00eb, koleg\u00ebt, miqt\u00eb dhe nj\u00eb kuptim m\u00eb i mir\u00eb i mjedisit ku jetoj. Me kalimin e koh\u00ebs, m\u00ebsimi i gjuh\u00ebs nuk ishte m\u00eb vet\u00ebm nj\u00eb aft\u00ebsi teknike, por nj\u00eb dritare drejt kultur\u00ebs. Fillova ta p\u00ebrjetoj kultur\u00ebn shqiptare m\u00eb af\u00ebr, t\u00eb kuptoj vlerat, traditat dhe m\u00ebnyr\u00ebn e t\u00eb menduarit, gj\u00eb q\u00eb e zvog\u00ebloi ndjesh\u00ebm distanc\u00ebn dhe stereotipet.<\/p>\n\n\n\n<p>INA: N\u00eb p\u00ebrvoj\u00ebn tuaj, si ndikon m\u00ebsimi i nj\u00eb gjuhe tjet\u00ebr n\u00eb nd\u00ebrtimin e urave mes komuniteteve n\u00eb nj\u00eb shoq\u00ebri multietnike si Maqedonia e Veriut?<\/p>\n\n\n\n<p>M\u00ebsimi i nj\u00eb gjuhe tjet\u00ebr kontribuon drejtp\u00ebrdrejt n\u00eb nd\u00ebrtimin e besimit dhe respektit. Kur flet n\u00eb gjuh\u00ebn e dikujt tjet\u00ebr, tregon hapje dhe d\u00ebshir\u00eb p\u00ebr lidhje. Kjo i zvog\u00eblon keqkuptimet dhe krijon hap\u00ebsir\u00eb p\u00ebr komunikim t\u00eb sinqert\u00eb. N\u00eb nj\u00eb shoq\u00ebri multietnike si e jona, kjo \u00ebsht\u00eb nj\u00eb nga m\u00ebnyrat m\u00eb t\u00eb fuqishme p\u00ebr nd\u00ebrtimin e urave dhe bashk\u00ebjetes\u00ebs.<\/p>\n\n\n\n<p>INA: A mendoni se njohja e gjuh\u00ebve t\u00eb ndryshme \u00ebsht\u00eb nj\u00eb pasuri personale apo edhe nj\u00eb domosdoshm\u00ebri shoq\u00ebrore n\u00eb koh\u00ebn e sotme? Pse?<\/p>\n\n\n\n<p>T\u00eb dyja. Si vler\u00eb personale, gjuh\u00ebt e pasurojn\u00eb individin \u2013 zhvillojn\u00eb empatin\u00eb, mendimin kritik dhe vet\u00ebdijen kulturore. Por n\u00eb koh\u00ebn e sotme, ve\u00e7an\u00ebrisht n\u00eb shoq\u00ebri multikulturore, kjo b\u00ebhet edhe nj\u00eb domosdoshm\u00ebri shoq\u00ebrore. Gjuh\u00ebt jan\u00eb mjet p\u00ebr integrim, bashk\u00ebpunim dhe p\u00ebrparim.<\/p>\n\n\n\n<p>INA: A keni hasur n\u00eb paragjykime p\u00ebr shkak t\u00eb zgjedhjes suaj p\u00ebr t\u00eb studiuar gjuh\u00ebn shqipe?<\/p>\n\n\n\n<p>Personalisht nuk kam pasur dhe ende nuk kam paragjykime. Megjithat\u00eb, shumica e atyre q\u00eb e studionin gjuh\u00ebn e b\u00ebnin vet\u00ebm p\u00ebr t\u00eb pasur njohuri baz\u00eb \u2013 po flas p\u00ebr maqedonasit \u2013 pa e par\u00eb si nj\u00eb perspektiv\u00eb afatgjat\u00eb. Nuk shihej si nj\u00eb mund\u00ebsi p\u00ebr t\u00eb ardhmen.<\/p>\n\n\n\n<p>INA: \u00c7far\u00eb mesazhi do t\u2019u jepnit t\u00eb rinjve q\u00eb hezitojn\u00eb t\u00eb m\u00ebsojn\u00eb gjuh\u00ebn e \u201ctjetrit\u201d, sidomos n\u00eb kontekste ku ekzistojn\u00eb paragjykime kulturore?<\/p>\n\n\n\n<p>Mos e shihni gjuh\u00ebn si penges\u00eb, por si mund\u00ebsi. Me \u00e7do gjuh\u00eb t\u00eb re fitoni nj\u00eb k\u00ebndv\u00ebshtrim t\u00eb ri mbi bot\u00ebn. Paragjykimet m\u00eb s\u00eb shpeshti vijn\u00eb nga mosnjohja \u2013 dhe gjuha \u00ebsht\u00eb \u00e7el\u00ebsi q\u00eb i hap ato dyer. M\u00ebsoni nga kureshtja, jo nga detyrimi, dhe do t\u00eb kuptoni se dallimet nuk na ndajn\u00eb, por na pasurojn\u00eb.<\/p>\n","protected":false},"excerpt":{"rendered":"<p>N&euml; nj&euml; shoq&euml;ri multietnike si Maqedonia e Veriut, m&euml;simi i gjuh&euml;s s&euml; &ldquo;tjetrit&rdquo; mbetet nj&euml; nga rrug&euml;t m&euml; t&euml; sigurta drejt mir&euml;kuptimit dhe bashk&euml;jetes&euml;s. Sanja Kamberska Pejovi&ccedil;, e diplomuar n&euml; gjuh&euml;n shqipe dhe p&euml;rkthyese e autorizuar, ndan p&euml;rvoj&euml;n e saj mbi r&euml;nd&euml;sin&euml; e gjuh&euml;ve si pasuri personale dhe shoq&euml;rore.N&euml; intervist&euml;n p&euml;r agjencin&euml; e lajmeve INA, [&hellip;]<\/p>\n","protected":false},"author":2,"featured_media":49927,"comment_status":"open","ping_status":"closed","sticky":false,"template":"","format":"standard","meta":{"_monsterinsights_skip_tracking":false,"_monsterinsights_sitenote_active":false,"_monsterinsights_sitenote_note":"","_monsterinsights_sitenote_category":0,"footnotes":""},"categories":[1],"tags":[],"class_list":["post-49926","post","type-post","status-publish","format-standard","has-post-thumbnail","hentry","category-vendi"],"_links":{"self":[{"href":"https:\/\/radiojehona.mk\/index.php?rest_route=\/wp\/v2\/posts\/49926","targetHints":{"allow":["GET"]}}],"collection":[{"href":"https:\/\/radiojehona.mk\/index.php?rest_route=\/wp\/v2\/posts"}],"about":[{"href":"https:\/\/radiojehona.mk\/index.php?rest_route=\/wp\/v2\/types\/post"}],"author":[{"embeddable":true,"href":"https:\/\/radiojehona.mk\/index.php?rest_route=\/wp\/v2\/users\/2"}],"replies":[{"embeddable":true,"href":"https:\/\/radiojehona.mk\/index.php?rest_route=%2Fwp%2Fv2%2Fcomments&post=49926"}],"version-history":[{"count":1,"href":"https:\/\/radiojehona.mk\/index.php?rest_route=\/wp\/v2\/posts\/49926\/revisions"}],"predecessor-version":[{"id":49928,"href":"https:\/\/radiojehona.mk\/index.php?rest_route=\/wp\/v2\/posts\/49926\/revisions\/49928"}],"wp:featuredmedia":[{"embeddable":true,"href":"https:\/\/radiojehona.mk\/index.php?rest_route=\/wp\/v2\/media\/49927"}],"wp:attachment":[{"href":"https:\/\/radiojehona.mk\/index.php?rest_route=%2Fwp%2Fv2%2Fmedia&parent=49926"}],"wp:term":[{"taxonomy":"category","embeddable":true,"href":"https:\/\/radiojehona.mk\/index.php?rest_route=%2Fwp%2Fv2%2Fcategories&post=49926"},{"taxonomy":"post_tag","embeddable":true,"href":"https:\/\/radiojehona.mk\/index.php?rest_route=%2Fwp%2Fv2%2Ftags&post=49926"}],"curies":[{"name":"wp","href":"https:\/\/api.w.org\/{rel}","templated":true}]}}