{"id":49919,"date":"2026-04-29T09:50:58","date_gmt":"2026-04-29T09:50:58","guid":{"rendered":"https:\/\/radiojehona.mk\/?p=49919"},"modified":"2026-04-29T09:50:59","modified_gmt":"2026-04-29T09:50:59","slug":"regjim-i-vecante-komunikacioni-ne-shkup-presidenti-zviceran-per-vizite-ne-rmv","status":"publish","type":"post","link":"https:\/\/radiojehona.mk\/?p=49919","title":{"rendered":"Regjim i ve\u00e7ant\u00eb komunikacioni n\u00eb Shkup, presidenti zviceran p\u00ebr vizit\u00eb n\u00eb RMV"},"content":{"rendered":"\n<figure class=\"wp-block-image size-full\"><img fetchpriority=\"high\" decoding=\"async\" width=\"696\" height=\"422\" src=\"https:\/\/radiojehona.mk\/wp-content\/uploads\/2026\/04\/IMG_1790.jpg.webp\" alt=\"\" class=\"wp-image-49920\" srcset=\"https:\/\/radiojehona.mk\/wp-content\/uploads\/2026\/04\/IMG_1790.jpg.webp 696w, https:\/\/radiojehona.mk\/wp-content\/uploads\/2026\/04\/IMG_1790.jpg-300x182.webp 300w\" sizes=\"(max-width: 696px) 100vw, 696px\" \/><\/figure>\n\n\n\n<p>Presidenti zviceran Guy Parmelin, sot (29 prill) do t\u00eb zhvilloj\u00eb, vizit\u00eb shtet\u00ebrore n\u00eb vend, p\u00ebr t\u00eb cil\u00ebn do t\u00eb vendoset regjim i ve\u00e7ant\u00eb trafiku n\u00eb Shkup, njoftoi Ministria e Pun\u00ebve t\u00eb Brendshme.<\/p>\n\n\n\n<p>Gjat\u00eb k\u00ebsaj vizite, Departamenti i Siguris\u00eb s\u00eb Trafikut Publik do t\u00eb zbatoj\u00eb masa p\u00ebr rregullimin e trafikut n\u00eb pjes\u00ebn qendrore t\u00eb Shkupit.<\/p>\n\n\n\n<p>Ministria e Brendshme u b\u00ebn thirrje t\u00eb gjith\u00eb qytetar\u00ebve, pjes\u00ebmarr\u00ebsve n\u00eb trafik, q\u00eb t\u2019u p\u00ebrmbahen udh\u00ebzimeve t\u00eb l\u00ebshuara nga oficer\u00ebt e policis\u00eb.<\/p>\n","protected":false},"excerpt":{"rendered":"<p>Presidenti zviceran Guy Parmelin, sot (29 prill) do t&euml; zhvilloj&euml;, vizit&euml; shtet&euml;rore n&euml; vend, p&euml;r t&euml; cil&euml;n do t&euml; vendoset regjim i ve&ccedil;ant&euml; trafiku n&euml; Shkup, njoftoi Ministria e Pun&euml;ve t&euml; Brendshme. Gjat&euml; k&euml;saj vizite, Departamenti i Siguris&euml; s&euml; Trafikut Publik do t&euml; zbatoj&euml; masa p&euml;r rregullimin e trafikut n&euml; pjes&euml;n qendrore t&euml; Shkupit. Ministria [&hellip;]<\/p>\n","protected":false},"author":2,"featured_media":49920,"comment_status":"open","ping_status":"closed","sticky":false,"template":"","format":"standard","meta":{"_monsterinsights_skip_tracking":false,"_monsterinsights_sitenote_active":false,"_monsterinsights_sitenote_note":"","_monsterinsights_sitenote_category":0,"footnotes":""},"categories":[1],"tags":[],"class_list":["post-49919","post","type-post","status-publish","format-standard","has-post-thumbnail","hentry","category-vendi"],"_links":{"self":[{"href":"https:\/\/radiojehona.mk\/index.php?rest_route=\/wp\/v2\/posts\/49919","targetHints":{"allow":["GET"]}}],"collection":[{"href":"https:\/\/radiojehona.mk\/index.php?rest_route=\/wp\/v2\/posts"}],"about":[{"href":"https:\/\/radiojehona.mk\/index.php?rest_route=\/wp\/v2\/types\/post"}],"author":[{"embeddable":true,"href":"https:\/\/radiojehona.mk\/index.php?rest_route=\/wp\/v2\/users\/2"}],"replies":[{"embeddable":true,"href":"https:\/\/radiojehona.mk\/index.php?rest_route=%2Fwp%2Fv2%2Fcomments&post=49919"}],"version-history":[{"count":1,"href":"https:\/\/radiojehona.mk\/index.php?rest_route=\/wp\/v2\/posts\/49919\/revisions"}],"predecessor-version":[{"id":49921,"href":"https:\/\/radiojehona.mk\/index.php?rest_route=\/wp\/v2\/posts\/49919\/revisions\/49921"}],"wp:featuredmedia":[{"embeddable":true,"href":"https:\/\/radiojehona.mk\/index.php?rest_route=\/wp\/v2\/media\/49920"}],"wp:attachment":[{"href":"https:\/\/radiojehona.mk\/index.php?rest_route=%2Fwp%2Fv2%2Fmedia&parent=49919"}],"wp:term":[{"taxonomy":"category","embeddable":true,"href":"https:\/\/radiojehona.mk\/index.php?rest_route=%2Fwp%2Fv2%2Fcategories&post=49919"},{"taxonomy":"post_tag","embeddable":true,"href":"https:\/\/radiojehona.mk\/index.php?rest_route=%2Fwp%2Fv2%2Ftags&post=49919"}],"curies":[{"name":"wp","href":"https:\/\/api.w.org\/{rel}","templated":true}]}}