{"id":49916,"date":"2026-04-28T23:04:08","date_gmt":"2026-04-28T23:04:08","guid":{"rendered":"https:\/\/radiojehona.mk\/?p=49916"},"modified":"2026-04-28T23:04:08","modified_gmt":"2026-04-28T23:04:08","slug":"kosova-shkon-ne-zgjedhje-te-reja","status":"publish","type":"post","link":"https:\/\/radiojehona.mk\/?p=49916","title":{"rendered":"Kosova shkon n\u00eb zgjedhje t\u00eb reja"},"content":{"rendered":"\n<figure class=\"wp-block-image size-full\"><img fetchpriority=\"high\" decoding=\"async\" width=\"780\" height=\"470\" src=\"https:\/\/radiojehona.mk\/wp-content\/uploads\/2026\/04\/img_4673.webp\" alt=\"\" class=\"wp-image-49917\" srcset=\"https:\/\/radiojehona.mk\/wp-content\/uploads\/2026\/04\/img_4673.webp 780w, https:\/\/radiojehona.mk\/wp-content\/uploads\/2026\/04\/img_4673-300x181.webp 300w, https:\/\/radiojehona.mk\/wp-content\/uploads\/2026\/04\/img_4673-768x463.webp 768w\" sizes=\"(max-width: 780px) 100vw, 780px\" \/><\/figure>\n\n\n\n<p>N\u00eb munges\u00eb t\u00eb kuorumit, nuk \u00ebsht\u00eb zgjedhur presidenti. N\u00eb seancat q\u00eb u mbajt\u00ebn p\u00ebr zgjedhje t\u00eb presidentit ishin prezent\u00eb vet\u00ebm deputet\u00eb t\u00eb pushtetit, por jo edhe t\u00eb opozit\u00ebs.<a href=\"https:\/\/widgets.mgid.com\/?utm_source=lajmpress.org&amp;utm_medium=referral&amp;utm_campaign=widgets&amp;utm_content=1993883\" target=\"_blank\" rel=\"noreferrer noopener\"><\/a><a href=\"https:\/\/www.mgid.com\/services\/privacy-policy\" target=\"_blank\" rel=\"noreferrer noopener\"><\/a><\/p>\n\n\n\n<p>E marta ishte dita e fundit, bazuar n\u00eb vendimin e Gjykat\u00ebs Kushtetuese, p\u00ebr ta zgjedhur presidentin.<\/p>\n\n\n\n<p>Sipas vendimit, duhet t\u00eb organizohen zgjedhje t\u00eb jasht\u00ebzakonshme jo m\u00eb von\u00eb se 45 dit\u00eb.<\/p>\n\n\n\n<p>K\u00ebto do t\u00eb jen\u00eb zgjedhjet e pesta q\u00eb nga viti i kaluar.<\/p>\n\n\n\n<p>Seanca p\u00ebr zgjedhjen e presidentit nisi t\u00eb h\u00ebn\u00ebn, ku L\u00ebvizja Vet\u00ebvendosje propozoi Feride Rushitin dhe Hatixhe Hoxh\u00ebn si kandidate, n\u00eb munges\u00ebn e arritjes s\u00eb nj\u00eb marr\u00ebveshje. Ndon\u00ebse nuk pati 80 votat e nevojshme, u mbajt raundi i par\u00eb i votimit, ku Rushiti mori 63 vota e nj\u00eb u shpall e pavlefshme. Pati reagime t\u00eb shumta, duke e quajtur antikushtetuese.<\/p>\n\n\n\n<p>Seanca u shty p\u00ebr t\u00eb mart\u00ebn n\u00eb ora 10:00. E u shty s\u00ebrish p\u00ebr n\u00eb ora 14:00, 19:00 dhe e fundit u mbajt n\u00eb ora 23:00.<\/p>\n\n\n\n<p>Mes k\u00ebtyre seancave jan\u00eb mbajtur konferenca p\u00ebr media si nga pushteti ashtu edhe nga partit\u00eb opozitare, q\u00eb kan\u00eb faj\u00ebsuar nj\u00ebra-tjetr\u00ebn p\u00ebr situat\u00ebn.<\/p>\n\n\n\n<p>Kryeministri Albin Kurti e ka quajtur sjelljen e opozit\u00ebs si joshtet\u00ebrore dhe anti-institucionale.<\/p>\n","protected":false},"excerpt":{"rendered":"<p>N&euml; munges&euml; t&euml; kuorumit, nuk &euml;sht&euml; zgjedhur presidenti. N&euml; seancat q&euml; u mbajt&euml;n p&euml;r zgjedhje t&euml; presidentit ishin prezent&euml; vet&euml;m deputet&euml; t&euml; pushtetit, por jo edhe t&euml; opozit&euml;s. E marta ishte dita e fundit, bazuar n&euml; vendimin e Gjykat&euml;s Kushtetuese, p&euml;r ta zgjedhur presidentin. Sipas vendimit, duhet t&euml; organizohen zgjedhje t&euml; jasht&euml;zakonshme jo m&euml; von&euml; [&hellip;]<\/p>\n","protected":false},"author":2,"featured_media":49917,"comment_status":"open","ping_status":"closed","sticky":false,"template":"","format":"standard","meta":{"_monsterinsights_skip_tracking":false,"_monsterinsights_sitenote_active":false,"_monsterinsights_sitenote_note":"","_monsterinsights_sitenote_category":0,"footnotes":""},"categories":[576],"tags":[],"class_list":["post-49916","post","type-post","status-publish","format-standard","has-post-thumbnail","hentry","category-rajoni"],"_links":{"self":[{"href":"https:\/\/radiojehona.mk\/index.php?rest_route=\/wp\/v2\/posts\/49916","targetHints":{"allow":["GET"]}}],"collection":[{"href":"https:\/\/radiojehona.mk\/index.php?rest_route=\/wp\/v2\/posts"}],"about":[{"href":"https:\/\/radiojehona.mk\/index.php?rest_route=\/wp\/v2\/types\/post"}],"author":[{"embeddable":true,"href":"https:\/\/radiojehona.mk\/index.php?rest_route=\/wp\/v2\/users\/2"}],"replies":[{"embeddable":true,"href":"https:\/\/radiojehona.mk\/index.php?rest_route=%2Fwp%2Fv2%2Fcomments&post=49916"}],"version-history":[{"count":1,"href":"https:\/\/radiojehona.mk\/index.php?rest_route=\/wp\/v2\/posts\/49916\/revisions"}],"predecessor-version":[{"id":49918,"href":"https:\/\/radiojehona.mk\/index.php?rest_route=\/wp\/v2\/posts\/49916\/revisions\/49918"}],"wp:featuredmedia":[{"embeddable":true,"href":"https:\/\/radiojehona.mk\/index.php?rest_route=\/wp\/v2\/media\/49917"}],"wp:attachment":[{"href":"https:\/\/radiojehona.mk\/index.php?rest_route=%2Fwp%2Fv2%2Fmedia&parent=49916"}],"wp:term":[{"taxonomy":"category","embeddable":true,"href":"https:\/\/radiojehona.mk\/index.php?rest_route=%2Fwp%2Fv2%2Fcategories&post=49916"},{"taxonomy":"post_tag","embeddable":true,"href":"https:\/\/radiojehona.mk\/index.php?rest_route=%2Fwp%2Fv2%2Ftags&post=49916"}],"curies":[{"name":"wp","href":"https:\/\/api.w.org\/{rel}","templated":true}]}}