{"id":49913,"date":"2026-04-27T18:18:17","date_gmt":"2026-04-27T18:18:17","guid":{"rendered":"https:\/\/radiojehona.mk\/?p=49913"},"modified":"2026-04-27T18:18:17","modified_gmt":"2026-04-27T18:18:17","slug":"pese-te-lenduar-pasi-nje-aeroplan-nga-delhi-per-ne-cyrih-u-detyrua-te-nderprese-ngritjen-per-shkak-te-nje-problemi-me-motorin","status":"publish","type":"post","link":"https:\/\/radiojehona.mk\/?p=49913","title":{"rendered":"Pes\u00eb t\u00eb l\u00ebnduar pasi nj\u00eb aeroplan nga Delhi p\u00ebr n\u00eb Cyrih u detyrua t\u00eb nd\u00ebrpres\u00eb ngritjen p\u00ebr shkak t\u00eb nj\u00eb problemi me motorin"},"content":{"rendered":"\n<figure class=\"wp-block-image size-full\"><img fetchpriority=\"high\" decoding=\"async\" width=\"850\" height=\"478\" src=\"https:\/\/radiojehona.mk\/wp-content\/uploads\/2026\/04\/auto_Untitled123411777213813.jpg\" alt=\"\" class=\"wp-image-49914\" srcset=\"https:\/\/radiojehona.mk\/wp-content\/uploads\/2026\/04\/auto_Untitled123411777213813.jpg 850w, https:\/\/radiojehona.mk\/wp-content\/uploads\/2026\/04\/auto_Untitled123411777213813-300x169.jpg 300w, https:\/\/radiojehona.mk\/wp-content\/uploads\/2026\/04\/auto_Untitled123411777213813-768x432.jpg 768w, https:\/\/radiojehona.mk\/wp-content\/uploads\/2026\/04\/auto_Untitled123411777213813-800x450.jpg 800w\" sizes=\"(max-width: 850px) 100vw, 850px\" \/><\/figure>\n\n\n\n<p>Swiss International tha se nj\u00eb fluturim nga Delhi p\u00ebr n\u00eb Cyrih u detyrua t\u00eb nd\u00ebrpres\u00eb ngritjen her\u00ebt t\u00eb diel\u00ebn pas nj\u00eb problemi me motorin, duke shtuar se kat\u00ebr pasagjer\u00eb dhe nj\u00eb an\u00ebtar i ekuipazhit u l\u00ebnduan.<\/p>\n\n\n\n<p>Linja ajrore nuk dha detaje, por Economic Times raportoi se nj\u00ebri nga motor\u00ebt ishte p\u00ebrfshir\u00eb nga flak\u00ebt nd\u00ebrsa aeroplani po p\u00ebrshpejtonte n\u00eb nj\u00eb pist\u00eb dhe se pasagjer\u00ebt u l\u00ebnduan gjat\u00eb nj\u00eb evakuimi emergjent.<\/p>\n\n\n\n<p>&#8220;Pak pas or\u00ebs 1 t\u00eb m\u00ebngjesit sipas or\u00ebs lokale m\u00eb 26 prill, ndodhi nj\u00eb problem me nj\u00eb nga motor\u00ebt gjat\u00eb ngritjes s\u00eb fluturimit LX147 n\u00eb Delhi. Ekuipazhi nd\u00ebrpreu ngritjen dhe, pasi vler\u00ebsoi situat\u00ebn, vendosi si mas\u00eb paraprake t\u00eb evakuonte avionin&#8221;, ka th\u00ebn\u00eb Swiss International n\u00eb nj\u00eb deklarat\u00eb, shkruajn\u00eb mediat e huaja.<\/p>\n\n\n\n<p>Ajo tha se kishte ngritur nj\u00eb grup pune p\u00ebr t\u00eb hetuar incidentin, duke shtuar se pasagjer\u00ebt e l\u00ebnduar u d\u00ebrguan n\u00eb spital, nd\u00ebrsa an\u00ebtari i ekuipazhit kishte p\u00ebsuar nj\u00eb l\u00ebndim t\u00eb ky\u00e7it t\u00eb k\u00ebmb\u00ebs.<\/p>\n\n\n\n<p>Linja ajrore kishte th\u00ebn\u00eb m\u00eb par\u00eb se gjasht\u00eb pasagjer\u00eb ishin l\u00ebnduar, por e kishte rishikuar numrin.<\/p>\n\n\n\n<p>N\u00eb bordin e aeroplanit, i cili ishte nj\u00eb Airbus A330, ndodheshin 228 pasagjer\u00eb, kat\u00ebr foshnje dhe 13 an\u00ebtar\u00eb t\u00eb ekuipazhit.<\/p>\n\n\n\n<p>Aeroporti Nd\u00ebrkomb\u00ebtar Indira Gandhi i Delhit shpalli gjendje emergjente pas incidentit, por operacionet n\u00eb pist\u00eb kan\u00eb rifilluar q\u00eb at\u00ebher\u00eb, tha nj\u00eb burim i njohur me \u00e7\u00ebshtjen, i cili nuk ishte i autorizuar t\u00eb fliste p\u00ebr k\u00ebt\u00eb \u00e7\u00ebshtje dhe nuk pranoi t\u00eb identifikohej.<\/p>\n","protected":false},"excerpt":{"rendered":"<p>Swiss International tha se nj&euml; fluturim nga Delhi p&euml;r n&euml; Cyrih u detyrua t&euml; nd&euml;rpres&euml; ngritjen her&euml;t t&euml; diel&euml;n pas nj&euml; problemi me motorin, duke shtuar se kat&euml;r pasagjer&euml; dhe nj&euml; an&euml;tar i ekuipazhit u l&euml;nduan. Linja ajrore nuk dha detaje, por Economic Times raportoi se nj&euml;ri nga motor&euml;t ishte p&euml;rfshir&euml; nga flak&euml;t nd&euml;rsa aeroplani [&hellip;]<\/p>\n","protected":false},"author":2,"featured_media":49914,"comment_status":"open","ping_status":"closed","sticky":false,"template":"","format":"standard","meta":{"_monsterinsights_skip_tracking":false,"_monsterinsights_sitenote_active":false,"_monsterinsights_sitenote_note":"","_monsterinsights_sitenote_category":0,"footnotes":""},"categories":[569],"tags":[],"class_list":["post-49913","post","type-post","status-publish","format-standard","has-post-thumbnail","hentry","category-bota"],"_links":{"self":[{"href":"https:\/\/radiojehona.mk\/index.php?rest_route=\/wp\/v2\/posts\/49913","targetHints":{"allow":["GET"]}}],"collection":[{"href":"https:\/\/radiojehona.mk\/index.php?rest_route=\/wp\/v2\/posts"}],"about":[{"href":"https:\/\/radiojehona.mk\/index.php?rest_route=\/wp\/v2\/types\/post"}],"author":[{"embeddable":true,"href":"https:\/\/radiojehona.mk\/index.php?rest_route=\/wp\/v2\/users\/2"}],"replies":[{"embeddable":true,"href":"https:\/\/radiojehona.mk\/index.php?rest_route=%2Fwp%2Fv2%2Fcomments&post=49913"}],"version-history":[{"count":1,"href":"https:\/\/radiojehona.mk\/index.php?rest_route=\/wp\/v2\/posts\/49913\/revisions"}],"predecessor-version":[{"id":49915,"href":"https:\/\/radiojehona.mk\/index.php?rest_route=\/wp\/v2\/posts\/49913\/revisions\/49915"}],"wp:featuredmedia":[{"embeddable":true,"href":"https:\/\/radiojehona.mk\/index.php?rest_route=\/wp\/v2\/media\/49914"}],"wp:attachment":[{"href":"https:\/\/radiojehona.mk\/index.php?rest_route=%2Fwp%2Fv2%2Fmedia&parent=49913"}],"wp:term":[{"taxonomy":"category","embeddable":true,"href":"https:\/\/radiojehona.mk\/index.php?rest_route=%2Fwp%2Fv2%2Fcategories&post=49913"},{"taxonomy":"post_tag","embeddable":true,"href":"https:\/\/radiojehona.mk\/index.php?rest_route=%2Fwp%2Fv2%2Ftags&post=49913"}],"curies":[{"name":"wp","href":"https:\/\/api.w.org\/{rel}","templated":true}]}}