{"id":49910,"date":"2026-04-27T18:16:39","date_gmt":"2026-04-27T18:16:39","guid":{"rendered":"https:\/\/radiojehona.mk\/?p=49910"},"modified":"2026-04-27T18:16:40","modified_gmt":"2026-04-27T18:16:40","slug":"merz-shba-ja-po-poshterohet-nga-udheheqja-iraniane","status":"publish","type":"post","link":"https:\/\/radiojehona.mk\/?p=49910","title":{"rendered":"Merz: SHBA-ja po posht\u00ebrohet nga udh\u00ebheqja iraniane"},"content":{"rendered":"\n<figure class=\"wp-block-image size-full\"><img fetchpriority=\"high\" decoding=\"async\" width=\"768\" height=\"538\" src=\"https:\/\/radiojehona.mk\/wp-content\/uploads\/2026\/04\/IMG_8937-768x538-1.webp\" alt=\"\" class=\"wp-image-49911\" srcset=\"https:\/\/radiojehona.mk\/wp-content\/uploads\/2026\/04\/IMG_8937-768x538-1.webp 768w, https:\/\/radiojehona.mk\/wp-content\/uploads\/2026\/04\/IMG_8937-768x538-1-300x210.webp 300w\" sizes=\"(max-width: 768px) 100vw, 768px\" \/><\/figure>\n\n\n\n<p>Kancelari gjerman Friedrich Merz thot\u00eb se Shtetet e Bashkuara po \u201cposht\u00ebrohen nga udh\u00ebheqja iraniane\u201d, duke shtuar se zyrtar\u00ebt amerikan\u00eb po udh\u00ebtojn\u00eb deri n\u00eb Pakistan dhe po kthehen pa asnj\u00eb rezultat, n\u00eb nj\u00eb kritik\u00eb t\u00eb pazakont\u00eb t\u00eb drejtp\u00ebrdrejt\u00eb mbi konfliktin.<\/p>\n\n\n\n<p>Merz gjithashtu thot\u00eb se nuk e sheh se \u00e7far\u00eb strategjie daljeje po ndjek SHBA n\u00eb luft\u00ebn me Iranin, komente q\u00eb theksojn\u00eb p\u00ebr\u00e7arje t\u00eb thella mes Uashingtonit dhe aleat\u00ebve t\u00eb tij europian\u00eb n\u00eb NATO, t\u00eb cilat tashm\u00eb ishin t\u00eb dukshme edhe p\u00ebr \u00e7\u00ebshtjen e Ukrain\u00ebs dhe tema t\u00eb tjera.<\/p>\n\n\n\n<p>\u201cIranian\u00ebt jan\u00eb qartazi shum\u00eb t\u00eb aft\u00eb n\u00eb negociata, ose m\u00eb sakt\u00eb, shum\u00eb t\u00eb aft\u00eb p\u00ebr t\u00eb mos negociuar, duke i l\u00ebn\u00eb amerikan\u00ebt t\u00eb udh\u00ebtojn\u00eb drejt Islamabadit dhe m\u00eb pas t\u00eb largohen pa asnj\u00eb rezultat,\u201d tha ai gjat\u00eb nj\u00eb bisede me student\u00eb n\u00eb qytetin Marsberg.<\/p>\n\n\n\n<p>\u201cNj\u00eb komb i t\u00ebr\u00eb po posht\u00ebrohet nga udh\u00ebheqja iraniane, ve\u00e7an\u00ebrisht nga t\u00eb ashtuquajturat Garda Revolucionare. Dhe shpresoj q\u00eb kjo t\u00eb p\u00ebrfundoj\u00eb sa m\u00eb shpejt t\u00eb jet\u00eb e mundur,\u201d shtoi ai.<\/p>\n\n\n\n<p>Merz p\u00ebrs\u00ebriti se gjerman\u00ebt dhe europian\u00ebt nuk jan\u00eb konsultuar p\u00ebrpara se SHBA dhe Izraeli t\u00eb nisnin sulmet ndaj Iranit m\u00eb 28 shkurt, dhe se ai ia kishte shprehur drejtp\u00ebrdrejt skepticizmin e tij presidentit amerikan Donald Trump m\u00eb pas.<\/p>\n\n\n\n<p>\u201cN\u00ebse do ta kisha ditur q\u00eb kjo do t\u00eb vazhdonte p\u00ebr pes\u00eb ose gjasht\u00eb jav\u00eb dhe do t\u00eb p\u00ebrkeq\u00ebsohej vazhdimisht, do t\u2019ia kisha th\u00ebn\u00eb edhe m\u00eb me forc\u00eb,\u201d tha Merz, duke e krahasuar situat\u00ebn me luft\u00ebrat e m\u00ebparshme t\u00eb SHBA-ve n\u00eb Irak dhe Afganistan.<\/p>\n\n\n\n<p>Merz shtoi se \u00ebsht\u00eb e qart\u00eb q\u00eb Ngushtica e Hormuzit \u00ebsht\u00eb minuar t\u00eb pakt\u00ebn pjes\u00ebrisht. \u201cNe kemi ofruar, gjithashtu si europian\u00eb, t\u00eb d\u00ebrgojm\u00eb anije gjermane p\u00ebr pastrimin e minave p\u00ebr t\u00eb pastruar ngushtic\u00ebn, e cila duksh\u00ebm \u00ebsht\u00eb minuar pjes\u00ebrisht,\u201d tha ai.<\/p>\n","protected":false},"excerpt":{"rendered":"<p>Kancelari gjerman Friedrich Merz thot&euml; se Shtetet e Bashkuara po &ldquo;posht&euml;rohen nga udh&euml;heqja iraniane&rdquo;, duke shtuar se zyrtar&euml;t amerikan&euml; po udh&euml;tojn&euml; deri n&euml; Pakistan dhe po kthehen pa asnj&euml; rezultat, n&euml; nj&euml; kritik&euml; t&euml; pazakont&euml; t&euml; drejtp&euml;rdrejt&euml; mbi konfliktin. Merz gjithashtu thot&euml; se nuk e sheh se &ccedil;far&euml; strategjie daljeje po ndjek SHBA n&euml; luft&euml;n [&hellip;]<\/p>\n","protected":false},"author":2,"featured_media":49911,"comment_status":"open","ping_status":"closed","sticky":false,"template":"","format":"standard","meta":{"_monsterinsights_skip_tracking":false,"_monsterinsights_sitenote_active":false,"_monsterinsights_sitenote_note":"","_monsterinsights_sitenote_category":0,"footnotes":""},"categories":[569],"tags":[],"class_list":["post-49910","post","type-post","status-publish","format-standard","has-post-thumbnail","hentry","category-bota"],"_links":{"self":[{"href":"https:\/\/radiojehona.mk\/index.php?rest_route=\/wp\/v2\/posts\/49910","targetHints":{"allow":["GET"]}}],"collection":[{"href":"https:\/\/radiojehona.mk\/index.php?rest_route=\/wp\/v2\/posts"}],"about":[{"href":"https:\/\/radiojehona.mk\/index.php?rest_route=\/wp\/v2\/types\/post"}],"author":[{"embeddable":true,"href":"https:\/\/radiojehona.mk\/index.php?rest_route=\/wp\/v2\/users\/2"}],"replies":[{"embeddable":true,"href":"https:\/\/radiojehona.mk\/index.php?rest_route=%2Fwp%2Fv2%2Fcomments&post=49910"}],"version-history":[{"count":1,"href":"https:\/\/radiojehona.mk\/index.php?rest_route=\/wp\/v2\/posts\/49910\/revisions"}],"predecessor-version":[{"id":49912,"href":"https:\/\/radiojehona.mk\/index.php?rest_route=\/wp\/v2\/posts\/49910\/revisions\/49912"}],"wp:featuredmedia":[{"embeddable":true,"href":"https:\/\/radiojehona.mk\/index.php?rest_route=\/wp\/v2\/media\/49911"}],"wp:attachment":[{"href":"https:\/\/radiojehona.mk\/index.php?rest_route=%2Fwp%2Fv2%2Fmedia&parent=49910"}],"wp:term":[{"taxonomy":"category","embeddable":true,"href":"https:\/\/radiojehona.mk\/index.php?rest_route=%2Fwp%2Fv2%2Fcategories&post=49910"},{"taxonomy":"post_tag","embeddable":true,"href":"https:\/\/radiojehona.mk\/index.php?rest_route=%2Fwp%2Fv2%2Ftags&post=49910"}],"curies":[{"name":"wp","href":"https:\/\/api.w.org\/{rel}","templated":true}]}}