{"id":49907,"date":"2026-04-27T18:13:50","date_gmt":"2026-04-27T18:13:50","guid":{"rendered":"https:\/\/radiojehona.mk\/?p=49907"},"modified":"2026-04-27T18:13:50","modified_gmt":"2026-04-27T18:13:50","slug":"aliu-do-ti-japim-fund-mitos-ne-shendetesi-qytetaret-nuk-besojne","status":"publish","type":"post","link":"https:\/\/radiojehona.mk\/?p=49907","title":{"rendered":"Aliu: Do t\u2019i japim fund mitos n\u00eb sh\u00ebndet\u00ebsi, qytetar\u00ebt nuk besojn\u00eb"},"content":{"rendered":"\n<figure class=\"wp-block-image size-full\"><img fetchpriority=\"high\" decoding=\"async\" width=\"696\" height=\"402\" src=\"https:\/\/radiojehona.mk\/wp-content\/uploads\/2026\/04\/inbound5366763285487597457-696x402-1.png\" alt=\"\" class=\"wp-image-49908\" srcset=\"https:\/\/radiojehona.mk\/wp-content\/uploads\/2026\/04\/inbound5366763285487597457-696x402-1.png 696w, https:\/\/radiojehona.mk\/wp-content\/uploads\/2026\/04\/inbound5366763285487597457-696x402-1-300x173.png 300w\" sizes=\"(max-width: 696px) 100vw, 696px\" \/><\/figure>\n\n\n\n<p>Ministri i Sh\u00ebndet\u00ebsis\u00eb, Azir Aliu paralajm\u00ebroi se p\u00ebrmes rregullimit t\u00eb list\u00ebs s\u00eb pritjes s\u00eb pacient\u00ebve p\u00ebr nd\u00ebrhyrje kirurgjike do t\u00eb ndalohet praktika e mitos p\u00ebr k\u00ebt\u00eb \u00e7\u00ebshtje.<\/p>\n\n\n\n<p>Megjithat\u00eb, qytetar\u00ebt thon\u00eb se realiteti n\u00eb terren vazhdon t\u00eb jet\u00eb ndryshe. Sipas tyre, pa ryshfet dhe pa nd\u00ebrhyrje nga njohjet, procedurat shpesh vonohen, duke i detyruar pacient\u00ebt t\u00eb presin me muaj t\u00eb t\u00ebr\u00eb p\u00ebr nd\u00ebrhyrje.<a href=\"https:\/\/www.ora24.tv\/aliu-do-ti-japim-fund-mitos-ne-shendetesi-qytetaret-nuk-besojne\/#\"><\/a><\/p>\n\n\n\n<p>\u201cN\u00ebse nuk ke miq, nuk ke asgj\u00eb. \u00c7far\u00eb t\u00eb ju them\u2026.shkurt\u00eb e qart\u00eb n\u00ebse ke para ke menj\u00ebher\u00eb operacion, n\u00ebse nuk ke para nuk t\u00eb p\u00ebrfillin\u201d, u shpreh nj\u00eb qytetar\u00eb.<\/p>\n\n\n\n<p>\u201cPo pritet, mundet nj\u00eb muaj, dy ose m\u00eb shum\u00eb \u2026. kam pasur operacion p\u00ebr hernia, kam miq dhe m\u00eb kan\u00eb p\u00ebrfunduar pun\u00eb menj\u00ebher\u00eb\u201d, tha nj\u00eb tjet\u00ebr qytetar\u00eb.<\/p>\n","protected":false},"excerpt":{"rendered":"<p>Ministri i Sh&euml;ndet&euml;sis&euml;, Azir Aliu paralajm&euml;roi se p&euml;rmes rregullimit t&euml; list&euml;s s&euml; pritjes s&euml; pacient&euml;ve p&euml;r nd&euml;rhyrje kirurgjike do t&euml; ndalohet praktika e mitos p&euml;r k&euml;t&euml; &ccedil;&euml;shtje. Megjithat&euml;, qytetar&euml;t thon&euml; se realiteti n&euml; terren vazhdon t&euml; jet&euml; ndryshe. Sipas tyre, pa ryshfet dhe pa nd&euml;rhyrje nga njohjet, procedurat shpesh vonohen, duke i detyruar pacient&euml;t t&euml; [&hellip;]<\/p>\n","protected":false},"author":2,"featured_media":49908,"comment_status":"open","ping_status":"closed","sticky":false,"template":"","format":"standard","meta":{"_monsterinsights_skip_tracking":false,"_monsterinsights_sitenote_active":false,"_monsterinsights_sitenote_note":"","_monsterinsights_sitenote_category":0,"footnotes":""},"categories":[1],"tags":[],"class_list":["post-49907","post","type-post","status-publish","format-standard","has-post-thumbnail","hentry","category-vendi"],"_links":{"self":[{"href":"https:\/\/radiojehona.mk\/index.php?rest_route=\/wp\/v2\/posts\/49907","targetHints":{"allow":["GET"]}}],"collection":[{"href":"https:\/\/radiojehona.mk\/index.php?rest_route=\/wp\/v2\/posts"}],"about":[{"href":"https:\/\/radiojehona.mk\/index.php?rest_route=\/wp\/v2\/types\/post"}],"author":[{"embeddable":true,"href":"https:\/\/radiojehona.mk\/index.php?rest_route=\/wp\/v2\/users\/2"}],"replies":[{"embeddable":true,"href":"https:\/\/radiojehona.mk\/index.php?rest_route=%2Fwp%2Fv2%2Fcomments&post=49907"}],"version-history":[{"count":1,"href":"https:\/\/radiojehona.mk\/index.php?rest_route=\/wp\/v2\/posts\/49907\/revisions"}],"predecessor-version":[{"id":49909,"href":"https:\/\/radiojehona.mk\/index.php?rest_route=\/wp\/v2\/posts\/49907\/revisions\/49909"}],"wp:featuredmedia":[{"embeddable":true,"href":"https:\/\/radiojehona.mk\/index.php?rest_route=\/wp\/v2\/media\/49908"}],"wp:attachment":[{"href":"https:\/\/radiojehona.mk\/index.php?rest_route=%2Fwp%2Fv2%2Fmedia&parent=49907"}],"wp:term":[{"taxonomy":"category","embeddable":true,"href":"https:\/\/radiojehona.mk\/index.php?rest_route=%2Fwp%2Fv2%2Fcategories&post=49907"},{"taxonomy":"post_tag","embeddable":true,"href":"https:\/\/radiojehona.mk\/index.php?rest_route=%2Fwp%2Fv2%2Ftags&post=49907"}],"curies":[{"name":"wp","href":"https:\/\/api.w.org\/{rel}","templated":true}]}}